{"id":5302,"date":"2024-10-03T13:59:48","date_gmt":"2024-10-03T13:59:48","guid":{"rendered":"https:\/\/defensoriaparana.com.ar\/?p=5302"},"modified":"2024-10-03T14:38:42","modified_gmt":"2024-10-03T14:38:42","slug":"defensoria-expuso-informe-anual-concejo-deliberante","status":"publish","type":"post","link":"https:\/\/defensoriaparana.com.ar\/index.php\/2024\/10\/03\/defensoria-expuso-informe-anual-concejo-deliberante\/","title":{"rendered":"La Defensor\u00eda del Pueblo expuso su informe anual al Concejo Deliberante"},"content":{"rendered":"<p>La Defensor\u00eda del Pueblo de Paran\u00e1 expuso al Honorable Concejo Deliberante de la ciudad su informe anual, el cual comprende las tareas realizadas desde la instituci\u00f3n entre el 15 de septiembre de 2023 y el 15 de septiembre de 2024.<\/p>\n<p>La presentaci\u00f3n fue desarrollada en el recinto legislativo municipal el primero de octubre y fue encabeza por la titular de la instituci\u00f3n, Marc\u00eda L\u00f3pez, y participaron la Defensora Adjunta, Cecilia Pautaso; la Defensora de Personas Mayores, Ligia Blanco; la Coordinadora del Centro de Mediaci\u00f3n, Irina Chausovsky, y la Directora de Servicios Ciudadanos, Silvia Pidoux, quienes tambi\u00e9n brindaron detalles sobre las acciones llevadas adelante en sus respectivas dependencias.<\/p>\n<p>En este sentido, L\u00f3pez destac\u00f3 en su alocuci\u00f3n que \u201ceste a\u00f1o, adem\u00e1s de presentarlo como corresponde a la Secretaria del Concejo, en formato papel y digital, tambi\u00e9n quisimos compartir un espacio con los concejales y concejalas para contarles cu\u00e1l fue nuestro trabajo durante esta gesti\u00f3n, la cual hoy precisamente est\u00e1 cumpliendo cuatro a\u00f1os desde su inicio\u201d.<\/p>\n<p>Respecto a la presentaci\u00f3n del informe, la titular de la instituci\u00f3n puntualiz\u00f3 que \u201cnuestro trabajo con la ciudadan\u00eda se realiza dentro y fuera de la Defensor\u00eda a trav\u00e9s de talleres, disertaciones, mesas de facilitaciones de di\u00e1logo, entre otras tareas\u201d.<\/p>\n<p>\u201cPor eso estamos aqu\u00ed para brindar una estad\u00edstica cuantitativa y cualitativa de cu\u00e1les fueron los derechos reclamados. Asimismo, L\u00f3pez especific\u00f3 que \u201cun 72% de nuestras acciones corresponden a temas de \u00edndoles local y provincial, un 15% al \u00c1rea de Mediaci\u00f3n, y un 13% a reclamos nacionales\u201d.<\/p>\n<p>Siguiendo esta l\u00ednea, explic\u00f3 que las tareas realizadas por la Defensor\u00eda representan en un 42% a Derechos civiles y pol\u00edticos; un 38% a Servicios municipales; un 16% a derechos Econ\u00f3micos, sociales y culturales, y un 1% a los derechos relacionados con las personas mayores\u201d.<\/p>\n<figure id=\"attachment_5316\" aria-describedby=\"caption-attachment-5316\" style=\"width: 960px\" class=\"wp-caption aligncenter\"><img loading=\"lazy\" class=\"wp-image-5316 size-large\" src=\"http:\/\/defensoriaparana.com.ar\/wp-content\/uploads\/2024\/10\/1-1-scaled-e1727963288482-1024x498.jpeg\" alt=\"\" width=\"960\" height=\"467\" srcset=\"https:\/\/defensoriaparana.com.ar\/wp-content\/uploads\/2024\/10\/1-1-scaled-e1727963288482-1024x498.jpeg 1024w, https:\/\/defensoriaparana.com.ar\/wp-content\/uploads\/2024\/10\/1-1-scaled-e1727963288482-300x146.jpeg 300w, https:\/\/defensoriaparana.com.ar\/wp-content\/uploads\/2024\/10\/1-1-scaled-e1727963288482-768x374.jpeg 768w, https:\/\/defensoriaparana.com.ar\/wp-content\/uploads\/2024\/10\/1-1-scaled-e1727963288482-1536x747.jpeg 1536w, https:\/\/defensoriaparana.com.ar\/wp-content\/uploads\/2024\/10\/1-1-scaled-e1727963288482.jpeg 1920w\" sizes=\"(max-width: 960px) 100vw, 960px\" \/><figcaption id=\"caption-attachment-5316\" class=\"wp-caption-text\">La Directora de Servicios Ciudadanos, Silvia Pidoux, durante su alocuci\u00f3n.<\/figcaption><\/figure>\n<p>\u201cRespecto a los derechos civiles, nuestras tareas tienen m\u00e1s que ver con los derechos identitarios (otorgamiento del DNI o partidas de nacimiento, por ejemplo), pero tambi\u00e9n aquellas relacionadas al cuidado de la integridad f\u00edsica y ps\u00edquica, y a la violencia laboral\u201d, continu\u00f3 la titular de la Defensor\u00eda.<\/p>\n<p>\u201cEn cuanto a los Servicios municipales, un 28% tienen que ver con el acceso a la red de agua potable; y a los Derechos econ\u00f3micos, sociales y culturales, un 39% corresponden a los derechos de los consumidores\u201d, detall\u00f3.<\/p>\n<p>\u201cEn lo relacionado con los derechos a personas mayores, un 60% de las acciones tuvieron que ver con la seguridad y una vida libre de violencias; a situaciones de riesgo, un 20%; a aquellas que reciben cuidados a largo plazo, un 15%; y un 5% al asesoramiento en el \u00e1mbito de la salud\u201d, finaliz\u00f3 L\u00f3pez en relaci\u00f3n a la estad\u00edstica realizada desde la Defensor\u00eda.<\/p>\n<figure id=\"attachment_5318\" aria-describedby=\"caption-attachment-5318\" style=\"width: 217px\" class=\"wp-caption alignleft\"><img loading=\"lazy\" class=\"wp-image-5318 size-medium\" src=\"http:\/\/defensoriaparana.com.ar\/wp-content\/uploads\/2024\/10\/1-4-scaled-e1727963480612-217x300.jpeg\" alt=\"\" width=\"217\" height=\"300\" srcset=\"https:\/\/defensoriaparana.com.ar\/wp-content\/uploads\/2024\/10\/1-4-scaled-e1727963480612-217x300.jpeg 217w, https:\/\/defensoriaparana.com.ar\/wp-content\/uploads\/2024\/10\/1-4-scaled-e1727963480612-740x1024.jpeg 740w, https:\/\/defensoriaparana.com.ar\/wp-content\/uploads\/2024\/10\/1-4-scaled-e1727963480612-768x1062.jpeg 768w, https:\/\/defensoriaparana.com.ar\/wp-content\/uploads\/2024\/10\/1-4-scaled-e1727963480612-1111x1536.jpeg 1111w, https:\/\/defensoriaparana.com.ar\/wp-content\/uploads\/2024\/10\/1-4-scaled-e1727963480612.jpeg 1337w\" sizes=\"(max-width: 217px) 100vw, 217px\" \/><figcaption id=\"caption-attachment-5318\" class=\"wp-caption-text\">Irina Chausovsky, Coordinadora del Centro de Mediaci\u00f3n, durante su presentaci\u00f3n.<\/figcaption><\/figure>\n<p>En lo que refiere al 2024, L\u00f3pez explic\u00f3 que \u201ceste a\u00f1o nuestra labor aument\u00f3 tambi\u00e9n en funci\u00f3n de las pol\u00edticas impulsadas a nivel nacional, las cuales incluyen el cierre de algunos organismos como lo son el Instituto Nacional contra la Discriminaci\u00f3n, la Xenofobia y el Racismo (INADI) o el Ente Nacional de Comunicaciones (Enacom), entidades que funcionaban dentro del \u00e1mbito de nuestra jurisdicci\u00f3n\u201d.<\/p>\n<p>\u201cEsto provoc\u00f3 que muchas personas no puedan acceder a determinados derechos que se ven\u00edan gestionando desde esas instituciones, por lo cual acuden a la Defensor\u00eda del Pueblo para saber cu\u00e1l camino seguir para poder acceder a ellos\u201d, agreg\u00f3 luego.<\/p>\n<p>Por su parte, la Defensora Adjunta de la instituci\u00f3n, Cecilia Pautaso, expuso durante su alocuci\u00f3n sobre el trabajo coordinado con la Asociaci\u00f3n de Defensores del Pueblo de la Rep\u00fablica Argentina (ADPRA), la cual nuclea m\u00e1s de 60 defensor\u00edas de todo el pa\u00eds, tanto municipales como provinciales.<\/p>\n<p>\u201cEs la herramienta que tenemos para realizar planteos ante organismos nacionales, ya que hace muchos a\u00f1os no contamos con una Defensor\u00eda nacional ni tampoco una provincial, y a esto lo reiteramos en todos los plenarios porque estamos convencidos de que es un instrumento de defensa efectiva de la democracia\u201d, argument\u00f3 Pautaso.<\/p>\n<p>\u201cHoy cumplimos 30 a\u00f1os desde la Reforma Constitucional, y en una celebraci\u00f3n realizada en la Facultad de Derecho en Santa Fe, firmamos un convenio con la Agencia de Acceso a la Informaci\u00f3n P\u00fablica porque entendemos que es muy importante trabajar de manera conjunta para recibir esa informaci\u00f3n , \u201cConversamos sobre promover la cooperaci\u00f3n, la protecci\u00f3n de los derechos ciudadanos y realizar acciones de sensibilizaci\u00f3n, capacitaci\u00f3n y difusi\u00f3n en torno al acceso e informaci\u00f3n p\u00fablica\u201d, fundament\u00f3 la Defensora Adjunta.<\/p>\n<p>\u201cNos preocupan la cuesti\u00f3n energ\u00e9tica, la salud y las obras inconclusas en vialidad nacional\u201d, coment\u00f3 para luego agregar que adem\u00e1s \u201ctrabajamos sobre el principio de progresividad y no regresividad de los derechos humanos, la igualdad y la no discriminaci\u00f3n hacia las mujeres. Esto tambi\u00e9n es una obligaci\u00f3n del Estado en garantizarlo\u201d, enfatiz\u00f3.<\/p>\n<p>Asimismo, mencion\u00f3 la cooperaci\u00f3n de la Defensor\u00eda en el \u00e1mbito internacional, participando activamente de la Federaci\u00f3n Iberoamericana de Ombudsperson y del Instituto Latinoamericano de Ombudsman.<\/p>\n<figure id=\"attachment_5319\" aria-describedby=\"caption-attachment-5319\" style=\"width: 960px\" class=\"wp-caption aligncenter\"><img loading=\"lazy\" class=\"wp-image-5319 size-large\" src=\"http:\/\/defensoriaparana.com.ar\/wp-content\/uploads\/2024\/10\/1-5-scaled-e1727963607545-1024x386.jpeg\" alt=\"\" width=\"960\" height=\"362\" srcset=\"https:\/\/defensoriaparana.com.ar\/wp-content\/uploads\/2024\/10\/1-5-scaled-e1727963607545-1024x386.jpeg 1024w, https:\/\/defensoriaparana.com.ar\/wp-content\/uploads\/2024\/10\/1-5-scaled-e1727963607545-300x113.jpeg 300w, https:\/\/defensoriaparana.com.ar\/wp-content\/uploads\/2024\/10\/1-5-scaled-e1727963607545-768x289.jpeg 768w, https:\/\/defensoriaparana.com.ar\/wp-content\/uploads\/2024\/10\/1-5-scaled-e1727963607545-1536x578.jpeg 1536w, https:\/\/defensoriaparana.com.ar\/wp-content\/uploads\/2024\/10\/1-5-scaled-e1727963607545.jpeg 1920w\" sizes=\"(max-width: 960px) 100vw, 960px\" \/><figcaption id=\"caption-attachment-5319\" class=\"wp-caption-text\">Pautaso detall\u00f3 sobre el trabajo coordinado con ADPRA.<\/figcaption><\/figure>\n<p>En relaci\u00f3n al plano nacional, Pautaso destac\u00f3 que \u201choy que m\u00e1s de la mitad de nuestra poblaci\u00f3n est\u00e1 en la l\u00ednea de pobreza, y m\u00e1s del 20% ciento en una carencia extrema, as\u00ed que indudablemente tambi\u00e9n desde Defensor\u00eda nos sumamos a contribuir en esta tarea\u201d.<\/p>\n<p>Sobre este punto, remarc\u00f3 que \u201cADPRA firm\u00f3 un acuerdo con la Red de Bancos de Alimentos, y que nuestra provincia tambi\u00e9n posee uno, donde nos disponemos a colaborar en todo lo que refiere a la distribuci\u00f3n, acercamiento y equidad para que lleguen los alimentos a los comedores comunitarios, a las vecinales y a las escuelas. Estamos hablando de alimentos que est\u00e1n cercanos a su vencimiento o en condici\u00f3n de superproducci\u00f3n, por lo que necesitan r\u00e1pidamente ser colocados para evitar su desperdicio, en especial frente a una situaci\u00f3n alarmante de hambre\u201d.<\/p>\n<p>Finalmente, L\u00f3pez cerr\u00f3 la exposici\u00f3n del informe 2023\/2024 y record\u00f3 que \u201chace ya 21 a\u00f1os desde que la ordenanza N\u00b0 8391 cre\u00f3 en 2002 esta Defensor\u00eda. Hoy existen muchas situaciones que exceden este marco normativo pensado en aqu\u00e9l momento. Por lo tanto, hay que actualizar la reglamentaci\u00f3n vigente y por eso hemos presentado a la comisi\u00f3n de enlace un proyecto de modificaci\u00f3n de dicha ordenanza\u201d.<\/p>\n<p>\u201cVenimos hoy a reafirmar nuestro compromiso con la sociedad en la respuesta a las demandas que la ciudadan\u00eda de Paran\u00e1 tenga en relaci\u00f3n a la restituci\u00f3n de sus derechos vulnerados. La responsabilidad, la transparencia y el compromiso con los valores democr\u00e1ticos siempre han sido los ejes que nos inspiran como gesti\u00f3n de la Defensor\u00eda\u201d, concluy\u00f3 la titular de la entidad.<\/p>\n<p>Por otro lado, ya se encuentra disponible en la p\u00e1gina web de la Defensor\u00eda el <a href=\"https:\/\/drive.google.com\/file\/d\/1Y5zoTRpTTJc5DzmZyMRklSjR9kYc68YU\/view?usp=drive_link\">informe 2023\/2024 completo y en formato digital<\/a>.<\/p>\n","protected":false},"excerpt":{"rendered":"<p>La Defensor\u00eda del Pueblo de Paran\u00e1 expuso al Honorable Concejo Deliberante de la ciudad su informe anual, el cual comprende las tareas realizadas desde la instituci\u00f3n entre el 15 de septiembre de 2023 y el 15 de septiembre de 2024. La presentaci\u00f3n fue desarrollada en el recinto legislativo municipal el primero de octubre y fue [&hellip;]<\/p>\n","protected":false},"author":2,"featured_media":5315,"comment_status":"open","ping_status":"open","sticky":false,"template":"","format":"standard","meta":{"om_disable_all_campaigns":false,"_monsterinsights_skip_tracking":false,"_monsterinsights_sitenote_active":false,"_monsterinsights_sitenote_note":"","_monsterinsights_sitenote_category":0},"categories":[1],"tags":[],"_links":{"self":[{"href":"https:\/\/defensoriaparana.com.ar\/index.php\/wp-json\/wp\/v2\/posts\/5302"}],"collection":[{"href":"https:\/\/defensoriaparana.com.ar\/index.php\/wp-json\/wp\/v2\/posts"}],"about":[{"href":"https:\/\/defensoriaparana.com.ar\/index.php\/wp-json\/wp\/v2\/types\/post"}],"author":[{"embeddable":true,"href":"https:\/\/defensoriaparana.com.ar\/index.php\/wp-json\/wp\/v2\/users\/2"}],"replies":[{"embeddable":true,"href":"https:\/\/defensoriaparana.com.ar\/index.php\/wp-json\/wp\/v2\/comments?post=5302"}],"version-history":[{"count":8,"href":"https:\/\/defensoriaparana.com.ar\/index.php\/wp-json\/wp\/v2\/posts\/5302\/revisions"}],"predecessor-version":[{"id":5327,"href":"https:\/\/defensoriaparana.com.ar\/index.php\/wp-json\/wp\/v2\/posts\/5302\/revisions\/5327"}],"wp:featuredmedia":[{"embeddable":true,"href":"https:\/\/defensoriaparana.com.ar\/index.php\/wp-json\/wp\/v2\/media\/5315"}],"wp:attachment":[{"href":"https:\/\/defensoriaparana.com.ar\/index.php\/wp-json\/wp\/v2\/media?parent=5302"}],"wp:term":[{"taxonomy":"category","embeddable":true,"href":"https:\/\/defensoriaparana.com.ar\/index.php\/wp-json\/wp\/v2\/categories?post=5302"},{"taxonomy":"post_tag","embeddable":true,"href":"https:\/\/defensoriaparana.com.ar\/index.php\/wp-json\/wp\/v2\/tags?post=5302"}],"curies":[{"name":"wp","href":"https:\/\/api.w.org\/{rel}","templated":true}]}}