{"id":5328,"date":"2024-10-04T15:39:23","date_gmt":"2024-10-04T15:39:23","guid":{"rendered":"https:\/\/defensoriaparana.com.ar\/?p=5328"},"modified":"2024-10-04T15:40:30","modified_gmt":"2024-10-04T15:40:30","slug":"defensoria-realizo-jornada-difusion","status":"publish","type":"post","link":"https:\/\/defensoriaparana.com.ar\/index.php\/2024\/10\/04\/defensoria-realizo-jornada-difusion\/","title":{"rendered":"La Defensor\u00eda del Pueblo de Paran\u00e1 realiz\u00f3 una jornada de difusi\u00f3n sobre sus tareas"},"content":{"rendered":"<p>La Defensor\u00eda del Pueblo de Paran\u00e1 particip\u00f3 de una jornada de difusi\u00f3n y concientizaci\u00f3n a la ciudadan\u00eda sobre las tareas y tr\u00e1mites que se pueden realizar desde la instituci\u00f3n. El encuentro se realiz\u00f3 en Plaza Italia y cont\u00f3 con la participaci\u00f3n de la Defensora adjunta de la entidad, Cecilia Pautaso. Tambi\u00e9n estuvo presente Carolina Atencio, miembro del equipo de la oficina Nacional de la Defensor\u00eda, y personal del \u00c1rea de Atenci\u00f3n al Ciudadano.<\/p>\n<figure id=\"attachment_5335\" aria-describedby=\"caption-attachment-5335\" style=\"width: 300px\" class=\"wp-caption alignleft\"><img loading=\"lazy\" class=\"wp-image-5335 size-medium\" src=\"http:\/\/defensoriaparana.com.ar\/wp-content\/uploads\/2024\/10\/Imagen-prensa-2-300x226.jpeg\" alt=\"\" width=\"300\" height=\"226\" srcset=\"https:\/\/defensoriaparana.com.ar\/wp-content\/uploads\/2024\/10\/Imagen-prensa-2-300x226.jpeg 300w, https:\/\/defensoriaparana.com.ar\/wp-content\/uploads\/2024\/10\/Imagen-prensa-2-1024x770.jpeg 1024w, https:\/\/defensoriaparana.com.ar\/wp-content\/uploads\/2024\/10\/Imagen-prensa-2-768x578.jpeg 768w, https:\/\/defensoriaparana.com.ar\/wp-content\/uploads\/2024\/10\/Imagen-prensa-2.jpeg 1280w\" sizes=\"(max-width: 300px) 100vw, 300px\" \/><figcaption id=\"caption-attachment-5335\" class=\"wp-caption-text\">Carolina Atencio, miembro del equipo de la oficina Nacional de la Defensor\u00eda, y Cecilia Pautaso, Defensora adjunta de la entidad.\u00a0<\/figcaption><\/figure>\n<p>Al respecto, Pautaso explic\u00f3 que \u201ccomo hace ya varios encuentros convocados por el municipio a distintas Oficinas a la Comunidad, participamos de otra jornada de difusi\u00f3n y concientizaci\u00f3n sobre los tr\u00e1mites que la gente puede realizar a trav\u00e9s de la Defensor\u00eda del Pueblo: desde reclamos por alg\u00fan servicio que est\u00e1 en demora o la gesti\u00f3n de derechos identitarios, como puede ser la obtenci\u00f3n del DNI o de una partida de nacimiento\u201d.<\/p>\n<p>\u201cEn esta oportunidad tambi\u00e9n nos acompa\u00f1\u00f3 la oficina Nacional de Defensor\u00eda del Pueblo, lo cual nos permiti\u00f3 profundizar en las tareas informativas y dar a conocer los distintos tipos de tr\u00e1mites que desde ese organismo se pueden trabajar\u201d, agreg\u00f3 luego.<\/p>\n<p>\u201cFue una jornada interesante de difusi\u00f3n, di\u00e1logo y de conocimiento sobre las herramientas y gestiones que ofrecemos desde la Defensor\u00eda\u201d, remarc\u00f3 la Defensora Adjunta de la instituci\u00f3n para luego destacar que \u201cen este caso acompa\u00f1amos a otras oficinas de la comunidad, como lo son la de G\u00e9nero y Diversidad, SUBE y Desarrollo Social\u201d.<\/p>\n<p>\u201cCreemos que es muy oportuno para la ciudadan\u00eda recorrer distintas partes de la ciudad, conocer la problem\u00e1tica barrial, y poder acercarles estas oficinas que la poblaci\u00f3n a veces desconocen d\u00f3nde se encuentran o porque se les dificulta poder asistir\u201d, subray\u00f3 Pautaso.<\/p>\n<p>Finalmente, la Defensora Adjunta de la entidad subray\u00f3 la importancia de estos encuentros porque \u201cpermiten charlar con los representantes de otras \u00e1reas y oficinas, con el objetivo de fijar estrategias a futuro que le brinden soluciones a la ciudadan\u00eda paranaense\u201d.<\/p>\n","protected":false},"excerpt":{"rendered":"<p>La Defensor\u00eda del Pueblo de Paran\u00e1 particip\u00f3 de una jornada de difusi\u00f3n y concientizaci\u00f3n a la ciudadan\u00eda sobre las tareas y tr\u00e1mites que se pueden realizar desde la instituci\u00f3n. El encuentro se realiz\u00f3 en Plaza Italia y cont\u00f3 con la participaci\u00f3n de la Defensora adjunta de la entidad, Cecilia Pautaso. Tambi\u00e9n estuvo presente Carolina Atencio, [&hellip;]<\/p>\n","protected":false},"author":2,"featured_media":5334,"comment_status":"open","ping_status":"open","sticky":false,"template":"","format":"standard","meta":{"om_disable_all_campaigns":false,"_monsterinsights_skip_tracking":false,"_monsterinsights_sitenote_active":false,"_monsterinsights_sitenote_note":"","_monsterinsights_sitenote_category":0},"categories":[1],"tags":[],"_links":{"self":[{"href":"https:\/\/defensoriaparana.com.ar\/index.php\/wp-json\/wp\/v2\/posts\/5328"}],"collection":[{"href":"https:\/\/defensoriaparana.com.ar\/index.php\/wp-json\/wp\/v2\/posts"}],"about":[{"href":"https:\/\/defensoriaparana.com.ar\/index.php\/wp-json\/wp\/v2\/types\/post"}],"author":[{"embeddable":true,"href":"https:\/\/defensoriaparana.com.ar\/index.php\/wp-json\/wp\/v2\/users\/2"}],"replies":[{"embeddable":true,"href":"https:\/\/defensoriaparana.com.ar\/index.php\/wp-json\/wp\/v2\/comments?post=5328"}],"version-history":[{"count":8,"href":"https:\/\/defensoriaparana.com.ar\/index.php\/wp-json\/wp\/v2\/posts\/5328\/revisions"}],"predecessor-version":[{"id":5340,"href":"https:\/\/defensoriaparana.com.ar\/index.php\/wp-json\/wp\/v2\/posts\/5328\/revisions\/5340"}],"wp:featuredmedia":[{"embeddable":true,"href":"https:\/\/defensoriaparana.com.ar\/index.php\/wp-json\/wp\/v2\/media\/5334"}],"wp:attachment":[{"href":"https:\/\/defensoriaparana.com.ar\/index.php\/wp-json\/wp\/v2\/media?parent=5328"}],"wp:term":[{"taxonomy":"category","embeddable":true,"href":"https:\/\/defensoriaparana.com.ar\/index.php\/wp-json\/wp\/v2\/categories?post=5328"},{"taxonomy":"post_tag","embeddable":true,"href":"https:\/\/defensoriaparana.com.ar\/index.php\/wp-json\/wp\/v2\/tags?post=5328"}],"curies":[{"name":"wp","href":"https:\/\/api.w.org\/{rel}","templated":true}]}}