{"id":5390,"date":"2024-10-18T14:45:54","date_gmt":"2024-10-18T14:45:54","guid":{"rendered":"https:\/\/defensoriaparana.com.ar\/?p=5390"},"modified":"2024-10-18T14:46:19","modified_gmt":"2024-10-18T14:46:19","slug":"defensoria-firmo-convenio-residencia-san-vicente-de-paul","status":"publish","type":"post","link":"https:\/\/defensoriaparana.com.ar\/index.php\/2024\/10\/18\/defensoria-firmo-convenio-residencia-san-vicente-de-paul\/","title":{"rendered":"La Defensor\u00eda del Pueblo firm\u00f3 un convenio con la residencia gerontol\u00f3gica San Vicente de Pa\u00fal"},"content":{"rendered":"<p>La titular del a Defensor\u00eda del Pueblo de Paran\u00e1, Marcia L\u00f3pez, encabez\u00f3 la firma de un convenio de trabajo cooperativo con la presidenta de la residencia gerontol\u00f3gica San Vicente de Pa\u00fal de la ciudad, Selena Tornatore. Tambi\u00e9n particip\u00f3 del encuentro la directora de la instituci\u00f3n dependiente de la Sociedad de Damas Vicentinas, Mar\u00eda del Carmen Ludi.<\/p>\n<p>Al respecto, L\u00f3pez remarc\u00f3 que \u201ccomo organismo de protecci\u00f3n de derechos siempre celebramos poder instaurar dentro de las instituciones la perspectiva de derechos humanos como modo de transmitir conocimiento, intercambiar saberes y bregar por el cumplimiento efectivo de los mismos\u201d.<\/p>\n<p>Por su parte, Ludi explic\u00f3 que \u201cpara nosotros es muy importante este convenio porque estamos redefiniendo nuestro perfil institucional bajo la perspectiva de derechos humanos enmarcada en la Convenci\u00f3n Interamericana de Protecci\u00f3n de los Derechos de las Personas Mayores\u201d.<\/p>\n<p>\u201cEl acuerdo consiste en elaborar acciones conjuntas, organizar capacitaciones, y coordinar y colaborar en distintas actividades. Nos pareci\u00f3 muy significativo poder compartir este espacio y la posibilidad de que la Defensor\u00eda haya aceptado nuestra propuesta de realizar este convenio\u201d, subray\u00f3 la directora de la residencia.<\/p>\n","protected":false},"excerpt":{"rendered":"<p>La titular del a Defensor\u00eda del Pueblo de Paran\u00e1, Marcia L\u00f3pez, encabez\u00f3 la firma de un convenio de trabajo cooperativo con la presidenta de la residencia gerontol\u00f3gica San Vicente de Pa\u00fal de la ciudad, Selena Tornatore. Tambi\u00e9n particip\u00f3 del encuentro la directora de la instituci\u00f3n dependiente de la Sociedad de Damas Vicentinas, Mar\u00eda del Carmen [&hellip;]<\/p>\n","protected":false},"author":2,"featured_media":5391,"comment_status":"open","ping_status":"open","sticky":false,"template":"","format":"standard","meta":{"om_disable_all_campaigns":false,"_monsterinsights_skip_tracking":false,"_monsterinsights_sitenote_active":false,"_monsterinsights_sitenote_note":"","_monsterinsights_sitenote_category":0},"categories":[1],"tags":[],"_links":{"self":[{"href":"https:\/\/defensoriaparana.com.ar\/index.php\/wp-json\/wp\/v2\/posts\/5390"}],"collection":[{"href":"https:\/\/defensoriaparana.com.ar\/index.php\/wp-json\/wp\/v2\/posts"}],"about":[{"href":"https:\/\/defensoriaparana.com.ar\/index.php\/wp-json\/wp\/v2\/types\/post"}],"author":[{"embeddable":true,"href":"https:\/\/defensoriaparana.com.ar\/index.php\/wp-json\/wp\/v2\/users\/2"}],"replies":[{"embeddable":true,"href":"https:\/\/defensoriaparana.com.ar\/index.php\/wp-json\/wp\/v2\/comments?post=5390"}],"version-history":[{"count":1,"href":"https:\/\/defensoriaparana.com.ar\/index.php\/wp-json\/wp\/v2\/posts\/5390\/revisions"}],"predecessor-version":[{"id":5392,"href":"https:\/\/defensoriaparana.com.ar\/index.php\/wp-json\/wp\/v2\/posts\/5390\/revisions\/5392"}],"wp:featuredmedia":[{"embeddable":true,"href":"https:\/\/defensoriaparana.com.ar\/index.php\/wp-json\/wp\/v2\/media\/5391"}],"wp:attachment":[{"href":"https:\/\/defensoriaparana.com.ar\/index.php\/wp-json\/wp\/v2\/media?parent=5390"}],"wp:term":[{"taxonomy":"category","embeddable":true,"href":"https:\/\/defensoriaparana.com.ar\/index.php\/wp-json\/wp\/v2\/categories?post=5390"},{"taxonomy":"post_tag","embeddable":true,"href":"https:\/\/defensoriaparana.com.ar\/index.php\/wp-json\/wp\/v2\/tags?post=5390"}],"curies":[{"name":"wp","href":"https:\/\/api.w.org\/{rel}","templated":true}]}}