{"id":5394,"date":"2024-10-18T23:14:48","date_gmt":"2024-10-18T23:14:48","guid":{"rendered":"https:\/\/defensoriaparana.com.ar\/?p=5394"},"modified":"2024-10-18T23:14:48","modified_gmt":"2024-10-18T23:14:48","slug":"la-defensoria-del-pueblo-le-solicito-a-seguridad-vial-municipal-intervenir-en-las-tarifas-metropolitanas","status":"publish","type":"post","link":"https:\/\/defensoriaparana.com.ar\/index.php\/2024\/10\/18\/la-defensoria-del-pueblo-le-solicito-a-seguridad-vial-municipal-intervenir-en-las-tarifas-metropolitanas\/","title":{"rendered":"La Defensor\u00eda del Pueblo le solicit\u00f3 a Seguridad Vial municipal intervenir en las tarifas metropolitanas"},"content":{"rendered":"<p>La Defensor\u00eda del Pueblo de Paran\u00e1 le solicit\u00f3 a la Secretaria de Seguridad Vial, Movilidad y Ordenamiento Urbano de la Municipalidad de Paran\u00e1, Katherina Stickel, que interviniera en la quita de subsidios a estudiantes, trabajadores y jubilados que utilizan las l\u00edneas de colectivos que conectan la capital con Villa Fontana, Colonia Avellaneda, Sauce Montrull, San Benito, y Oro Verde, a pesar que \u00e9stos usuarios realizaron viajes dentro del ejido urbano.<\/p>\n<p>Esta situaci\u00f3n se debi\u00f3 a que este jueves 17 de octubre, la Secretar\u00eda de Transporte provincial elimin\u00f3 los subsidios en las tarifas para estudiantes, trabajadores y jubilados de las l\u00edneas metropolitanas de la ciudad (22, 20, 4, 17, 12, 6, 15 y 24).<\/p>\n<p>En el documento, la Defensor\u00eda explica que la solicitud fue enviada \u201cen funci\u00f3n de innumerables reclamos registrados en el d\u00eda de la fecha por parte de ciudadanos de Paran\u00e1 que hoy no pudieron gozar de los beneficios del boleto estudiantil y obrero por ser usuarios de las l\u00edneas de colectivo del \u00e1rea metropolitana, aunque los recorridos que hacen son dentro del ejido de la ciudad de Paran\u00e1\u201d.<\/p>\n<p>\u201cHoy se han visto vulnerados en sus derechos ya que en muchos casos no pudieron asistir a sus lugares de estudio por no contar con saldo en las tarjetas haciendo que los choferes los obliguen a bajar de la unidad\u201d, argumenta el escrito.<\/p>\n<p>\u201cPor ello y al verse visto vulnerados los derechos de cientos de paranaenses, solicito su intervenci\u00f3n para solucionar este inconveniente y que las personas que viven, trabajan y estudian en nuestra ciudad cuenten con l\u00edneas de transporte que posibiliten su traslado dentro del ejido de Paran\u00e1 pagando el precio acordado oportunamente y\/o gozando de los beneficios que por derecho le corresponden\u201d, finaliza el comunicado de la Defensor\u00eda.<\/p>\n","protected":false},"excerpt":{"rendered":"<p>La Defensor\u00eda del Pueblo de Paran\u00e1 le solicit\u00f3 a la Secretaria de Seguridad Vial, Movilidad y Ordenamiento Urbano de la Municipalidad de Paran\u00e1, Katherina Stickel, que interviniera en la quita de subsidios a estudiantes, trabajadores y jubilados que utilizan las l\u00edneas de colectivos que conectan la capital con Villa Fontana, Colonia Avellaneda, Sauce Montrull, San [&hellip;]<\/p>\n","protected":false},"author":2,"featured_media":5395,"comment_status":"open","ping_status":"open","sticky":false,"template":"","format":"standard","meta":{"om_disable_all_campaigns":false,"_monsterinsights_skip_tracking":false,"_monsterinsights_sitenote_active":false,"_monsterinsights_sitenote_note":"","_monsterinsights_sitenote_category":0},"categories":[1],"tags":[],"_links":{"self":[{"href":"https:\/\/defensoriaparana.com.ar\/index.php\/wp-json\/wp\/v2\/posts\/5394"}],"collection":[{"href":"https:\/\/defensoriaparana.com.ar\/index.php\/wp-json\/wp\/v2\/posts"}],"about":[{"href":"https:\/\/defensoriaparana.com.ar\/index.php\/wp-json\/wp\/v2\/types\/post"}],"author":[{"embeddable":true,"href":"https:\/\/defensoriaparana.com.ar\/index.php\/wp-json\/wp\/v2\/users\/2"}],"replies":[{"embeddable":true,"href":"https:\/\/defensoriaparana.com.ar\/index.php\/wp-json\/wp\/v2\/comments?post=5394"}],"version-history":[{"count":1,"href":"https:\/\/defensoriaparana.com.ar\/index.php\/wp-json\/wp\/v2\/posts\/5394\/revisions"}],"predecessor-version":[{"id":5396,"href":"https:\/\/defensoriaparana.com.ar\/index.php\/wp-json\/wp\/v2\/posts\/5394\/revisions\/5396"}],"wp:featuredmedia":[{"embeddable":true,"href":"https:\/\/defensoriaparana.com.ar\/index.php\/wp-json\/wp\/v2\/media\/5395"}],"wp:attachment":[{"href":"https:\/\/defensoriaparana.com.ar\/index.php\/wp-json\/wp\/v2\/media?parent=5394"}],"wp:term":[{"taxonomy":"category","embeddable":true,"href":"https:\/\/defensoriaparana.com.ar\/index.php\/wp-json\/wp\/v2\/categories?post=5394"},{"taxonomy":"post_tag","embeddable":true,"href":"https:\/\/defensoriaparana.com.ar\/index.php\/wp-json\/wp\/v2\/tags?post=5394"}],"curies":[{"name":"wp","href":"https:\/\/api.w.org\/{rel}","templated":true}]}}