{"id":5398,"date":"2024-11-01T13:49:00","date_gmt":"2024-11-01T13:49:00","guid":{"rendered":"https:\/\/defensoriaparana.com.ar\/?p=5398"},"modified":"2024-11-01T13:49:00","modified_gmt":"2024-11-01T13:49:00","slug":"en-el-dia-del-mediador-comunitario-la-defensoria-del-pueblo-destaca-el-valioso-trabajo-por-una-mejor-convivencia","status":"publish","type":"post","link":"https:\/\/defensoriaparana.com.ar\/index.php\/2024\/11\/01\/en-el-dia-del-mediador-comunitario-la-defensoria-del-pueblo-destaca-el-valioso-trabajo-por-una-mejor-convivencia\/","title":{"rendered":"En el D\u00eda del Mediador Comunitario, la Defensor\u00eda del Pueblo destaca el valioso trabajo por una mejor convivencia"},"content":{"rendered":"<div><\/div>\n<div>El 1 de noviembre se honra a las personas que ejercen la mediaci\u00f3n comunitaria en Paran\u00e1. La fecha se instituy\u00f3 en 2013, mediante la ordenanza N\u00b0 9117, y fue en homenaje al d\u00eda en que comenz\u00f3 a funcionar el Centro de Mediaci\u00f3n de la Defensor\u00eda del Pueblo de la ciudad, en 2003.<br \/>\nTras m\u00e1s de dos d\u00e9cadas, el profuso trabajo realizado cuenta con el aporte invaluable de centenares de mediadores y mediadoras que han contribuido de forma voluntaria y ad honorem a mejorar la convivencia entre vecinos.<br \/>\nEl reconocimiento, instaurado en 2013 por la normativa municipal como el D\u00eda del Mediador Comunitario, contempl\u00f3 concretamente el funcionamiento de una iniciativa innovadora, puesta en marcha casi a la par del inicio del Centro de Mediaci\u00f3n. Se trata del Registro de Mediadores Comunitarios voluntario y ad honorem que con el tiempo se constituy\u00f3 en una referencia a nivel nacional y tambi\u00e9n en otros pa\u00edses.<br \/>\nAs\u00ed, el \u00e1rea de Mediaci\u00f3n cada a\u00f1o atiende un promedio de 500 casos de conflictos relacionados a temas de convivencia de distinto tipo, problemas de humedad en las viviendas y terrenos lindantes, ruidos molestos, medianer\u00eda, entre otras tantas cuestiones.<br \/>\nCabe recordar que en 2003, cuando comenz\u00f3 a funcionar la Defensor\u00eda del Pueblo de Paran\u00e1 y su Centro de Mediaci\u00f3n, Martha Arr\u00edas Pabon, primera coordinadora del \u00e1rea, desarroll\u00f3 la iniciativa de conformar el registro de mediadores con integrantes dispuestos a intervenir en los distintos casos recibidos en la Defensor\u00eda. Se trata de una n\u00f3mina que se renueva de manera anual mediante una convocatoria p\u00fablica y en base al cumplimiento de una serie de requisitos por parte de los postulantes.<br \/>\nLa instituci\u00f3n brinda el servicio de mediaci\u00f3n a la comunidad de forma gratuita. Es un proceso voluntario, participativo y confidencial, guiado por mediadores que durante el a\u00f1o participan de distintas instancias de capacitaci\u00f3n brindadas por la Defensor\u00eda del Pueblo. El prop\u00f3sito de proporcionar una s\u00f3lida formaci\u00f3n en mediaci\u00f3n consiste en mantener una actualizaci\u00f3n te\u00f3rica y pr\u00e1ctica como un modo de garantizar la calidad del servicio ofrecido a los paranaenses.<br \/>\nEn la fecha, la Defensor\u00eda del Pueblo de Paran\u00e1 agradece y expresa su reconocimiento a quienes brindan con dedicaci\u00f3n y compromiso su tiempo, en pos de facilitar espacios de encuentro y conversaci\u00f3n a vecinos que transitan conflictos que afectan la convivencia.<\/div>\n<div><\/div>\n<div><img loading=\"lazy\" class=\"alignnone wp-image-5399 size-large\" src=\"http:\/\/defensoriaparana.com.ar\/wp-content\/uploads\/2024\/11\/Integrantes-del-Registro-de-Mediadores-1024x461.jpg\" alt=\"\" width=\"960\" height=\"432\" srcset=\"https:\/\/defensoriaparana.com.ar\/wp-content\/uploads\/2024\/11\/Integrantes-del-Registro-de-Mediadores-1024x461.jpg 1024w, https:\/\/defensoriaparana.com.ar\/wp-content\/uploads\/2024\/11\/Integrantes-del-Registro-de-Mediadores-300x135.jpg 300w, https:\/\/defensoriaparana.com.ar\/wp-content\/uploads\/2024\/11\/Integrantes-del-Registro-de-Mediadores-768x346.jpg 768w, https:\/\/defensoriaparana.com.ar\/wp-content\/uploads\/2024\/11\/Integrantes-del-Registro-de-Mediadores.jpg 1280w\" sizes=\"(max-width: 960px) 100vw, 960px\" \/><\/div>\n<p><span style=\"color: #888888;\"><span class=\"gmail_signature_prefix\">&#8212;<\/span><\/span><\/p>\n","protected":false},"excerpt":{"rendered":"<p>El 1 de noviembre se honra a las personas que ejercen la mediaci\u00f3n comunitaria en Paran\u00e1. La fecha se instituy\u00f3 en 2013, mediante la ordenanza N\u00b0 9117, y fue en homenaje al d\u00eda en que comenz\u00f3 a funcionar el Centro de Mediaci\u00f3n de la Defensor\u00eda del Pueblo de la ciudad, en 2003. Tras m\u00e1s de [&hellip;]<\/p>\n","protected":false},"author":2,"featured_media":5399,"comment_status":"open","ping_status":"open","sticky":false,"template":"","format":"standard","meta":{"om_disable_all_campaigns":false,"_monsterinsights_skip_tracking":false,"_monsterinsights_sitenote_active":false,"_monsterinsights_sitenote_note":"","_monsterinsights_sitenote_category":0},"categories":[1],"tags":[],"_links":{"self":[{"href":"https:\/\/defensoriaparana.com.ar\/index.php\/wp-json\/wp\/v2\/posts\/5398"}],"collection":[{"href":"https:\/\/defensoriaparana.com.ar\/index.php\/wp-json\/wp\/v2\/posts"}],"about":[{"href":"https:\/\/defensoriaparana.com.ar\/index.php\/wp-json\/wp\/v2\/types\/post"}],"author":[{"embeddable":true,"href":"https:\/\/defensoriaparana.com.ar\/index.php\/wp-json\/wp\/v2\/users\/2"}],"replies":[{"embeddable":true,"href":"https:\/\/defensoriaparana.com.ar\/index.php\/wp-json\/wp\/v2\/comments?post=5398"}],"version-history":[{"count":1,"href":"https:\/\/defensoriaparana.com.ar\/index.php\/wp-json\/wp\/v2\/posts\/5398\/revisions"}],"predecessor-version":[{"id":5400,"href":"https:\/\/defensoriaparana.com.ar\/index.php\/wp-json\/wp\/v2\/posts\/5398\/revisions\/5400"}],"wp:featuredmedia":[{"embeddable":true,"href":"https:\/\/defensoriaparana.com.ar\/index.php\/wp-json\/wp\/v2\/media\/5399"}],"wp:attachment":[{"href":"https:\/\/defensoriaparana.com.ar\/index.php\/wp-json\/wp\/v2\/media?parent=5398"}],"wp:term":[{"taxonomy":"category","embeddable":true,"href":"https:\/\/defensoriaparana.com.ar\/index.php\/wp-json\/wp\/v2\/categories?post=5398"},{"taxonomy":"post_tag","embeddable":true,"href":"https:\/\/defensoriaparana.com.ar\/index.php\/wp-json\/wp\/v2\/tags?post=5398"}],"curies":[{"name":"wp","href":"https:\/\/api.w.org\/{rel}","templated":true}]}}