{"id":5401,"date":"2024-11-04T19:17:32","date_gmt":"2024-11-04T19:17:32","guid":{"rendered":"https:\/\/defensoriaparana.com.ar\/?p=5401"},"modified":"2024-11-05T13:25:12","modified_gmt":"2024-11-05T13:25:12","slug":"audiencia-publica-la-defensora-del-pueblo-expuso-los-principales-planteos-de-vecinos-sobre-el-funcionamiento-de-espacios-culturales","status":"publish","type":"post","link":"https:\/\/defensoriaparana.com.ar\/index.php\/2024\/11\/04\/audiencia-publica-la-defensora-del-pueblo-expuso-los-principales-planteos-de-vecinos-sobre-el-funcionamiento-de-espacios-culturales\/","title":{"rendered":"Audiencia p\u00fablica: La Defensora del Pueblo expuso los principales planteos de vecinos sobre espacios culturales"},"content":{"rendered":"<p>La Defensora del Pueblo de Paran\u00e1, Marcia L\u00f3pez, particip\u00f3 de la audiencia p\u00fablica, convocada por el Concejo Deliberante para avanzar en una legislaci\u00f3n que englobe el funcionamiento, habilitaci\u00f3n y fomento de los espacios culturales de la ciudad, y expuso los principales planteos de vecinos recibidos por la instituci\u00f3n respecto de la actividad.<\/p>\n<p>Al iniciar su exposici\u00f3n, ante un sal\u00f3n colmado de p\u00fablico, Marcia L\u00f3pez destac\u00f3 el valor del llamado a la audiencia p\u00fablica y explic\u00f3 que la participaci\u00f3n de la Defensor\u00eda en este espacio se basa en la experiencia registrada a partir de los casos que la ciudadan\u00eda ha planteado en la instituci\u00f3n. \u00a0\u201cVenimos en representaci\u00f3n de la voz de los vecinos\u201d, dijo.<\/p>\n<p><img loading=\"lazy\" class=\"alignnone wp-image-5402 size-full\" src=\"http:\/\/defensoriaparana.com.ar\/wp-content\/uploads\/2024\/11\/audiencia-publica-1.jpg\" alt=\"\" width=\"513\" height=\"609\" srcset=\"https:\/\/defensoriaparana.com.ar\/wp-content\/uploads\/2024\/11\/audiencia-publica-1.jpg 513w, https:\/\/defensoriaparana.com.ar\/wp-content\/uploads\/2024\/11\/audiencia-publica-1-253x300.jpg 253w\" sizes=\"(max-width: 513px) 100vw, 513px\" \/><\/p>\n<h5><strong>Defensora Marcia L\u00f3pez.<\/strong><\/h5>\n<p>Las distintas presentaciones recibidas en la Defensor\u00eda han sido motivo de mesas de facilitaci\u00f3n del di\u00e1logo, espacio que re\u00fane a vecinos, a responsables de espacios culturales y, en casos a funcionarios municipales. La instancia de di\u00e1logo ha permitido lograr consensos entre las partes respecto del funcionamiento de locales y tambi\u00e9n tener un registro de los principales aspectos apuntados por la comunidad. En base al trabajo realizado, \u00a0la Defensora enumer\u00f3 una serie de puntos con el fin de que puedan ser tenidos en cuenta a la hora de abordar la nueva normativa.<\/p>\n<p>Los ruidos ocasionados por las actividades y en torno de los locales son una de los principales reclamos expuestos. Al respecto, la Defensora pidi\u00f3 que adem\u00e1s de los requisitos referidos a lo edilicio, la nueva normativa contemple la totalidad de las actividades permitidas y los horarios de funcionamiento, tanto en los d\u00edas h\u00e1biles como inh\u00e1biles. En base a la experiencia, dijo que la claridad en las disposiciones y la informaci\u00f3n ayudan a un mejor entendimiento y armon\u00eda entre los vecinos y los organizadores.<\/p>\n<p>Otro punto radica en el resguardo de la higiene en el lugar o espacios p\u00fabicos cuando se trata de actividades en las que se expenden comidas y bebidas. El control del tr\u00e1nsito en convocatorias que re\u00fanan a mucho p\u00fablico tambi\u00e9n es un tema requerido por los vecinos.<\/p>\n<p>En cuanto a la habilitaci\u00f3n municipal de los espacios, puntualiz\u00f3 la necesidad de observar que el permiso de uso coincida con la actividad realizada, ya que ha habido casos que contrastan una cosa de la otra.<\/p>\n<p>Seguidamente, se refiri\u00f3 a las distintas normas vigentes que legislan sobre un mismo tema (por ejemplo, niveles de sonido) y a la necesidad de poder ordenar y concentrar las disposiciones.<\/p>\n<p>La Defensora afirm\u00f3, en otro tramo de su participaci\u00f3n, que resulta fundamental que ya sea en una nueva ordenanza o en una eventual reforma de la legislaci\u00f3n actual, se incluya un apartado dedicado a los centros culturales.<\/p>\n<p>La audiencia p\u00fablica se inici\u00f3 en el sal\u00f3n Mariano Moreno, ubicado en las calles Corrientes y Andr\u00e9s Pazos. Este martes contin\u00faa. Marcia L\u00f3pez concurri\u00f3 acompa\u00f1ada por la Defensor del Pueblo Adjunta, Cecilia Pautaso. Tambi\u00e9n participaron concejales y funcionarios municipales.<\/p>\n","protected":false},"excerpt":{"rendered":"<p>La Defensora del Pueblo de Paran\u00e1, Marcia L\u00f3pez, particip\u00f3 de la audiencia p\u00fablica, convocada por el Concejo Deliberante para avanzar en una legislaci\u00f3n que englobe el funcionamiento, habilitaci\u00f3n y fomento de los espacios culturales de la ciudad, y expuso los principales planteos de vecinos recibidos por la instituci\u00f3n respecto de la actividad. Al iniciar su [&hellip;]<\/p>\n","protected":false},"author":2,"featured_media":5403,"comment_status":"open","ping_status":"open","sticky":false,"template":"","format":"standard","meta":{"om_disable_all_campaigns":false,"_monsterinsights_skip_tracking":false,"_monsterinsights_sitenote_active":false,"_monsterinsights_sitenote_note":"","_monsterinsights_sitenote_category":0},"categories":[1],"tags":[],"_links":{"self":[{"href":"https:\/\/defensoriaparana.com.ar\/index.php\/wp-json\/wp\/v2\/posts\/5401"}],"collection":[{"href":"https:\/\/defensoriaparana.com.ar\/index.php\/wp-json\/wp\/v2\/posts"}],"about":[{"href":"https:\/\/defensoriaparana.com.ar\/index.php\/wp-json\/wp\/v2\/types\/post"}],"author":[{"embeddable":true,"href":"https:\/\/defensoriaparana.com.ar\/index.php\/wp-json\/wp\/v2\/users\/2"}],"replies":[{"embeddable":true,"href":"https:\/\/defensoriaparana.com.ar\/index.php\/wp-json\/wp\/v2\/comments?post=5401"}],"version-history":[{"count":3,"href":"https:\/\/defensoriaparana.com.ar\/index.php\/wp-json\/wp\/v2\/posts\/5401\/revisions"}],"predecessor-version":[{"id":5406,"href":"https:\/\/defensoriaparana.com.ar\/index.php\/wp-json\/wp\/v2\/posts\/5401\/revisions\/5406"}],"wp:featuredmedia":[{"embeddable":true,"href":"https:\/\/defensoriaparana.com.ar\/index.php\/wp-json\/wp\/v2\/media\/5403"}],"wp:attachment":[{"href":"https:\/\/defensoriaparana.com.ar\/index.php\/wp-json\/wp\/v2\/media?parent=5401"}],"wp:term":[{"taxonomy":"category","embeddable":true,"href":"https:\/\/defensoriaparana.com.ar\/index.php\/wp-json\/wp\/v2\/categories?post=5401"},{"taxonomy":"post_tag","embeddable":true,"href":"https:\/\/defensoriaparana.com.ar\/index.php\/wp-json\/wp\/v2\/tags?post=5401"}],"curies":[{"name":"wp","href":"https:\/\/api.w.org\/{rel}","templated":true}]}}