{"id":5407,"date":"2024-11-05T18:08:10","date_gmt":"2024-11-05T18:08:10","guid":{"rendered":"https:\/\/defensoriaparana.com.ar\/?p=5407"},"modified":"2024-11-05T18:09:34","modified_gmt":"2024-11-05T18:09:34","slug":"oficina-movil-en-los-barrios-se-realizo-una-reunion-con-integrantes-del-programa-oficinas-a-la-comunidad","status":"publish","type":"post","link":"https:\/\/defensoriaparana.com.ar\/index.php\/2024\/11\/05\/oficina-movil-en-los-barrios-se-realizo-una-reunion-con-integrantes-del-programa-oficinas-a-la-comunidad\/","title":{"rendered":"Atenci\u00f3n en los barrios: se realiz\u00f3 una reuni\u00f3n con integrantes del programa Oficinas a la Comunidad"},"content":{"rendered":"<p>La Defensora del Pueblo de Paran\u00e1 Adjunta, Cecilia Pautaso, particip\u00f3 de un encuentro con los integrantes del programa municipal Oficinas a la Comunidad, un espacio m\u00e1s en el que la instituci\u00f3n, a trav\u00e9s de su oficina m\u00f3vil, atiende reclamos y consultas de vecinos de distintos barrios de la ciudad.<br \/>\nDesde 2021, el programa prev\u00e9 una salida semanal a distintas zonas con la participaci\u00f3n de oficinas estatales que abordan tem\u00e1ticas de \u00edndole social, con el fin de acercar servicios esenciales a los vecinos.<br \/>\nLa participaci\u00f3n de la Defensor\u00eda del Pueblo en este \u00e1mbito constituye una v\u00eda m\u00e1s de trabajo en los barrios de la ciudad, uno de los objetivos prioritarios de la instituci\u00f3n. La tarea se enmarca en el programa \u201cLa Defensor\u00eda al encuentro\u201d de la ciudadan\u00eda.<\/p>\n<p><img loading=\"lazy\" class=\"alignnone wp-image-5409 size-large\" src=\"http:\/\/defensoriaparana.com.ar\/wp-content\/uploads\/2024\/11\/OFICINA-A-LA-COMUNIDAD-2-1024x768.jpg\" alt=\"\" width=\"960\" height=\"720\" srcset=\"https:\/\/defensoriaparana.com.ar\/wp-content\/uploads\/2024\/11\/OFICINA-A-LA-COMUNIDAD-2-1024x768.jpg 1024w, https:\/\/defensoriaparana.com.ar\/wp-content\/uploads\/2024\/11\/OFICINA-A-LA-COMUNIDAD-2-300x225.jpg 300w, https:\/\/defensoriaparana.com.ar\/wp-content\/uploads\/2024\/11\/OFICINA-A-LA-COMUNIDAD-2-768x576.jpg 768w, https:\/\/defensoriaparana.com.ar\/wp-content\/uploads\/2024\/11\/OFICINA-A-LA-COMUNIDAD-2-1536x1152.jpg 1536w, https:\/\/defensoriaparana.com.ar\/wp-content\/uploads\/2024\/11\/OFICINA-A-LA-COMUNIDAD-2-2048x1536.jpg 2048w\" sizes=\"(max-width: 960px) 100vw, 960px\" \/><br \/>\nEn la reuni\u00f3n con integrantes de las oficinas que participan del programa se realiz\u00f3 un relevamiento de los resultados del trabajo de este a\u00f1o y se avanz\u00f3 en la coordinaci\u00f3n de actividades para 2025. Entre los aspectos conversados, la Defensora Pautaso propuso volver a convocar a organismos nacionales y provinciales con el objetivo de ampliar los servicios ofrecidos. Adem\u00e1s, hizo hincapi\u00e9 en la necesidad de profundizar la informaci\u00f3n respecto de la funci\u00f3n y alcance de las Oficinas a la Comunidad y de los recorridos, con el fin de promover la convocatoria en cada uno de los barrios visitados.<\/p>\n<p><img loading=\"lazy\" class=\"alignnone wp-image-5410 size-large\" src=\"http:\/\/defensoriaparana.com.ar\/wp-content\/uploads\/2024\/11\/OFICINA-A-LA-COMUNIDAD-1-1024x768.jpg\" alt=\"\" width=\"960\" height=\"720\" srcset=\"https:\/\/defensoriaparana.com.ar\/wp-content\/uploads\/2024\/11\/OFICINA-A-LA-COMUNIDAD-1-1024x768.jpg 1024w, https:\/\/defensoriaparana.com.ar\/wp-content\/uploads\/2024\/11\/OFICINA-A-LA-COMUNIDAD-1-300x225.jpg 300w, https:\/\/defensoriaparana.com.ar\/wp-content\/uploads\/2024\/11\/OFICINA-A-LA-COMUNIDAD-1-768x576.jpg 768w, https:\/\/defensoriaparana.com.ar\/wp-content\/uploads\/2024\/11\/OFICINA-A-LA-COMUNIDAD-1-1536x1152.jpg 1536w, https:\/\/defensoriaparana.com.ar\/wp-content\/uploads\/2024\/11\/OFICINA-A-LA-COMUNIDAD-1-2048x1536.jpg 2048w\" sizes=\"(max-width: 960px) 100vw, 960px\" \/><br \/>\nParticiparon del encuentro el subsecretario de Pol\u00edticas Sociales de la Comuna, Nicol\u00e1s Mathieu; la coordinadora del programa Oficinas en la Comunidad, Yamina Salcedo; e integrantes de las subsecretar\u00edas municipales de G\u00e9nero y Diversidad y de Desarrollo Humano. Tambi\u00e9n estuvieron representantes de las direcciones de Integraci\u00f3n Social para Personas Mayores, de Salud y Bienestar Animal, y de Pol\u00edticas de Integraci\u00f3n y Discapacidad, entre otras \u00e1reas.<br \/>\nA trav\u00e9s de la oficina m\u00f3vil, la Defensor\u00eda brinda asesoramiento e informaci\u00f3n sobre una variedad de temas, atiende solicitudes de mediaci\u00f3n y cuestiones referidas a derechos de las personas mayores y a tem\u00e1ticas de jurisdicci\u00f3n nacional. Tambi\u00e9n se difunde informaci\u00f3n sobre los servicios que brinda la Defensor\u00eda y permite promover la concientizaci\u00f3n sobre la necesidad de ejercer los derechos ciudadanos.<\/p>\n","protected":false},"excerpt":{"rendered":"<p>La Defensora del Pueblo de Paran\u00e1 Adjunta, Cecilia Pautaso, particip\u00f3 de un encuentro con los integrantes del programa municipal Oficinas a la Comunidad, un espacio m\u00e1s en el que la instituci\u00f3n, a trav\u00e9s de su oficina m\u00f3vil, atiende reclamos y consultas de vecinos de distintos barrios de la ciudad. Desde 2021, el programa prev\u00e9 una [&hellip;]<\/p>\n","protected":false},"author":2,"featured_media":5408,"comment_status":"open","ping_status":"open","sticky":false,"template":"","format":"standard","meta":{"om_disable_all_campaigns":false,"_monsterinsights_skip_tracking":false,"_monsterinsights_sitenote_active":false,"_monsterinsights_sitenote_note":"","_monsterinsights_sitenote_category":0},"categories":[1],"tags":[],"_links":{"self":[{"href":"https:\/\/defensoriaparana.com.ar\/index.php\/wp-json\/wp\/v2\/posts\/5407"}],"collection":[{"href":"https:\/\/defensoriaparana.com.ar\/index.php\/wp-json\/wp\/v2\/posts"}],"about":[{"href":"https:\/\/defensoriaparana.com.ar\/index.php\/wp-json\/wp\/v2\/types\/post"}],"author":[{"embeddable":true,"href":"https:\/\/defensoriaparana.com.ar\/index.php\/wp-json\/wp\/v2\/users\/2"}],"replies":[{"embeddable":true,"href":"https:\/\/defensoriaparana.com.ar\/index.php\/wp-json\/wp\/v2\/comments?post=5407"}],"version-history":[{"count":2,"href":"https:\/\/defensoriaparana.com.ar\/index.php\/wp-json\/wp\/v2\/posts\/5407\/revisions"}],"predecessor-version":[{"id":5412,"href":"https:\/\/defensoriaparana.com.ar\/index.php\/wp-json\/wp\/v2\/posts\/5407\/revisions\/5412"}],"wp:featuredmedia":[{"embeddable":true,"href":"https:\/\/defensoriaparana.com.ar\/index.php\/wp-json\/wp\/v2\/media\/5408"}],"wp:attachment":[{"href":"https:\/\/defensoriaparana.com.ar\/index.php\/wp-json\/wp\/v2\/media?parent=5407"}],"wp:term":[{"taxonomy":"category","embeddable":true,"href":"https:\/\/defensoriaparana.com.ar\/index.php\/wp-json\/wp\/v2\/categories?post=5407"},{"taxonomy":"post_tag","embeddable":true,"href":"https:\/\/defensoriaparana.com.ar\/index.php\/wp-json\/wp\/v2\/tags?post=5407"}],"curies":[{"name":"wp","href":"https:\/\/api.w.org\/{rel}","templated":true}]}}