{"id":5422,"date":"2024-11-07T12:01:17","date_gmt":"2024-11-07T12:01:17","guid":{"rendered":"https:\/\/defensoriaparana.com.ar\/?p=5422"},"modified":"2024-11-11T12:03:36","modified_gmt":"2024-11-11T12:03:36","slug":"comienza-la-inscripcion-de-mediadores-comunitarios-al-registro-2025-de-la-defensoria-del-pueblo-de-parana","status":"publish","type":"post","link":"https:\/\/defensoriaparana.com.ar\/index.php\/2024\/11\/07\/comienza-la-inscripcion-de-mediadores-comunitarios-al-registro-2025-de-la-defensoria-del-pueblo-de-parana\/","title":{"rendered":"Comienza la inscripci\u00f3n de mediadores comunitarios al Registro 2025 de la Defensor\u00eda del Pueblo de Paran\u00e1"},"content":{"rendered":"<p style=\"font-weight: 400;\">Desde el lunes 11 al viernes 15 de noviembre estar\u00e1 abierta la convocatoria para formar parte del Registro voluntario y ad honorem de la instituci\u00f3n de Paran\u00e1. Cada a\u00f1o, la n\u00f3mina ronda el centenar de integrantes. La Defensor\u00eda atiende de manera gratuita un promedio de 500 casos de conflictos entre vecinos.<\/p>\n<p style=\"font-weight: 400;\">.<\/p>\n<p style=\"font-weight: 400;\">El Registro de Mediadores Comunitarios voluntarios y ad honorem que funciona en el \u00e1mbito del Centro de Mediaci\u00f3n de la Defensor\u00eda del Pueblo de Paran\u00e1 se renueva cada a\u00f1o, a trav\u00e9s de una convocatoria p\u00fablica que se realiza en noviembre.<\/p>\n<p style=\"font-weight: 400;\">En esta oportunidad, se inicia el lunes pr\u00f3ximo y se extiende hasta el viernes 15. Para anotarse, las personas interesadas deber\u00e1n reunir los siguientes requisitos: el t\u00edtulo de formaci\u00f3n b\u00e1sica en Mediaci\u00f3n con homologaci\u00f3n del Ministerio de Justicia de la Naci\u00f3n, el secundario completo y un breve curr\u00edculum vitae.<\/p>\n<p style=\"font-weight: 400;\">Los postulantes tendr\u00e1n que presentar la documentaci\u00f3n que acredite dichos requisitos (fotocopias) y completar personalmente una planilla de inscripci\u00f3n. Para ello, podr\u00e1n acercarse a la sede de la Defensor\u00eda del Pueblo, en calle H. Yrigoyen 236, en el horario de 8 a 13.<\/p>\n<p style=\"font-weight: 400;\">Para m\u00e1s informaci\u00f3n, se atienden consultas en los tel\u00e9fonos (0343) 4211029 (de 8 a 13), en la l\u00ednea de WhatsApp 343 5163712 y en el mail\u00a0<a href=\"mailto:mediacionparana@hotmail.com\">mediacionparana@hotmail.com<\/a>.<\/p>\n<p style=\"font-weight: 400;\">La renovaci\u00f3n de la n\u00f3mina, compuesta cada a\u00f1o por alrededor de un centenar de integrantes, comprende tambi\u00e9n a mediadores que la integran o lo han hecho en otros per\u00edodos. En estos casos, podr\u00e1n reinscribirse siempre que cumplimenten las exigencias referidas a la capacitaci\u00f3n que brinda la Defensor\u00eda regularmente.\u00a0 Tendr\u00e1n una planilla online a disposici\u00f3n.<\/p>\n<p style=\"font-weight: 400;\">Desde su inicio, en 2003, la Defensor\u00eda del Pueblo ofrece a la comunidad el servicio de mediaci\u00f3n en forma gratuita. Se trata de una instancia extrajudicial, voluntaria y confidencial, cuya concreci\u00f3n es posible por la valiosa participaci\u00f3n de mediadores y mediadoras comunitarias.<\/p>\n<p style=\"font-weight: 400;\"><strong>Reconocimiento nacional e internacional<\/strong><\/p>\n<p style=\"font-weight: 400;\">El Centro de Mediaci\u00f3n Comunitaria de la Defensor\u00eda del Pueblo comenz\u00f3 a funcionar el 1 de noviembre de 2003 y casi a la par se puso en marcha una iniciativa novedosa: un Registro de mediadores voluntario, ad honorem, interdisciplinario, numeroso y con capacitaci\u00f3n permanente. Esas particularidades distinguieron la iniciativa que obtuvo, en el tiempo, un creciente reconocimiento a nivel nacional e internacional.<\/p>\n<p style=\"font-weight: 400;\">En conmemoraci\u00f3n del inicio del Centro y el Registro, la convocatoria a la renovaci\u00f3n de la n\u00f3mina se realiza siempre durante noviembre.<\/p>\n<p style=\"font-weight: 400;\">De manera anual, el Registro es conformado por personas con formaci\u00f3n en distintas disciplinas u oficios y con diversas vivencias en contextos laborales, sociales y educativos.<\/p>\n<p style=\"font-weight: 400;\">El grupo aporta sus servicios generosamente, con responsabilidad y vocaci\u00f3n, para\u00a0ofrecer espacios de conversaci\u00f3n y encuentro a los vecinos que transitan conflictos que afectan la convivencia.<\/p>\n<p style=\"font-weight: 400;\">De este modo, la Defensor\u00eda del Pueblo atiende un promedio de 500 casos referidos a conflictos comunitarios. Inconvenientes de convivencia, ruidos molestos, humedad en inmuebles, son algunos de los tantos temas que generan la intervenci\u00f3n del Centro de Mediaci\u00f3n a trav\u00e9s de su Registro.<\/p>\n","protected":false},"excerpt":{"rendered":"<p>Desde el lunes 11 al viernes 15 de noviembre estar\u00e1 abierta la convocatoria para formar parte del Registro voluntario y ad honorem de la instituci\u00f3n de Paran\u00e1. Cada a\u00f1o, la n\u00f3mina ronda el centenar de integrantes. La Defensor\u00eda atiende de manera gratuita un promedio de 500 casos de conflictos entre vecinos. . El Registro de [&hellip;]<\/p>\n","protected":false},"author":2,"featured_media":5423,"comment_status":"open","ping_status":"open","sticky":false,"template":"","format":"standard","meta":{"om_disable_all_campaigns":false,"_monsterinsights_skip_tracking":false,"_monsterinsights_sitenote_active":false,"_monsterinsights_sitenote_note":"","_monsterinsights_sitenote_category":0},"categories":[1],"tags":[],"_links":{"self":[{"href":"https:\/\/defensoriaparana.com.ar\/index.php\/wp-json\/wp\/v2\/posts\/5422"}],"collection":[{"href":"https:\/\/defensoriaparana.com.ar\/index.php\/wp-json\/wp\/v2\/posts"}],"about":[{"href":"https:\/\/defensoriaparana.com.ar\/index.php\/wp-json\/wp\/v2\/types\/post"}],"author":[{"embeddable":true,"href":"https:\/\/defensoriaparana.com.ar\/index.php\/wp-json\/wp\/v2\/users\/2"}],"replies":[{"embeddable":true,"href":"https:\/\/defensoriaparana.com.ar\/index.php\/wp-json\/wp\/v2\/comments?post=5422"}],"version-history":[{"count":2,"href":"https:\/\/defensoriaparana.com.ar\/index.php\/wp-json\/wp\/v2\/posts\/5422\/revisions"}],"predecessor-version":[{"id":5425,"href":"https:\/\/defensoriaparana.com.ar\/index.php\/wp-json\/wp\/v2\/posts\/5422\/revisions\/5425"}],"wp:featuredmedia":[{"embeddable":true,"href":"https:\/\/defensoriaparana.com.ar\/index.php\/wp-json\/wp\/v2\/media\/5423"}],"wp:attachment":[{"href":"https:\/\/defensoriaparana.com.ar\/index.php\/wp-json\/wp\/v2\/media?parent=5422"}],"wp:term":[{"taxonomy":"category","embeddable":true,"href":"https:\/\/defensoriaparana.com.ar\/index.php\/wp-json\/wp\/v2\/categories?post=5422"},{"taxonomy":"post_tag","embeddable":true,"href":"https:\/\/defensoriaparana.com.ar\/index.php\/wp-json\/wp\/v2\/tags?post=5422"}],"curies":[{"name":"wp","href":"https:\/\/api.w.org\/{rel}","templated":true}]}}