{"id":5431,"date":"2024-11-13T13:50:23","date_gmt":"2024-11-13T13:50:23","guid":{"rendered":"https:\/\/defensoriaparana.com.ar\/?p=5431"},"modified":"2024-11-13T13:50:23","modified_gmt":"2024-11-13T13:50:23","slug":"la-defensora-ligia-blanco-participo-de-una-serie-de-actividades-por-el-dia-de-las-personas-mayores","status":"publish","type":"post","link":"https:\/\/defensoriaparana.com.ar\/index.php\/2024\/11\/13\/la-defensora-ligia-blanco-participo-de-una-serie-de-actividades-por-el-dia-de-las-personas-mayores\/","title":{"rendered":"La Defensora Ligia Blanco particip\u00f3 de una serie de actividades por el D\u00eda de las Personas Mayores"},"content":{"rendered":"<p>La Defensora de los Derechos de las Personas Mayores de la Defensor\u00eda del Pueblo de Paran\u00e1, Ligia Blanco, particip\u00f3 de actividades y encuentros en el marco del D\u00eda de las Personas Mayores.<\/p>\n<p>El 1 de octubre se celebr\u00f3 en el pa\u00eds el D\u00eda de las Personas Mayores, fecha que invita a la concientizaci\u00f3n sobre las necesidades y derechos de esta franja etaria.<\/p>\n<p>En este sentido, la Defensora Ligia Blanco brind\u00f3 una charla organizada por el Centro Integrador Comunitario (CIC) 2 Este, en la que se abordaron tem\u00e1ticas relacionadas con el derecho a la autonom\u00eda y a la independencia, vulnerado en ocasiones por accidentes dom\u00e9sticos, una de las principales causas que generan complejidades en dicho sector poblacional.<\/p>\n<p>Al respecto, Blanco detall\u00f3 que \u201caproximadamente el 30% de las personas mayores autov\u00e1lidas sufren al menos una ca\u00edda al a\u00f1o. Este porcentaje asciende hasta el 35% en los mayores de 75 a\u00f1os y a un 50% en los mayores de 80\u201d.<\/p>\n<p>Seguidamente, aclar\u00f3 que \u201centre las principales causas de esta problem\u00e1tica se pueden mencionar el envejecimiento biol\u00f3gico en s\u00ed, enfermedades cr\u00f3nicas y articulares, o debido a una mayor sensibilidad a los medicamentos que act\u00faan sobre el sistema nervioso\u201d.<\/p>\n<p>A\u00f1adi\u00f3 que \u201clas ca\u00eddas tambi\u00e9n est\u00e1n asociadas al medioambiente, a las caracter\u00edsticas materiales de sus hogares, como por ejemplo escalones altos o pisos resbaladizos, al calzado y la iluminaci\u00f3n inadecuada y a la influencia del clima\u201d.<\/p>\n<p><strong>Reuni\u00f3n de la Mesa de Pol\u00edticas P\u00fablicas <\/strong><\/p>\n<p>Por otro lado, se llev\u00f3 adelante la sexta reuni\u00f3n de la Mesa de Pol\u00edticas P\u00fablicas Municipales sobre Personas Mayores, la cual estuvo organizada por la Defensora Blanco. Durante el encuentro, se trabaj\u00f3 sobre los reclamos por el estado en general de las veredas de la ciudad y por el funcionamiento del transporte urbanos de pasajeros. Tambi\u00e9n se dialog\u00f3 sobre la necesidad de se\u00f1alizar el estacionamiento prioritario para las personas mayores en la zona costanera, debido al no cumplimiento de dicha iniciativa.<\/p>\n<p>Asimismo, se requiri\u00f3 la modificaci\u00f3n del tiempo de transici\u00f3n de los sem\u00e1foros en toda la ciudad y as\u00ed considerar el cruce de las personas mayores o con problemas de movilidad.<\/p>\n<p>En este sentido, se propuso profundizar las campa\u00f1as de concientizaci\u00f3n vial con el foco puesto en \u00e9stas cuestiones.<\/p>\n<p><img loading=\"lazy\" class=\"size-medium wp-image-5434 alignleft\" src=\"http:\/\/defensoriaparana.com.ar\/wp-content\/uploads\/2024\/11\/ligia-1-300x134.png\" alt=\"\" width=\"300\" height=\"134\" srcset=\"https:\/\/defensoriaparana.com.ar\/wp-content\/uploads\/2024\/11\/ligia-1-300x134.png 300w, https:\/\/defensoriaparana.com.ar\/wp-content\/uploads\/2024\/11\/ligia-1.png 565w\" sizes=\"(max-width: 300px) 100vw, 300px\" \/><\/p>\n<p>La Mesa fue organizada por la Defensor\u00eda de los Derechos de Adultos Mayores y participaron la Secretar\u00eda de Servicios p\u00fablicos; el Juzgado de Faltas; la Subsecretar\u00eda de Pol\u00edticas Sociales; la Secretar\u00eda de Fiscalizaci\u00f3n, la Coordinaci\u00f3n de Estrategias Participativas y Fortalecimiento Territorial; la Secretar\u00eda de Planificaci\u00f3n, y la Direcci\u00f3n General de Integraci\u00f3n Social de Personas Mayores.<\/p>\n<p>Tambi\u00e9n estuvieron presentes la Direcci\u00f3n de Adultos Mayores de Entre R\u00edos; el Foro de Derechos de Personas Mayores; el Centro de Jubilados y Pensionados provinciales (seccional Paran\u00e1); el Centro de Jubilados y Pensionados de los Profesionales de la Ingenier\u00eda, Asociaci\u00f3n para Adultos Mayores \u201cEl Recreo\u201d; la Federaci\u00f3n de Jubilados y Pensionados de Entre R\u00edos, y el Centro de Jubilados y Pensionados de la Naci\u00f3n.<\/p>\n","protected":false},"excerpt":{"rendered":"<p>La Defensora de los Derechos de las Personas Mayores de la Defensor\u00eda del Pueblo de Paran\u00e1, Ligia Blanco, particip\u00f3 de actividades y encuentros en el marco del D\u00eda de las Personas Mayores. El 1 de octubre se celebr\u00f3 en el pa\u00eds el D\u00eda de las Personas Mayores, fecha que invita a la concientizaci\u00f3n sobre las [&hellip;]<\/p>\n","protected":false},"author":2,"featured_media":5433,"comment_status":"open","ping_status":"open","sticky":false,"template":"","format":"standard","meta":{"om_disable_all_campaigns":false,"_monsterinsights_skip_tracking":false,"_monsterinsights_sitenote_active":false,"_monsterinsights_sitenote_note":"","_monsterinsights_sitenote_category":0},"categories":[1],"tags":[],"_links":{"self":[{"href":"https:\/\/defensoriaparana.com.ar\/index.php\/wp-json\/wp\/v2\/posts\/5431"}],"collection":[{"href":"https:\/\/defensoriaparana.com.ar\/index.php\/wp-json\/wp\/v2\/posts"}],"about":[{"href":"https:\/\/defensoriaparana.com.ar\/index.php\/wp-json\/wp\/v2\/types\/post"}],"author":[{"embeddable":true,"href":"https:\/\/defensoriaparana.com.ar\/index.php\/wp-json\/wp\/v2\/users\/2"}],"replies":[{"embeddable":true,"href":"https:\/\/defensoriaparana.com.ar\/index.php\/wp-json\/wp\/v2\/comments?post=5431"}],"version-history":[{"count":2,"href":"https:\/\/defensoriaparana.com.ar\/index.php\/wp-json\/wp\/v2\/posts\/5431\/revisions"}],"predecessor-version":[{"id":5435,"href":"https:\/\/defensoriaparana.com.ar\/index.php\/wp-json\/wp\/v2\/posts\/5431\/revisions\/5435"}],"wp:featuredmedia":[{"embeddable":true,"href":"https:\/\/defensoriaparana.com.ar\/index.php\/wp-json\/wp\/v2\/media\/5433"}],"wp:attachment":[{"href":"https:\/\/defensoriaparana.com.ar\/index.php\/wp-json\/wp\/v2\/media?parent=5431"}],"wp:term":[{"taxonomy":"category","embeddable":true,"href":"https:\/\/defensoriaparana.com.ar\/index.php\/wp-json\/wp\/v2\/categories?post=5431"},{"taxonomy":"post_tag","embeddable":true,"href":"https:\/\/defensoriaparana.com.ar\/index.php\/wp-json\/wp\/v2\/tags?post=5431"}],"curies":[{"name":"wp","href":"https:\/\/api.w.org\/{rel}","templated":true}]}}