{"id":5447,"date":"2024-11-21T10:37:00","date_gmt":"2024-11-21T10:37:00","guid":{"rendered":"https:\/\/defensoriaparana.com.ar\/?p=5447"},"modified":"2025-08-11T14:08:05","modified_gmt":"2025-08-11T14:08:05","slug":"personas-con-discapacidad-reunion-en-la-defensoria-del-pueblo-ante-dificultades-en-el-acceso-a-la-gratuidad-de-pasajes-de-larga-distancia","status":"publish","type":"post","link":"https:\/\/defensoriaparana.com.ar\/index.php\/2024\/11\/21\/personas-con-discapacidad-reunion-en-la-defensoria-del-pueblo-ante-dificultades-en-el-acceso-a-la-gratuidad-de-pasajes-de-larga-distancia\/","title":{"rendered":"Personas con discapacidad: Reuni\u00f3n en la Defensor\u00eda del Pueblo ante dificultades en el acceso a la gratuidad de pasajes de larga distancia"},"content":{"rendered":"<p><em>Las Defensoras del Pueblo de Paran\u00e1 se reunieron con integrantes de organizaciones representativas de los derechos de personas con discapacidad de la ciudad. Desde la instituci\u00f3n se inform\u00f3 sobre la plena vigencia de la ley que establece la gratuidad de los pasajes en el transporte terrestre, tras registrarse reclamos de pasajeros ante la negativa de empresas a otorgar el beneficio. Se firm\u00f3 un documento.\u00a0<\/em><\/p>\n<p>Este mi\u00e9rcoles por la tarde, las Defensoras del Pueblo de Paran\u00e1, Marcia L\u00f3pez y Cecilia Pautaso (Adjunta), se reunieron en la sede de la instituci\u00f3n con integrantes de organizaciones representativas de los derechos de las personas con discapacidad de la ciudad. El encuentro fue a partir de la situaci\u00f3n recibida a nivel nacional por Defensor\u00edas del Pueblo, de parte de personas con discapacidad usuarias del transporte urbano de pasajeros terrestre, ante la negativa de empresas de seguir otorgando pasajes gratuitos, tal cual lo establece la ley 22.431.<\/p>\n<p>Durante la reuni\u00f3n, se analiz\u00f3 la vigencia de la norma nacional que establece un Sistema de Protecci\u00f3n Integral a las personas con discapacidad y el art\u00edculo 20 dedicado al derecho de gratuidad del transporte, en contraste con la actitud de empresas de colectivos que basan su negativa a partir de los recientes cambios introducidos en el servicio por el Decreto Nacional 883\/2024. Cabe recordar que a principios de octubre, a trav\u00e9s de este decreto, se avanz\u00f3 en la desregulaci\u00f3n del transporte automotor de larga y media distancia.<\/p>\n<p>La problem\u00e1tica fue tema de preocupaci\u00f3n de la Asociaci\u00f3n de Defensores y Defensoras del Pueblo de la Rep\u00fablica Argentina (Adpra), por lo que el 29 de octubre realiz\u00f3 una serie de presentaciones en organismos nacionales. A la par, las Defensor\u00edas del Pueblo de la Provincia de Santa Fe y de la Ciudad de Paran\u00e1 se reunieron la semana pasada en la vecina capital e iniciaron acciones con el fin de difundir y promover el respeto a la ley y el derecho de gratuidad. En ese sentido, se redact\u00f3 un manifiesto en conjunto con el aval de organizaciones santafesinas y paranaenses, las que en sendos encuentros en las Defensor\u00edas expusieron los inconvenientes que han debido afrontar en relaci\u00f3n al acceso al transporte, entre otros aspectos.<\/p>\n<p><img loading=\"lazy\" class=\"alignnone wp-image-5448 size-large\" src=\"http:\/\/defensoriaparana.com.ar\/wp-content\/uploads\/2024\/11\/REUNION-1-1024x768.jpg\" alt=\"\" width=\"960\" height=\"720\" srcset=\"https:\/\/defensoriaparana.com.ar\/wp-content\/uploads\/2024\/11\/REUNION-1-1024x768.jpg 1024w, https:\/\/defensoriaparana.com.ar\/wp-content\/uploads\/2024\/11\/REUNION-1-300x225.jpg 300w, https:\/\/defensoriaparana.com.ar\/wp-content\/uploads\/2024\/11\/REUNION-1-768x576.jpg 768w, https:\/\/defensoriaparana.com.ar\/wp-content\/uploads\/2024\/11\/REUNION-1-1536x1152.jpg 1536w, https:\/\/defensoriaparana.com.ar\/wp-content\/uploads\/2024\/11\/REUNION-1.jpg 1600w\" sizes=\"(max-width: 960px) 100vw, 960px\" \/><\/p>\n<p><strong>Gestiones a nivel nacional y acci\u00f3n judicial<\/strong><\/p>\n<p>La Adpra, que nuclea a las Defensor\u00edas del Pueblo del pa\u00eds, entre ellas a la de Paran\u00e1, en su \u00faltima reuni\u00f3n en Santa Fe realizada a finales de octubre, resolvi\u00f3 requerir a la Comisi\u00f3n Nacional de Regulaci\u00f3n del Transporte (CNRT) una serie de cuestiones relacionadas al acceso gratuito de las personas con discapacidad al transporte terrestre, tras \u201cla escalada de denuncias que se reciben sobre la negativa de las empresas a otorgar (los pasajes)\u201d.\u00a0 Ante la solicitud, la CNRT inform\u00f3 que interpuso una acci\u00f3n judicial contra la C\u00e1mara Empresaria de Transporte Interurbano en Jurisdicci\u00f3n Nacional de Pasajeros para que, \u201cde manera inmediata, se cumpla con la obligaci\u00f3n impuesta por la ley 22.431\u201d y enumer\u00f3 m\u00e1s de 250 actas de infracci\u00f3n labradas a 19 empresas de colectivos en un operativo de control realizado en Retiro, Buenos Aires.<\/p>\n<p><strong>Manifiesto<\/strong><\/p>\n<p>L yas Defensor\u00edas del Pueblo de ambas provincias junto a organizaciones locales redactaron un manifiesto por el que ratifican la vigencia de la Ley Nacional 22.431, la Convenci\u00f3n Internacional sobre los Derechos de las Personas con Discapacidad y ponen \u00e9nfasis, ante la emisi\u00f3n del Decreto Nacional relacionado al transporte, en la jerarqu\u00eda superior e indiscutible de la legislaci\u00f3n actual. Al respecto, se aclara que el decreto en cuesti\u00f3n \u201caunque modifica aspectos del r\u00e9gimen tarifario y la administraci\u00f3n del transporte, no deroga ni limita la obligaci\u00f3n de otorgar gratuidad en los pasajes a las personas con discapacidad\u201d.<\/p>\n<p>Por \u00faltimo, se insta en el escrito a que la CNRT contin\u00fae supervisando y sancionando cualquier incumplimiento de la normativa y expresa el respaldo a la medida cautelar solicitada ante el Poder Judicial por la Comisi\u00f3n Nacional de Regulaci\u00f3n del Transporte \u201cpara que se restablezcan los servicios eliminados y se garantice el cumplimiento de la gratuidad\u201d.<\/p>\n<p>Participaron de la reuni\u00f3n Mar\u00eda Emilia Segovia, de AMAR Entre R\u00edos (Ayuda Mutua Artritis Reumatoidea); Laura Petrucci, de Fundaci\u00f3n Cris\u00e1lida; J\u00e9sica Escouboue, de autoconvocados; Amar\u00fa M\u00e9ndez, de la Asociaci\u00f3n Neurocea (Asociaci\u00f3n Civil de Autismo, Asperger y Neurodiversidad de Entre R\u00edos), Cristina Ripari, directora de Pol\u00edticas de Integraci\u00f3n y Discapacidad de la Municipalidad de Paran\u00e1 y \u00c9lida Cabrera y Vanesa Erbes, relacionadas con la tem\u00e1tica.\u00a0 Se aclar\u00f3 que contin\u00faa abierta la convocatoria a participar de la firma del documento a organizaciones del sector.<\/p>\n","protected":false},"excerpt":{"rendered":"<p>Las Defensoras del Pueblo de Paran\u00e1 se reunieron con integrantes de organizaciones representativas de los derechos de personas con discapacidad de la ciudad. Desde la instituci\u00f3n se inform\u00f3 sobre la plena vigencia de la ley que establece la gratuidad de los pasajes en el transporte terrestre, tras registrarse reclamos de pasajeros ante la negativa de [&hellip;]<\/p>\n","protected":false},"author":2,"featured_media":5449,"comment_status":"open","ping_status":"open","sticky":false,"template":"","format":"standard","meta":{"om_disable_all_campaigns":false,"_monsterinsights_skip_tracking":false,"_monsterinsights_sitenote_active":false,"_monsterinsights_sitenote_note":"","_monsterinsights_sitenote_category":0},"categories":[1],"tags":[],"_links":{"self":[{"href":"https:\/\/defensoriaparana.com.ar\/index.php\/wp-json\/wp\/v2\/posts\/5447"}],"collection":[{"href":"https:\/\/defensoriaparana.com.ar\/index.php\/wp-json\/wp\/v2\/posts"}],"about":[{"href":"https:\/\/defensoriaparana.com.ar\/index.php\/wp-json\/wp\/v2\/types\/post"}],"author":[{"embeddable":true,"href":"https:\/\/defensoriaparana.com.ar\/index.php\/wp-json\/wp\/v2\/users\/2"}],"replies":[{"embeddable":true,"href":"https:\/\/defensoriaparana.com.ar\/index.php\/wp-json\/wp\/v2\/comments?post=5447"}],"version-history":[{"count":4,"href":"https:\/\/defensoriaparana.com.ar\/index.php\/wp-json\/wp\/v2\/posts\/5447\/revisions"}],"predecessor-version":[{"id":6110,"href":"https:\/\/defensoriaparana.com.ar\/index.php\/wp-json\/wp\/v2\/posts\/5447\/revisions\/6110"}],"wp:featuredmedia":[{"embeddable":true,"href":"https:\/\/defensoriaparana.com.ar\/index.php\/wp-json\/wp\/v2\/media\/5449"}],"wp:attachment":[{"href":"https:\/\/defensoriaparana.com.ar\/index.php\/wp-json\/wp\/v2\/media?parent=5447"}],"wp:term":[{"taxonomy":"category","embeddable":true,"href":"https:\/\/defensoriaparana.com.ar\/index.php\/wp-json\/wp\/v2\/categories?post=5447"},{"taxonomy":"post_tag","embeddable":true,"href":"https:\/\/defensoriaparana.com.ar\/index.php\/wp-json\/wp\/v2\/tags?post=5447"}],"curies":[{"name":"wp","href":"https:\/\/api.w.org\/{rel}","templated":true}]}}