{"id":5464,"date":"2024-11-27T17:38:16","date_gmt":"2024-11-27T17:38:16","guid":{"rendered":"https:\/\/defensoriaparana.com.ar\/?p=5464"},"modified":"2024-11-28T12:01:26","modified_gmt":"2024-11-28T12:01:26","slug":"mesa-de-politicas-publicas-sobre-personas-mayores-veredas-colectivos-y-semaforos-temas-de-la-ultima-reunion-del-ano","status":"publish","type":"post","link":"https:\/\/defensoriaparana.com.ar\/index.php\/2024\/11\/27\/mesa-de-politicas-publicas-sobre-personas-mayores-veredas-colectivos-y-semaforos-temas-de-la-ultima-reunion-del-ano\/","title":{"rendered":"Mesa de Pol\u00edticas P\u00fablicas para Personas Mayores: veredas, colectivos y sem\u00e1foros, temas de la \u00faltima reuni\u00f3n del a\u00f1o"},"content":{"rendered":"<p>El martes se llev\u00f3 a cabo la s\u00e9ptima y \u00faltima reuni\u00f3n de este a\u00f1o de la Mesa de Pol\u00edticas P\u00fablicas Municipales para Personas Mayores. La actividad se desarroll\u00f3 en la sede de la Asociaci\u00f3n El Recreo, en calle Alem 354, y fue organizada por la Defensora de los Derechos de las Personas Mayores de la Defensor\u00eda del Pueblo de Paran\u00e1, Ligia Blanco.<br \/>\nDurante el encuentro, uno de los temas abordados fue sobre el estado de las veredas de la ciudad. Los reclamos giraron en torno de las roturas de la mayor\u00eda y de la carencia total en algunas zonas. \u201cEstamos esperando el expediente que detalla lo planificado para el a\u00f1o 2025 por el Municipio para avanzar en este punto\u201d, dijo Blanco.<br \/>\nAsimismo, se inform\u00f3 que \u201cla Defensor\u00eda mantuvo reuniones con funcionarios para abordar la problem\u00e1tica sobre el funcionamiento del transporte urbano de pasajeros, y tiene previsto presentar por escrito todas las peticiones correspondientes. Es de p\u00fablico conocimiento que se est\u00e1 trabajando en la elaboraci\u00f3n del pliego de condiciones\u201d.<br \/>\nEn la reuni\u00f3n tambi\u00e9n se record\u00f3 la necesidad se\u00f1alizar los estacionamientos con prioridad en la zona de la Costanera destinados a personas mayores. \u201cEs una medida que ya no se respeta\u201d, se remarc\u00f3.<\/p>\n<p>&nbsp;<\/p>\n<p><img loading=\"lazy\" class=\"alignnone wp-image-5467 size-large\" src=\"http:\/\/defensoriaparana.com.ar\/wp-content\/uploads\/2024\/11\/reunion-Ligia-1024x461.jpg\" alt=\"\" width=\"960\" height=\"432\" srcset=\"https:\/\/defensoriaparana.com.ar\/wp-content\/uploads\/2024\/11\/reunion-Ligia-1024x461.jpg 1024w, https:\/\/defensoriaparana.com.ar\/wp-content\/uploads\/2024\/11\/reunion-Ligia-300x135.jpg 300w, https:\/\/defensoriaparana.com.ar\/wp-content\/uploads\/2024\/11\/reunion-Ligia-768x346.jpg 768w, https:\/\/defensoriaparana.com.ar\/wp-content\/uploads\/2024\/11\/reunion-Ligia-1536x691.jpg 1536w, https:\/\/defensoriaparana.com.ar\/wp-content\/uploads\/2024\/11\/reunion-Ligia.jpg 1600w\" sizes=\"(max-width: 960px) 100vw, 960px\" \/><br \/>\nSiguiendo esta l\u00ednea, se enfatiz\u00f3 en la necesidad de reajustar el tiempo de transici\u00f3n de los sem\u00e1foros en toda la ciudad y as\u00ed considerar el cruce de las personas mayores o con problemas de movilidad. Al respecto, se recibi\u00f3 la informaci\u00f3n de que \u201cser\u00eda dificultoso de modificar porque est\u00e1n sincronizados para la onda verde, lo que prioriza el desplazamiento vehicular, aunque igualmente seguimos insistiendo en el tema\u201d, se sostuvo.<br \/>\nPor otro lado, desde la Defensor\u00eda de los Derechos de las Personas Mayores se mantuvo una charla con la directora municipal del Registro de Licencias de Conducir, Lucrecia Scand\u00f3n, a quien se \u201cle solicit\u00f3 llevar acciones necesarias para profundizar las campa\u00f1as de concientizaci\u00f3n vial, las cuales implicar\u00edan enfatizar sobre el respeto a la senda peatonal, y la falta y\/o inconvenientes en la ubicaci\u00f3n de carteles se\u00f1alizadores de las calles, entre otros puntos\u201d, se enfatiz\u00f3.<br \/>\nFinalmente, durante el desarrollo de la Mesa se continuaron temas que surgieron en el Consejo de Personas Mayores, en una reuni\u00f3n realizada el 5 de noviembre en la misma sede, con distintos funcionarios a cargo de las instituciones relacionadas con dicha problem\u00e1tica.<br \/>\n\u201cSe dialog\u00f3 sobre la necesidad de establecer protocolos de intervenci\u00f3n para abordar situaciones que vulneran los derechos de las personas mayores, entre los cuales se destaca el mejoramiento de los dispositivos de salud mental gratuitos disponibles para este sector poblacional. Actualmente se est\u00e1 esperando que cada organismo defina su competencia para luego organizar una gu\u00eda de trabajo\u201d, explic\u00f3 Blanco.<\/p>\n<p><img loading=\"lazy\" class=\"alignnone wp-image-5465 size-large\" src=\"http:\/\/defensoriaparana.com.ar\/wp-content\/uploads\/2024\/11\/reunion-Ligia-2-1024x461.jpg\" alt=\"\" width=\"960\" height=\"432\" srcset=\"https:\/\/defensoriaparana.com.ar\/wp-content\/uploads\/2024\/11\/reunion-Ligia-2-1024x461.jpg 1024w, https:\/\/defensoriaparana.com.ar\/wp-content\/uploads\/2024\/11\/reunion-Ligia-2-300x135.jpg 300w, https:\/\/defensoriaparana.com.ar\/wp-content\/uploads\/2024\/11\/reunion-Ligia-2-768x346.jpg 768w, https:\/\/defensoriaparana.com.ar\/wp-content\/uploads\/2024\/11\/reunion-Ligia-2-1536x691.jpg 1536w, https:\/\/defensoriaparana.com.ar\/wp-content\/uploads\/2024\/11\/reunion-Ligia-2.jpg 1600w\" sizes=\"(max-width: 960px) 100vw, 960px\" \/><\/p>\n<p>Por el municipio de Paran\u00e1, participaron de la Mesa de Pol\u00edticas P\u00fablicas la Subsecretar\u00eda de Pol\u00edticas Sociales; la Direcci\u00f3n de Planificaci\u00f3n Comunitaria y Gesti\u00f3n de Usos, y la Direcci\u00f3n General de Integraci\u00f3n Social de Personas Mayores.<br \/>\nPor la provincia, estuvieron presentes la Direcci\u00f3n de Adultos Mayores; el Centro de Jubilados y Pensionados, secci\u00f3n Paran\u00e1; el Centro de Jubilados y Pensionados de los Profesionales de la Ingenier\u00eda; referentes de la Asociaci\u00f3n \u201cEl Recreo\u201d y del Programa Adulteces y Vejeces de la Facultad de Facultad de Humanidades, Artes y Ciencias Sociales (FHAyCS) de la Universidad Aut\u00f3noma de Entre R\u00edos (UADER); y representantes de la Federaci\u00f3n del Jubilados y Pensionados Provinciales.<\/p>\n","protected":false},"excerpt":{"rendered":"<p>El martes se llev\u00f3 a cabo la s\u00e9ptima y \u00faltima reuni\u00f3n de este a\u00f1o de la Mesa de Pol\u00edticas P\u00fablicas Municipales para Personas Mayores. La actividad se desarroll\u00f3 en la sede de la Asociaci\u00f3n El Recreo, en calle Alem 354, y fue organizada por la Defensora de los Derechos de las Personas Mayores de la [&hellip;]<\/p>\n","protected":false},"author":2,"featured_media":5466,"comment_status":"open","ping_status":"open","sticky":false,"template":"","format":"standard","meta":{"om_disable_all_campaigns":false,"_monsterinsights_skip_tracking":false,"_monsterinsights_sitenote_active":false,"_monsterinsights_sitenote_note":"","_monsterinsights_sitenote_category":0},"categories":[1],"tags":[],"_links":{"self":[{"href":"https:\/\/defensoriaparana.com.ar\/index.php\/wp-json\/wp\/v2\/posts\/5464"}],"collection":[{"href":"https:\/\/defensoriaparana.com.ar\/index.php\/wp-json\/wp\/v2\/posts"}],"about":[{"href":"https:\/\/defensoriaparana.com.ar\/index.php\/wp-json\/wp\/v2\/types\/post"}],"author":[{"embeddable":true,"href":"https:\/\/defensoriaparana.com.ar\/index.php\/wp-json\/wp\/v2\/users\/2"}],"replies":[{"embeddable":true,"href":"https:\/\/defensoriaparana.com.ar\/index.php\/wp-json\/wp\/v2\/comments?post=5464"}],"version-history":[{"count":4,"href":"https:\/\/defensoriaparana.com.ar\/index.php\/wp-json\/wp\/v2\/posts\/5464\/revisions"}],"predecessor-version":[{"id":5471,"href":"https:\/\/defensoriaparana.com.ar\/index.php\/wp-json\/wp\/v2\/posts\/5464\/revisions\/5471"}],"wp:featuredmedia":[{"embeddable":true,"href":"https:\/\/defensoriaparana.com.ar\/index.php\/wp-json\/wp\/v2\/media\/5466"}],"wp:attachment":[{"href":"https:\/\/defensoriaparana.com.ar\/index.php\/wp-json\/wp\/v2\/media?parent=5464"}],"wp:term":[{"taxonomy":"category","embeddable":true,"href":"https:\/\/defensoriaparana.com.ar\/index.php\/wp-json\/wp\/v2\/categories?post=5464"},{"taxonomy":"post_tag","embeddable":true,"href":"https:\/\/defensoriaparana.com.ar\/index.php\/wp-json\/wp\/v2\/tags?post=5464"}],"curies":[{"name":"wp","href":"https:\/\/api.w.org\/{rel}","templated":true}]}}