{"id":5472,"date":"2024-11-28T15:45:45","date_gmt":"2024-11-28T15:45:45","guid":{"rendered":"https:\/\/defensoriaparana.com.ar\/?p=5472"},"modified":"2024-11-29T14:08:02","modified_gmt":"2024-11-29T14:08:02","slug":"la-defensoria-del-pueblo-integra-un-proyecto-de-estudio-sobre-la-poblacion-migrante-en-parana","status":"publish","type":"post","link":"https:\/\/defensoriaparana.com.ar\/index.php\/2024\/11\/28\/la-defensoria-del-pueblo-integra-un-proyecto-de-estudio-sobre-la-poblacion-migrante-en-parana\/","title":{"rendered":"La Defensor\u00eda del Pueblo integra un proyecto de estudio sobre la poblaci\u00f3n migrante en Paran\u00e1"},"content":{"rendered":"<p>La Defensora del Pueblo de Paran\u00e1, Marcia L\u00f3pez, particip\u00f3 este jueves de una reuni\u00f3n para tratar la tem\u00e1tica de la poblaci\u00f3n migrante en la ciudad. La actividad se enmarca en un proyecto encarado por la Organizaci\u00f3n Internacional para las Migraciones (OIM), del Sistema de las Naciones Unidas, y Paran\u00e1 fue seleccionada como uno de los pocos municipios argentinos de estudio.<br \/>\n\u201cAumentar la participaci\u00f3n de las mujeres migrantes y las diversidades en la gobernanza de la migraci\u00f3n y las pol\u00edticas afines\u201d es el t\u00edtulo de la iniciativa que reuni\u00f3, en un primer encuentro, a funcionarios municipales, migrantes y representantes de organizaciones civiles.<\/p>\n<p><img loading=\"lazy\" class=\"alignnone wp-image-5477 size-large\" src=\"http:\/\/defensoriaparana.com.ar\/wp-content\/uploads\/2024\/11\/WhatsApp-Image-2024-11-28-at-12.41.59-768x1024.jpeg\" alt=\"\" width=\"768\" height=\"1024\" srcset=\"https:\/\/defensoriaparana.com.ar\/wp-content\/uploads\/2024\/11\/WhatsApp-Image-2024-11-28-at-12.41.59-768x1024.jpeg 768w, https:\/\/defensoriaparana.com.ar\/wp-content\/uploads\/2024\/11\/WhatsApp-Image-2024-11-28-at-12.41.59-225x300.jpeg 225w, https:\/\/defensoriaparana.com.ar\/wp-content\/uploads\/2024\/11\/WhatsApp-Image-2024-11-28-at-12.41.59-1152x1536.jpeg 1152w, https:\/\/defensoriaparana.com.ar\/wp-content\/uploads\/2024\/11\/WhatsApp-Image-2024-11-28-at-12.41.59.jpeg 1200w\" sizes=\"(max-width: 768px) 100vw, 768px\" \/><br \/>\nEn cuanto a la Defensor\u00eda del Pueblo, Marcia L\u00f3pez explic\u00f3 que la instituci\u00f3n participa en vista del trabajo que desarrolla en defensa y promoci\u00f3n de los derechos de las personas migrantes.<br \/>\nLa Defensor\u00eda brinda hist\u00f3ricamente atenci\u00f3n y asesoramiento, por lo que puede dar cuenta de las \u201cdificultades de acceso a derechos\u201d que suelen afrontar las personas que llegan a la ciudad y a la provincia. Al respecto, la Defensora coment\u00f3 en la mesa de trabajo que, por ejemplo, la Direcci\u00f3n Nacional de Migraciones se encuentra en Concepci\u00f3n del Uruguay y que los tr\u00e1mites obligatoriamente deben ser realizado de manera presencial. La exigencia resulta, en casos de escasez de recursos econ\u00f3micos, un obst\u00e1culo dif\u00edcil de sortear, acot\u00f3.<br \/>\nLa reuni\u00f3n se realiz\u00f3 en la sede de la Secretar\u00eda de Desarrollo Humano de la Municipalidad. El proyecto estar\u00e1 a cargo de la Subsecretar\u00eda de Pol\u00edticas de G\u00e9nero y Diversidad del Municipio de Paran\u00e1 y de la Secretar\u00eda de Derechos Humanos de la Naci\u00f3n, \u00e1reas consideradas puntos focales para llevarlo adelante.<\/p>\n","protected":false},"excerpt":{"rendered":"<p>La Defensora del Pueblo de Paran\u00e1, Marcia L\u00f3pez, particip\u00f3 este jueves de una reuni\u00f3n para tratar la tem\u00e1tica de la poblaci\u00f3n migrante en la ciudad. La actividad se enmarca en un proyecto encarado por la Organizaci\u00f3n Internacional para las Migraciones (OIM), del Sistema de las Naciones Unidas, y Paran\u00e1 fue seleccionada como uno de los [&hellip;]<\/p>\n","protected":false},"author":2,"featured_media":5473,"comment_status":"open","ping_status":"open","sticky":false,"template":"","format":"standard","meta":{"om_disable_all_campaigns":false,"_monsterinsights_skip_tracking":false,"_monsterinsights_sitenote_active":false,"_monsterinsights_sitenote_note":"","_monsterinsights_sitenote_category":0},"categories":[1],"tags":[],"_links":{"self":[{"href":"https:\/\/defensoriaparana.com.ar\/index.php\/wp-json\/wp\/v2\/posts\/5472"}],"collection":[{"href":"https:\/\/defensoriaparana.com.ar\/index.php\/wp-json\/wp\/v2\/posts"}],"about":[{"href":"https:\/\/defensoriaparana.com.ar\/index.php\/wp-json\/wp\/v2\/types\/post"}],"author":[{"embeddable":true,"href":"https:\/\/defensoriaparana.com.ar\/index.php\/wp-json\/wp\/v2\/users\/2"}],"replies":[{"embeddable":true,"href":"https:\/\/defensoriaparana.com.ar\/index.php\/wp-json\/wp\/v2\/comments?post=5472"}],"version-history":[{"count":3,"href":"https:\/\/defensoriaparana.com.ar\/index.php\/wp-json\/wp\/v2\/posts\/5472\/revisions"}],"predecessor-version":[{"id":5485,"href":"https:\/\/defensoriaparana.com.ar\/index.php\/wp-json\/wp\/v2\/posts\/5472\/revisions\/5485"}],"wp:featuredmedia":[{"embeddable":true,"href":"https:\/\/defensoriaparana.com.ar\/index.php\/wp-json\/wp\/v2\/media\/5473"}],"wp:attachment":[{"href":"https:\/\/defensoriaparana.com.ar\/index.php\/wp-json\/wp\/v2\/media?parent=5472"}],"wp:term":[{"taxonomy":"category","embeddable":true,"href":"https:\/\/defensoriaparana.com.ar\/index.php\/wp-json\/wp\/v2\/categories?post=5472"},{"taxonomy":"post_tag","embeddable":true,"href":"https:\/\/defensoriaparana.com.ar\/index.php\/wp-json\/wp\/v2\/tags?post=5472"}],"curies":[{"name":"wp","href":"https:\/\/api.w.org\/{rel}","templated":true}]}}