{"id":5480,"date":"2024-11-28T20:43:48","date_gmt":"2024-11-28T20:43:48","guid":{"rendered":"https:\/\/defensoriaparana.com.ar\/?p=5480"},"modified":"2024-11-28T20:44:25","modified_gmt":"2024-11-28T20:44:25","slug":"discapacidad-la-justicia-confirmo-que-las-empresas-de-colectivos-de-media-y-larga-distancia-deberan-cumplir-con-la-entrega-de-pasajes","status":"publish","type":"post","link":"https:\/\/defensoriaparana.com.ar\/index.php\/2024\/11\/28\/discapacidad-la-justicia-confirmo-que-las-empresas-de-colectivos-de-media-y-larga-distancia-deberan-cumplir-con-la-entrega-de-pasajes\/","title":{"rendered":"Discapacidad: la Justicia confirm\u00f3 que las empresas de colectivos de media y larga distancia deber\u00e1n cumplir con la entrega de pasajes"},"content":{"rendered":"<p style=\"font-weight: 400;\"><em>La Defensor\u00eda del Pueblo de Paran\u00e1 fue una de las instituciones del pa\u00eds que convoc\u00f3 a organizaciones representativas de los derechos de personas con discapacidad y recept\u00f3 la queja ante la negativa de empresas de transporte de otorgar el boleto, tal cual lo establece una ley nacional. Con la intervenci\u00f3n de la CNRT, la Justicia se expidi\u00f3 en las \u00faltimas horas a favor de la vigencia del derecho. Ante inconvenientes en el acceso, los usuarios podr\u00e1n dirigirse al organismo de control.<\/em><\/p>\n<p style=\"font-weight: 400;\">Ante los inconvenientes para acceder al pasaje gratuito de media y larga distancia por parte de personas con discapacidad de la ciudad y la provincia, la Defensor\u00eda del Pueblo de Paran\u00e1 inici\u00f3 gestiones junto a su par de Santa Fe en el marco de la Asociaci\u00f3n de Defensores y Defensoras del Pueblo de la Rep\u00fablica Argentina (Adpra). Desde esta organizaci\u00f3n, se elev\u00f3 el reclamo a la Comisi\u00f3n Nacional de Regulaci\u00f3n del Transporte (CNRT), organismo de control del servicio, el que en octubre interpuso una acci\u00f3n judicial contra la C\u00e1mara Empresaria de Transporte Interurbano para que, \u201cde manera inmediata, se cumpla con la obligaci\u00f3n impuesta por la ley 22.431\u201d, norma que establece la gratuidad del pasaje para las personas con discapacidad.<\/p>\n<p style=\"font-weight: 400;\">En las \u00faltimas horas, se inform\u00f3 oficialmente que la resoluci\u00f3n judicial \u201cdetermina que las empresas de micros deber\u00e1n dar cumplimiento con los pasajes para las personas con discapacidad de forma inmediata\u201d.<\/p>\n<p style=\"font-weight: 400;\">Y agrega que \u201cel Juzgado Contencioso Administrativo Federal n\u00famero 11 orden\u00f3 a las empresas integrantes de la C\u00e1mara Empresaria de Larga Distancia (CELADI) que \u00b4de modo inmediato procedan a dar cumplimiento con la obligaci\u00f3n establecida en las leyes 22.431, 26.928 y 27.674\u00b4, lo que representa otorgar los pasajes para las personas con discapacidad\u201d.<\/p>\n<p style=\"font-weight: 400;\">Ante el fallo, desde la Defensor\u00eda del Pueblo se informa a aquellos usuarios que contin\u00faen con dificultades para obtener el beneficio que pueden acudir a la oficina de la Comisi\u00f3n Nacional de Regulaci\u00f3n del Transporte (CNRT), ubicada en la Terminal de \u00d3mnibus de Paran\u00e1 para realizar reclamos presenciales de 7 a 10 y de 13.30 a 22 horas. Tambi\u00e9n, el organismo pone a disposici\u00f3n su p\u00e1gina oficial, ya que se afirm\u00f3 que la Comisi\u00f3n \u201ccontinuar\u00e1 registrando las denuncias de los usuarios, en los casos de incumplimiento de las empresas, y se utilizar\u00e1n todas las herramientas legales y administrativas para hacer cumplir y valer los derechos de los usuarios de transporte\u201d.<\/p>\n<p style=\"font-weight: 400;\">Entre las acciones realizadas por la Defensor\u00eda del Pueblo de Paran\u00e1, se llev\u00f3 a cabo una reuni\u00f3n el 20 de noviembre con distintas organizaciones de la ciudad y referentes de la problem\u00e1tica, al tiempo que se elabor\u00f3 un petitorio de manera conjunta con Santa Fe y ONG\u00b4s locales.<\/p>\n","protected":false},"excerpt":{"rendered":"<p>La Defensor\u00eda del Pueblo de Paran\u00e1 fue una de las instituciones del pa\u00eds que convoc\u00f3 a organizaciones representativas de los derechos de personas con discapacidad y recept\u00f3 la queja ante la negativa de empresas de transporte de otorgar el boleto, tal cual lo establece una ley nacional. Con la intervenci\u00f3n de la CNRT, la Justicia [&hellip;]<\/p>\n","protected":false},"author":2,"featured_media":5481,"comment_status":"open","ping_status":"open","sticky":false,"template":"","format":"standard","meta":{"om_disable_all_campaigns":false,"_monsterinsights_skip_tracking":false,"_monsterinsights_sitenote_active":false,"_monsterinsights_sitenote_note":"","_monsterinsights_sitenote_category":0},"categories":[1],"tags":[],"_links":{"self":[{"href":"https:\/\/defensoriaparana.com.ar\/index.php\/wp-json\/wp\/v2\/posts\/5480"}],"collection":[{"href":"https:\/\/defensoriaparana.com.ar\/index.php\/wp-json\/wp\/v2\/posts"}],"about":[{"href":"https:\/\/defensoriaparana.com.ar\/index.php\/wp-json\/wp\/v2\/types\/post"}],"author":[{"embeddable":true,"href":"https:\/\/defensoriaparana.com.ar\/index.php\/wp-json\/wp\/v2\/users\/2"}],"replies":[{"embeddable":true,"href":"https:\/\/defensoriaparana.com.ar\/index.php\/wp-json\/wp\/v2\/comments?post=5480"}],"version-history":[{"count":2,"href":"https:\/\/defensoriaparana.com.ar\/index.php\/wp-json\/wp\/v2\/posts\/5480\/revisions"}],"predecessor-version":[{"id":5483,"href":"https:\/\/defensoriaparana.com.ar\/index.php\/wp-json\/wp\/v2\/posts\/5480\/revisions\/5483"}],"wp:featuredmedia":[{"embeddable":true,"href":"https:\/\/defensoriaparana.com.ar\/index.php\/wp-json\/wp\/v2\/media\/5481"}],"wp:attachment":[{"href":"https:\/\/defensoriaparana.com.ar\/index.php\/wp-json\/wp\/v2\/media?parent=5480"}],"wp:term":[{"taxonomy":"category","embeddable":true,"href":"https:\/\/defensoriaparana.com.ar\/index.php\/wp-json\/wp\/v2\/categories?post=5480"},{"taxonomy":"post_tag","embeddable":true,"href":"https:\/\/defensoriaparana.com.ar\/index.php\/wp-json\/wp\/v2\/tags?post=5480"}],"curies":[{"name":"wp","href":"https:\/\/api.w.org\/{rel}","templated":true}]}}