{"id":5487,"date":"2024-11-29T17:51:55","date_gmt":"2024-11-29T17:51:55","guid":{"rendered":"https:\/\/defensoriaparana.com.ar\/?p=5487"},"modified":"2024-11-29T17:51:55","modified_gmt":"2024-11-29T17:51:55","slug":"las-defensoras-del-pueblo-participaron-de-una-jornada-de-la-justicia-de-faltas-provincial","status":"publish","type":"post","link":"https:\/\/defensoriaparana.com.ar\/index.php\/2024\/11\/29\/las-defensoras-del-pueblo-participaron-de-una-jornada-de-la-justicia-de-faltas-provincial\/","title":{"rendered":"Las Defensoras del Pueblo participaron de una jornada de la Justicia de Faltas provincial"},"content":{"rendered":"<div dir=\"auto\"><\/div>\n<div dir=\"auto\">Ante el trabajo que realiza la Defensor\u00eda del Pueblo de Paran\u00e1 relacionado a reclamos por multas a causa de distintas infracciones, principalmente de tr\u00e1nsito, las Defensoras del Pueblo de Paran\u00e1, Marcia L\u00f3pez y Cecilia Pautaso (Adjunta), junto a personal de la instituci\u00f3n, asistieron a una jornada de Justicia de Faltas desarrollada este viernes.<\/div>\n<div dir=\"auto\">La actividad fue organizada por la Municipalidad de Paran\u00e1 y estuvo dirigida a Jueces y Juezas de Faltas de los Municipios de la Provincia de Entre R\u00edos, funcionarios de los tres poderes del Estado Provincial, profesionales del derecho y p\u00fablico interesado en la tem\u00e1tica.<\/div>\n<div dir=\"auto\"><img loading=\"lazy\" class=\"alignnone wp-image-5489 \" src=\"http:\/\/defensoriaparana.com.ar\/wp-content\/uploads\/2024\/11\/WhatsApp-Image-2024-11-29-at-10.22.28-1024x768.jpeg\" alt=\"\" width=\"677\" height=\"508\" srcset=\"https:\/\/defensoriaparana.com.ar\/wp-content\/uploads\/2024\/11\/WhatsApp-Image-2024-11-29-at-10.22.28-1024x768.jpeg 1024w, https:\/\/defensoriaparana.com.ar\/wp-content\/uploads\/2024\/11\/WhatsApp-Image-2024-11-29-at-10.22.28-300x225.jpeg 300w, https:\/\/defensoriaparana.com.ar\/wp-content\/uploads\/2024\/11\/WhatsApp-Image-2024-11-29-at-10.22.28-768x576.jpeg 768w, https:\/\/defensoriaparana.com.ar\/wp-content\/uploads\/2024\/11\/WhatsApp-Image-2024-11-29-at-10.22.28-1536x1152.jpeg 1536w, https:\/\/defensoriaparana.com.ar\/wp-content\/uploads\/2024\/11\/WhatsApp-Image-2024-11-29-at-10.22.28.jpeg 1600w\" sizes=\"(max-width: 677px) 100vw, 677px\" \/><\/div>\n<div dir=\"auto\">Durante la jornada, cuya apertura estuvo a cargo de la Intendenta Rosario Romero, se analizaron aspectos de las multas y los titulares que resultan fundamentales a la hora de considerar cada caso. Por ejemplo, la etapa de comprobaci\u00f3n y el acta de comprobaci\u00f3n de infracci\u00f3n (naturaleza jur\u00eddica, recaudos esenciales y no esenciales; procedencia, nulidad y desestimaci\u00f3n). Tambi\u00e9n se abord\u00f3 el derecho de defensa de los imputados, medidas previas, resoluci\u00f3n sancionatoria y recursos.<\/div>\n<div dir=\"auto\"><img loading=\"lazy\" class=\"alignnone wp-image-5490 \" src=\"http:\/\/defensoriaparana.com.ar\/wp-content\/uploads\/2024\/11\/WhatsApp-Image-2024-11-29-at-10.22.30-768x1024.jpeg\" alt=\"\" width=\"475\" height=\"634\" srcset=\"https:\/\/defensoriaparana.com.ar\/wp-content\/uploads\/2024\/11\/WhatsApp-Image-2024-11-29-at-10.22.30-768x1024.jpeg 768w, https:\/\/defensoriaparana.com.ar\/wp-content\/uploads\/2024\/11\/WhatsApp-Image-2024-11-29-at-10.22.30-225x300.jpeg 225w, https:\/\/defensoriaparana.com.ar\/wp-content\/uploads\/2024\/11\/WhatsApp-Image-2024-11-29-at-10.22.30-1152x1536.jpeg 1152w, https:\/\/defensoriaparana.com.ar\/wp-content\/uploads\/2024\/11\/WhatsApp-Image-2024-11-29-at-10.22.30.jpeg 1200w\" sizes=\"(max-width: 475px) 100vw, 475px\" \/><\/div>\n<div dir=\"auto\"><\/div>\n<div dir=\"auto\">Las exposiciones estuvieron a cargo de especialistas. Luego, tuvo lugar un Plenario de la Asociaci\u00f3n de Magistrados y Funcionarios de la Justicia de Faltas de Entre R\u00edos.<\/div>\n","protected":false},"excerpt":{"rendered":"<p>Ante el trabajo que realiza la Defensor\u00eda del Pueblo de Paran\u00e1 relacionado a reclamos por multas a causa de distintas infracciones, principalmente de tr\u00e1nsito, las Defensoras del Pueblo de Paran\u00e1, Marcia L\u00f3pez y Cecilia Pautaso (Adjunta), junto a personal de la instituci\u00f3n, asistieron a una jornada de Justicia de Faltas desarrollada este viernes. La actividad [&hellip;]<\/p>\n","protected":false},"author":2,"featured_media":5488,"comment_status":"open","ping_status":"open","sticky":false,"template":"","format":"standard","meta":{"om_disable_all_campaigns":false,"_monsterinsights_skip_tracking":false,"_monsterinsights_sitenote_active":false,"_monsterinsights_sitenote_note":"","_monsterinsights_sitenote_category":0},"categories":[1],"tags":[],"_links":{"self":[{"href":"https:\/\/defensoriaparana.com.ar\/index.php\/wp-json\/wp\/v2\/posts\/5487"}],"collection":[{"href":"https:\/\/defensoriaparana.com.ar\/index.php\/wp-json\/wp\/v2\/posts"}],"about":[{"href":"https:\/\/defensoriaparana.com.ar\/index.php\/wp-json\/wp\/v2\/types\/post"}],"author":[{"embeddable":true,"href":"https:\/\/defensoriaparana.com.ar\/index.php\/wp-json\/wp\/v2\/users\/2"}],"replies":[{"embeddable":true,"href":"https:\/\/defensoriaparana.com.ar\/index.php\/wp-json\/wp\/v2\/comments?post=5487"}],"version-history":[{"count":1,"href":"https:\/\/defensoriaparana.com.ar\/index.php\/wp-json\/wp\/v2\/posts\/5487\/revisions"}],"predecessor-version":[{"id":5491,"href":"https:\/\/defensoriaparana.com.ar\/index.php\/wp-json\/wp\/v2\/posts\/5487\/revisions\/5491"}],"wp:featuredmedia":[{"embeddable":true,"href":"https:\/\/defensoriaparana.com.ar\/index.php\/wp-json\/wp\/v2\/media\/5488"}],"wp:attachment":[{"href":"https:\/\/defensoriaparana.com.ar\/index.php\/wp-json\/wp\/v2\/media?parent=5487"}],"wp:term":[{"taxonomy":"category","embeddable":true,"href":"https:\/\/defensoriaparana.com.ar\/index.php\/wp-json\/wp\/v2\/categories?post=5487"},{"taxonomy":"post_tag","embeddable":true,"href":"https:\/\/defensoriaparana.com.ar\/index.php\/wp-json\/wp\/v2\/tags?post=5487"}],"curies":[{"name":"wp","href":"https:\/\/api.w.org\/{rel}","templated":true}]}}