{"id":5492,"date":"2024-12-03T15:59:53","date_gmt":"2024-12-03T15:59:53","guid":{"rendered":"https:\/\/defensoriaparana.com.ar\/?p=5492"},"modified":"2024-12-03T15:59:53","modified_gmt":"2024-12-03T15:59:53","slug":"parana-participa-del-iv-plenario-anual-de-defensorias-del-pueblo-del-pais-en-misiones","status":"publish","type":"post","link":"https:\/\/defensoriaparana.com.ar\/index.php\/2024\/12\/03\/parana-participa-del-iv-plenario-anual-de-defensorias-del-pueblo-del-pais-en-misiones\/","title":{"rendered":"Paran\u00e1 participa del IV Plenario anual de Defensor\u00edas del Pueblo del pa\u00eds en Misiones"},"content":{"rendered":"<p>Las Defensoras del Pueblo de Paran\u00e1, Marcia L\u00f3pez y Cecilia Pautaso (Adjunta), participan este martes de manera virtual del IV Plenario Anual de Adpra, la asociaci\u00f3n que agrupa a las Defensor\u00edas del Pueblo del pa\u00eds, que se realiza en Misiones.<\/p>\n<p>La reuni\u00f3n es organizada por la Defensor\u00eda del Pueblo de Posadas, en base a un nutrido temario surgido de las distintas instituciones nacionales tras la recepci\u00f3n de reclamos e intervenciones.<\/p>\n<p><strong>Recorte del Pami y tasas en la boleta de la luz<\/strong><\/p>\n<p>La Defensor\u00eda del Pueblo de Paran\u00e1 aport\u00f3 al debate del plenario sus acciones referidas a la problem\u00e1tica surgida a partir de los inconvenientes de persona con discapacidad para acceder a pasajes gratuitos de colectivos de media y larga distancia, tal cual lo establece la ley nacional.<\/p>\n<p><img loading=\"lazy\" class=\"alignnone wp-image-5493 \" src=\"http:\/\/defensoriaparana.com.ar\/wp-content\/uploads\/2024\/12\/Marcia-Adpra1-768x1024.jpg\" alt=\"\" width=\"350\" height=\"467\" srcset=\"https:\/\/defensoriaparana.com.ar\/wp-content\/uploads\/2024\/12\/Marcia-Adpra1-768x1024.jpg 768w, https:\/\/defensoriaparana.com.ar\/wp-content\/uploads\/2024\/12\/Marcia-Adpra1-225x300.jpg 225w, https:\/\/defensoriaparana.com.ar\/wp-content\/uploads\/2024\/12\/Marcia-Adpra1.jpg 960w\" sizes=\"(max-width: 350px) 100vw, 350px\" \/><\/p>\n<p>Por otra parte, la Defensora Marcia L\u00f3pez solicit\u00f3 se incorpore al temario la situaci\u00f3n generada a partir de la disposici\u00f3n del gobierno nacional de aplicar un nuevo recorte en la entrega de medicamentos a los jubilados. La Defensora plante\u00f3 como una \u201cdecisi\u00f3n insensible\u201d que el beneficio de los remedios cubiertos al 100% s\u00f3lo alcance a los afiliados del PAMI que cobren hasta un haber m\u00ednimo y medio de algo menos de 400 mil pesos por mes. \u201cSe trata de un monto baj\u00edsimo, que no alcanza para cubrir las necesidades b\u00e1sicas\u201d, afirm\u00f3. Tambi\u00e9n se trat\u00f3 el tema del cobro de tasas en las facturas de energ\u00eda y la confusi\u00f3n existente en la opini\u00f3n p\u00fablica a partir de la informaci\u00f3n poco clara.<\/p>\n<p>Otros de los temas planteados por las Defensor\u00edas fue la situaci\u00f3n del r\u00edo Paraguay en la zona de Formosa con impacto en toda la Cuenca del Plata y la adhesi\u00f3n y apoyo al proyecto de Ley referido al R\u00e9gimen de custodia, administraci\u00f3n, reutilizaci\u00f3n social y destino de los bienes objeto de medidas cautelares y decomiso en causas penales de competencia de la Justicia Federal.<\/p>\n<p><img loading=\"lazy\" class=\"alignnone wp-image-5496 \" src=\"http:\/\/defensoriaparana.com.ar\/wp-content\/uploads\/2024\/12\/Marcia-adpra2-768x1024.jpg\" alt=\"\" width=\"328\" height=\"437\" srcset=\"https:\/\/defensoriaparana.com.ar\/wp-content\/uploads\/2024\/12\/Marcia-adpra2-768x1024.jpg 768w, https:\/\/defensoriaparana.com.ar\/wp-content\/uploads\/2024\/12\/Marcia-adpra2-225x300.jpg 225w, https:\/\/defensoriaparana.com.ar\/wp-content\/uploads\/2024\/12\/Marcia-adpra2-1152x1536.jpg 1152w, https:\/\/defensoriaparana.com.ar\/wp-content\/uploads\/2024\/12\/Marcia-adpra2-1536x2048.jpg 1536w, https:\/\/defensoriaparana.com.ar\/wp-content\/uploads\/2024\/12\/Marcia-adpra2-scaled.jpg 1920w\" sizes=\"(max-width: 328px) 100vw, 328px\" \/><img loading=\"lazy\" class=\"alignnone wp-image-5495 \" src=\"http:\/\/defensoriaparana.com.ar\/wp-content\/uploads\/2024\/12\/Cecilia-Adpra-768x1024.jpg\" alt=\"\" width=\"328\" height=\"437\" srcset=\"https:\/\/defensoriaparana.com.ar\/wp-content\/uploads\/2024\/12\/Cecilia-Adpra-768x1024.jpg 768w, https:\/\/defensoriaparana.com.ar\/wp-content\/uploads\/2024\/12\/Cecilia-Adpra-225x300.jpg 225w, https:\/\/defensoriaparana.com.ar\/wp-content\/uploads\/2024\/12\/Cecilia-Adpra-1152x1536.jpg 1152w, https:\/\/defensoriaparana.com.ar\/wp-content\/uploads\/2024\/12\/Cecilia-Adpra-1536x2048.jpg 1536w, https:\/\/defensoriaparana.com.ar\/wp-content\/uploads\/2024\/12\/Cecilia-Adpra-scaled.jpg 1920w\" sizes=\"(max-width: 328px) 100vw, 328px\" \/><\/p>\n<h6>Las Defensoras del Pueblo de Paran\u00e1 participaron de manera virtual del plenario.<\/h6>\n<p>&nbsp;<\/p>\n<p><strong>Delitos virtuales y apuestas online<\/strong><\/p>\n<p>El encuentro comenz\u00f3 el lunes con una jornada de exposiciones en las que se abordaron tem\u00e1ticas de alto inter\u00e9s social, que usualmente atienden las instituciones del pa\u00eds. Entre ellas, figuraron: Delitos en entornos digitales, a cargo del Dr. Mart\u00edn A. Rau, Fiscal del Tribunal Penal N\u00ba1 de la Provincia de Misiones, y Los Derechos Humanos en tensi\u00f3n con las violencias y desigualdades, por Alejandro Nat\u00f3 de la Defensor\u00eda del Pueblo de Naci\u00f3n. En tanto, la Defensora del Pueblo de CABA y presidente de Adpra, Mar\u00eda Rosa Mui\u00f1os, expondr\u00e1 sobre Apuesta online en adolescentes. Denuncias. Estrategias. La tem\u00e1tica se complementar\u00e1 con la presentaci\u00f3n de un informe de la Encuesta sobre Juegos de Apuestas en Adolescentes (EJAA), a cargo de Valeria Fiore, Defensora del Pueblo de Posadas, y especialistas brindar\u00e1n consideraciones para la prevenci\u00f3n de apuestas en adolescentes.<\/p>\n<p>Las actividades continuar\u00e1n el mi\u00e9rcoles y jueves con un encuentro internacional el Foz de Iguaz\u00fa.<\/p>\n","protected":false},"excerpt":{"rendered":"<p>Las Defensoras del Pueblo de Paran\u00e1, Marcia L\u00f3pez y Cecilia Pautaso (Adjunta), participan este martes de manera virtual del IV Plenario Anual de Adpra, la asociaci\u00f3n que agrupa a las Defensor\u00edas del Pueblo del pa\u00eds, que se realiza en Misiones. La reuni\u00f3n es organizada por la Defensor\u00eda del Pueblo de Posadas, en base a un [&hellip;]<\/p>\n","protected":false},"author":2,"featured_media":5494,"comment_status":"open","ping_status":"open","sticky":false,"template":"","format":"standard","meta":{"om_disable_all_campaigns":false,"_monsterinsights_skip_tracking":false,"_monsterinsights_sitenote_active":false,"_monsterinsights_sitenote_note":"","_monsterinsights_sitenote_category":0},"categories":[14,1],"tags":[],"_links":{"self":[{"href":"https:\/\/defensoriaparana.com.ar\/index.php\/wp-json\/wp\/v2\/posts\/5492"}],"collection":[{"href":"https:\/\/defensoriaparana.com.ar\/index.php\/wp-json\/wp\/v2\/posts"}],"about":[{"href":"https:\/\/defensoriaparana.com.ar\/index.php\/wp-json\/wp\/v2\/types\/post"}],"author":[{"embeddable":true,"href":"https:\/\/defensoriaparana.com.ar\/index.php\/wp-json\/wp\/v2\/users\/2"}],"replies":[{"embeddable":true,"href":"https:\/\/defensoriaparana.com.ar\/index.php\/wp-json\/wp\/v2\/comments?post=5492"}],"version-history":[{"count":1,"href":"https:\/\/defensoriaparana.com.ar\/index.php\/wp-json\/wp\/v2\/posts\/5492\/revisions"}],"predecessor-version":[{"id":5497,"href":"https:\/\/defensoriaparana.com.ar\/index.php\/wp-json\/wp\/v2\/posts\/5492\/revisions\/5497"}],"wp:featuredmedia":[{"embeddable":true,"href":"https:\/\/defensoriaparana.com.ar\/index.php\/wp-json\/wp\/v2\/media\/5494"}],"wp:attachment":[{"href":"https:\/\/defensoriaparana.com.ar\/index.php\/wp-json\/wp\/v2\/media?parent=5492"}],"wp:term":[{"taxonomy":"category","embeddable":true,"href":"https:\/\/defensoriaparana.com.ar\/index.php\/wp-json\/wp\/v2\/categories?post=5492"},{"taxonomy":"post_tag","embeddable":true,"href":"https:\/\/defensoriaparana.com.ar\/index.php\/wp-json\/wp\/v2\/tags?post=5492"}],"curies":[{"name":"wp","href":"https:\/\/api.w.org\/{rel}","templated":true}]}}