{"id":5517,"date":"2024-12-30T13:48:36","date_gmt":"2024-12-30T13:48:36","guid":{"rendered":"https:\/\/defensoriaparana.com.ar\/?p=5517"},"modified":"2025-01-07T13:52:12","modified_gmt":"2025-01-07T13:52:12","slug":"la-defensoria-del-pueblo-mantiene-la-atencion-durante-el-receso-administrativ","status":"publish","type":"post","link":"https:\/\/defensoriaparana.com.ar\/index.php\/2024\/12\/30\/la-defensoria-del-pueblo-mantiene-la-atencion-durante-el-receso-administrativ\/","title":{"rendered":"La Defensor\u00eda del Pueblo mantiene la atenci\u00f3n durante el receso administrativo"},"content":{"rendered":"<div class=\"xdj266r x11i5rnm xat24cr x1mh8g0r x1vvkbs x126k92a\">\n<div dir=\"auto\"><\/div>\n<\/div>\n<div class=\"x11i5rnm xat24cr x1mh8g0r x1vvkbs xtlvy1s x126k92a\">\n<div dir=\"auto\">Desde el 2 hasta el 15 de enero inclusive, la Defensor\u00eda del Pueblo de Paran\u00e1 permanecer\u00e1 abierta de 8 a 12 horas.<\/div>\n<\/div>\n<div class=\"x11i5rnm xat24cr x1mh8g0r x1vvkbs xtlvy1s x126k92a\">\n<div dir=\"auto\">En la primera mitad del mes, durante el per\u00edodo de receso dispuesto para la administraci\u00f3n p\u00fablica, la instituci\u00f3n atender\u00e1 en ese horario de manera presencial en su sede de calle H. Yrigoyen 236 y tambi\u00e9n mediante las l\u00edneas telef\u00f3nicas (0343) 4202322 y 08007771112.<\/div>\n<\/div>\n<div class=\"x11i5rnm xat24cr x1mh8g0r x1vvkbs xtlvy1s x126k92a\">\n<div dir=\"auto\">Paralelamente, se continuar\u00e1n recibiendo reclamos y consultas sin l\u00edmite horario por mensajes de texto y WhatsApp al 343 5346616 y por mail a defensoriaparana@gmail.com.<\/div>\n<\/div>\n<div class=\"x11i5rnm xat24cr x1mh8g0r x1vvkbs xtlvy1s x126k92a\">\n<div dir=\"auto\">En estas fechas, la Defensor\u00eda del Pueblo ha permanecido abierta sin interrupci\u00f3n, ya que durante el asueto administrativo que comprendi\u00f3 los d\u00edas 23, 26, 27 y 30 de diciembre, se instrumentaron guardias permanentes con el fin de garantizar la atenci\u00f3n presencial y tambi\u00e9n la requerida mediante las v\u00edas de contacto de la instituci\u00f3n.<\/div>\n<\/div>\n<div class=\"x11i5rnm xat24cr x1mh8g0r x1vvkbs xtlvy1s x126k92a\">\n<div dir=\"auto\">A partir del jueves 16 de enero, la Defensor\u00eda del Pueblo retomar\u00e1 su horario habitual de atenci\u00f3n.<\/div>\n<\/div>\n","protected":false},"excerpt":{"rendered":"<p>Desde el 2 hasta el 15 de enero inclusive, la Defensor\u00eda del Pueblo de Paran\u00e1 permanecer\u00e1 abierta de 8 a 12 horas. En la primera mitad del mes, durante el per\u00edodo de receso dispuesto para la administraci\u00f3n p\u00fablica, la instituci\u00f3n atender\u00e1 en ese horario de manera presencial en su sede de calle H. Yrigoyen 236 [&hellip;]<\/p>\n","protected":false},"author":2,"featured_media":5518,"comment_status":"open","ping_status":"open","sticky":false,"template":"","format":"standard","meta":{"om_disable_all_campaigns":false,"_monsterinsights_skip_tracking":false,"_monsterinsights_sitenote_active":false,"_monsterinsights_sitenote_note":"","_monsterinsights_sitenote_category":0},"categories":[1],"tags":[],"_links":{"self":[{"href":"https:\/\/defensoriaparana.com.ar\/index.php\/wp-json\/wp\/v2\/posts\/5517"}],"collection":[{"href":"https:\/\/defensoriaparana.com.ar\/index.php\/wp-json\/wp\/v2\/posts"}],"about":[{"href":"https:\/\/defensoriaparana.com.ar\/index.php\/wp-json\/wp\/v2\/types\/post"}],"author":[{"embeddable":true,"href":"https:\/\/defensoriaparana.com.ar\/index.php\/wp-json\/wp\/v2\/users\/2"}],"replies":[{"embeddable":true,"href":"https:\/\/defensoriaparana.com.ar\/index.php\/wp-json\/wp\/v2\/comments?post=5517"}],"version-history":[{"count":2,"href":"https:\/\/defensoriaparana.com.ar\/index.php\/wp-json\/wp\/v2\/posts\/5517\/revisions"}],"predecessor-version":[{"id":5520,"href":"https:\/\/defensoriaparana.com.ar\/index.php\/wp-json\/wp\/v2\/posts\/5517\/revisions\/5520"}],"wp:featuredmedia":[{"embeddable":true,"href":"https:\/\/defensoriaparana.com.ar\/index.php\/wp-json\/wp\/v2\/media\/5518"}],"wp:attachment":[{"href":"https:\/\/defensoriaparana.com.ar\/index.php\/wp-json\/wp\/v2\/media?parent=5517"}],"wp:term":[{"taxonomy":"category","embeddable":true,"href":"https:\/\/defensoriaparana.com.ar\/index.php\/wp-json\/wp\/v2\/categories?post=5517"},{"taxonomy":"post_tag","embeddable":true,"href":"https:\/\/defensoriaparana.com.ar\/index.php\/wp-json\/wp\/v2\/tags?post=5517"}],"curies":[{"name":"wp","href":"https:\/\/api.w.org\/{rel}","templated":true}]}}