{"id":5529,"date":"2025-01-27T15:32:54","date_gmt":"2025-01-27T15:32:54","guid":{"rendered":"https:\/\/defensoriaparana.com.ar\/?p=5529"},"modified":"2025-08-08T14:28:44","modified_gmt":"2025-08-08T14:28:44","slug":"las-defensorias-del-pueblo-del-pais-manifiestan-su-preocupacion-ante-las-declaraciones-del-presidente-de-la-nacion","status":"publish","type":"post","link":"https:\/\/defensoriaparana.com.ar\/index.php\/2025\/01\/27\/las-defensorias-del-pueblo-del-pais-manifiestan-su-preocupacion-ante-las-declaraciones-del-presidente-de-la-nacion\/","title":{"rendered":"Las Defensor\u00edas del Pueblo del pa\u00eds manifiestan su preocupaci\u00f3n ante las declaraciones del Presidente de la Naci\u00f3n"},"content":{"rendered":"<p>La Asociaci\u00f3n de Defensores y Defensoras del Pueblo de la Rep\u00fablica Argentina (Adpra), organizaci\u00f3n que integra la Defensor\u00eda del Pueblo de Paran\u00e1, manifest\u00f3 su preocupaci\u00f3n ante los dichos del Presidente Javier Milei en el Foro Econ\u00f3mico de Davos.<\/p>\n<p>En el siguiente texto, la asociaci\u00f3n que re\u00fane a las instituciones existentes en el pa\u00eds, consider\u00f3 que \u201csus expresiones estigmatizantes hacia mujeres, diversidades y migrantes carecen de sustento en la realidad y contradicen el principio de libertad que \u00e9l mismo afirma promover.<\/p>\n<p>Seguidamente, se remarc\u00f3 que &#8220;adem\u00e1s, no solo atentan contra los valores democr\u00e1ticos, sino que tambi\u00e9n niegan los avances en materia de derechos humanos y libertades individuales que se han logrado con el esfuerzo de la sociedad. En nuestro pa\u00eds existen leyes fundamentales que garantizan la igualdad, la no discriminaci\u00f3n y los derechos de las mujeres y las diversidades. Estas normas, sancionadas por el Congreso Nacional, son el resultado de un consenso democr\u00e1tico y deben ser respetadas y promovidas por el Estado en todas sus instancias&#8221;.<\/p>\n<p>En otro p\u00e1rrafo del pronunciamiento, se expres\u00f3 que &#8220;el discurso presidencial no solo ignora estas responsabilidades, sino que adem\u00e1s alimenta discursos de odio que amenazan la convivencia pac\u00edfica y plural que caracteriza a nuestra Naci\u00f3n. Recordamos que el fortalecimiento de los derechos humanos es un deber ineludible de quienes gobiernan y constituye la base de una sociedad verdaderamente libre&#8221;.<\/p>\n<p>A continuaci\u00f3n se destac\u00f3 que &#8220;las Defensor\u00edas de Ni\u00f1os, Ni\u00f1as y Adolescentes advierten con gran preocupaci\u00f3n c\u00f3mo estas declaraciones impactan negativamente en las infancias y en todo el colectivo, siendo \u00e9ste uno de los sectores m\u00e1s vulnerables y perjudicados por los discursos y pol\u00edticas que fomentan la discriminaci\u00f3n y la exclusi\u00f3n. Las palabras y acciones del gobierno tienen un efecto directo sobre el bienestar emocional y social de los ni\u00f1os y ni\u00f1as, quienes necesitan crecer en un entorno inclusivo, libre de estigmatizaci\u00f3n y con igualdad de oportunidades para su pleno desarrollo\u201d.<\/p>\n<p>Por \u00faltimo, el documento que lleva la firma de la titular de Adpra y Defensora del Pueblo de CABA, Mar\u00eda Rosa Mui\u00f1os, junto a miembros de la comisi\u00f3n directiva, consign\u00f3 que \u201clos Defensores y las Defensoras del Pueblo creemos en una Argentina inclusiva, donde las diferencias no sean motivo de exclusi\u00f3n ni de violencia, y donde las palabras de quienes lideran el pa\u00eds est\u00e9n alineadas con la promoci\u00f3n de los derechos consagrados en nuestra legislaci\u00f3n y con el respeto por la dignidad de todas las personas. Solo as\u00ed se construyen sociedades con democracias que promueven la paz. Reafirmamos nuestro compromiso con la defensa irrestricta de los derechos como pilar fundamental de una democracia plena, y convocamos a trabajar juntos y juntas en la construcci\u00f3n de una sociedad m\u00e1s equitativa para mejorar la calidad de vida de toda la ciudadan\u00eda sin discriminaci\u00f3n ni estigmatizaci\u00f3n de los colectivos m\u00e1s vulnerables\u201d.<\/p>\n","protected":false},"excerpt":{"rendered":"<p>La Asociaci\u00f3n de Defensores y Defensoras del Pueblo de la Rep\u00fablica Argentina (Adpra), organizaci\u00f3n que integra la Defensor\u00eda del Pueblo de Paran\u00e1, manifest\u00f3 su preocupaci\u00f3n ante los dichos del Presidente Javier Milei en el Foro Econ\u00f3mico de Davos. En el siguiente texto, la asociaci\u00f3n que re\u00fane a las instituciones existentes en el pa\u00eds, consider\u00f3 que [&hellip;]<\/p>\n","protected":false},"author":2,"featured_media":5530,"comment_status":"open","ping_status":"open","sticky":false,"template":"","format":"standard","meta":{"om_disable_all_campaigns":false,"_monsterinsights_skip_tracking":false,"_monsterinsights_sitenote_active":false,"_monsterinsights_sitenote_note":"","_monsterinsights_sitenote_category":0},"categories":[14,1],"tags":[],"_links":{"self":[{"href":"https:\/\/defensoriaparana.com.ar\/index.php\/wp-json\/wp\/v2\/posts\/5529"}],"collection":[{"href":"https:\/\/defensoriaparana.com.ar\/index.php\/wp-json\/wp\/v2\/posts"}],"about":[{"href":"https:\/\/defensoriaparana.com.ar\/index.php\/wp-json\/wp\/v2\/types\/post"}],"author":[{"embeddable":true,"href":"https:\/\/defensoriaparana.com.ar\/index.php\/wp-json\/wp\/v2\/users\/2"}],"replies":[{"embeddable":true,"href":"https:\/\/defensoriaparana.com.ar\/index.php\/wp-json\/wp\/v2\/comments?post=5529"}],"version-history":[{"count":1,"href":"https:\/\/defensoriaparana.com.ar\/index.php\/wp-json\/wp\/v2\/posts\/5529\/revisions"}],"predecessor-version":[{"id":5531,"href":"https:\/\/defensoriaparana.com.ar\/index.php\/wp-json\/wp\/v2\/posts\/5529\/revisions\/5531"}],"wp:featuredmedia":[{"embeddable":true,"href":"https:\/\/defensoriaparana.com.ar\/index.php\/wp-json\/wp\/v2\/media\/5530"}],"wp:attachment":[{"href":"https:\/\/defensoriaparana.com.ar\/index.php\/wp-json\/wp\/v2\/media?parent=5529"}],"wp:term":[{"taxonomy":"category","embeddable":true,"href":"https:\/\/defensoriaparana.com.ar\/index.php\/wp-json\/wp\/v2\/categories?post=5529"},{"taxonomy":"post_tag","embeddable":true,"href":"https:\/\/defensoriaparana.com.ar\/index.php\/wp-json\/wp\/v2\/tags?post=5529"}],"curies":[{"name":"wp","href":"https:\/\/api.w.org\/{rel}","templated":true}]}}