{"id":5532,"date":"2025-01-28T14:32:49","date_gmt":"2025-01-28T14:32:49","guid":{"rendered":"https:\/\/defensoriaparana.com.ar\/?p=5532"},"modified":"2025-01-28T15:18:20","modified_gmt":"2025-01-28T15:18:20","slug":"amplia-repercusion-del-pronunciamiento-de-las-defensorias-del-pueblo-del-pais-en-la-provincia-tras-las-declaraciones-del-presidente-de-la-nacion","status":"publish","type":"post","link":"https:\/\/defensoriaparana.com.ar\/index.php\/2025\/01\/28\/amplia-repercusion-del-pronunciamiento-de-las-defensorias-del-pueblo-del-pais-en-la-provincia-tras-las-declaraciones-del-presidente-de-la-nacion\/","title":{"rendered":"Amplia repercusi\u00f3n en la provincia del pronunciamiento de las Defensor\u00edas del Pueblo del pa\u00eds tras las expresiones del Presidente de la Naci\u00f3n"},"content":{"rendered":"<p>La Defensor\u00eda del Pueblo de Paran\u00e1, junto a las instituciones de distintos puntos del pa\u00eds agrupadas en la Asociaci\u00f3n de Defensores y Defensoras del Pueblo de la Rep\u00fablica Argentina (Adpra), se expidi\u00f3 en torno de las declaraciones realizada por el Presidente de la Naci\u00f3n, Javier Milei, en el Foro Econ\u00f3mico de Davos.<\/p>\n<p>El posicionamiento, que cont\u00f3 con la adhesi\u00f3n de Instituto Latinoamericano del Ombudsman (ILO), da cuenta de la profunda preocupaci\u00f3n ante el tenor de sus expresiones, que consider\u00f3 de \u201cestigmatizantes\u201d hacia mujeres, diversidades y migrantes. Al respecto, se puntualiz\u00f3 que dichas manifestaciones \u201catentan contra los valores democr\u00e1ticos\u201d y \u201cniegan los avances en materia de derechos humanos y libertades individuales que se han logrado con el esfuerzo de la sociedad\u201d. En ese sentido, se remarc\u00f3 que en Argentina \u201cexisten leyes fundamentales que garantizan la igualdad, la no discriminaci\u00f3n y los derechos de las mujeres y las diversidades. Estas normas, sancionadas por el Congreso Nacional, son el resultado de un consenso democr\u00e1tico y deben ser respetadas y promovidas por el Estado en todas sus instancias&#8221;.<\/p>\n<p>El documento, en el que la Asociaci\u00f3n expresa adem\u00e1s que dichas palabras alimentan \u201cdiscursos de odio que amenazan la convivencia pac\u00edfica y plural que caracteriza a nuestra Naci\u00f3n\u201d, tuvo una amplia repercusi\u00f3n en medios de comunicaci\u00f3n entrerrianos y nacionales. A nivel provincial, la difusi\u00f3n estuvo a cargo de la Defensor\u00eda del Pueblo de Paran\u00e1 y fue replicado por los siguientes medios, entre otros:<\/p>\n<p><a href=\"https:\/\/lacalle.com.ar\/las-defensorias-del-pueblo-de-la-argentina-manifiestan-su-preocupacion-ante-las-declaraciones-del-presidente-de-la-nacion\/\">https:\/\/lacalle.com.ar\/las-defensorias-del-pueblo-de-la-argentina-manifiestan-su-preocupacion-ante-las-declaraciones-del-presidente-de-la-nacion\/<\/a><\/p>\n<p><a href=\"https:\/\/www.analisisdigital.com.ar\/nacionales\/2025\/01\/27\/defensorias-del-pueblo-del-pais-manifiestan-preocupacion-ante-las\">https:\/\/www.analisisdigital.com.ar\/nacionales\/2025\/01\/27\/defensorias-del-pueblo-del-pais-manifiestan-preocupacion-ante-las<\/a><\/p>\n<p><a href=\"https:\/\/www.apfdigital.com.ar\/noticias\/2025\/01\/27\/429203-las-defensorias-del-pueblo-del-pais-manifestaron-su-preocupacion-ante-las-declaraciones-del-presidente-milei\">https:\/\/www.apfdigital.com.ar\/noticias\/2025\/01\/27\/429203-las-defensorias-del-pueblo-del-pais-manifestaron-su-preocupacion-ante-las-declaraciones-del-presidente-milei<\/a><\/p>\n<p><a href=\"https:\/\/www.aimdigital.com.ar\/nacionales\/defensores-del-pueblo-manifestaron-ldquopreocupacinrdquo-ante-las-declaraciones-de-milei.htm\">https:\/\/www.aimdigital.com.ar\/nacionales\/defensores-del-pueblo-manifestaron-ldquopreocupacinrdquo-ante-las-declaraciones-de-milei.htm<\/a><\/p>\n<p><a href=\"https:\/\/www.paralelo32.com.ar\/las-defensorias-del-pueblo-del-pais-manifiestan-su-preocupacion-ante-las-declaraciones-del-presidente\">https:\/\/www.paralelo32.com.ar\/las-defensorias-del-pueblo-del-pais-manifiestan-su-preocupacion-ante-las-declaraciones-del-presidente<\/a><\/p>\n<p><a href=\"https:\/\/www.elentrerios.com\/actualidad\/las-defensoras-del-pueblo-del-pas-se-manifiestan-en-contra-de-las-declaraciones-de-javier-milei.htm\">https:\/\/www.elentrerios.com\/actualidad\/las-defensoras-del-pueblo-del-pas-se-manifiestan-en-contra-de-las-declaraciones-de-javier-milei.htm<\/a><\/p>\n<p><a href=\"https:\/\/www.unoentrerios.com.ar\/el-pais\/defensorias-del-pueblo-preocupadas-dichos-javier-milei-n10176405.html\">https:\/\/www.unoentrerios.com.ar\/el-pais\/defensorias-del-pueblo-preocupadas-dichos-javier-milei-n10176405.html<\/a><\/p>\n<blockquote class=\"wp-embedded-content\" data-secret=\"92ywMBLiQW\"><p><a href=\"https:\/\/mariagrandealdia.com.ar\/65969-las-defensorias-del-pueblo-del-pais-manifiestan-su-preocupacion-ante-las-declaraciones-del-presidente-de-la-nacion\">Las Defensor\u00edas del Pueblo del pa\u00eds manifiestan su preocupaci\u00f3n ante las declaraciones del Presidente de la Naci\u00f3n<\/a><\/p><\/blockquote>\n<p><iframe class=\"wp-embedded-content\" sandbox=\"allow-scripts\" security=\"restricted\" style=\"position: absolute; clip: rect(1px, 1px, 1px, 1px);\" title=\"\u00abLas Defensor\u00edas del Pueblo del pa\u00eds manifiestan su preocupaci\u00f3n ante las declaraciones del Presidente de la Naci\u00f3n\u00bb \u2014 Mar\u00eda Grande al d\u00eda\" src=\"https:\/\/mariagrandealdia.com.ar\/65969-las-defensorias-del-pueblo-del-pais-manifiestan-su-preocupacion-ante-las-declaraciones-del-presidente-de-la-nacion\/embed#?secret=fugmzaXEiG#?secret=92ywMBLiQW\" data-secret=\"92ywMBLiQW\" width=\"600\" height=\"338\" frameborder=\"0\" marginwidth=\"0\" marginheight=\"0\" scrolling=\"no\"><\/iframe><\/p>\n<p>Para acceder al comunicado completo <a href=\"https:\/\/defensoriaparana.com.ar\/index.php\/2025\/01\/27\/las-defensorias-del-pueblo-del-pais-manifiestan-su-preocupacion-ante-las-declaraciones-del-presidente-de-la-nacion\/\">https:\/\/defensoriaparana.com.ar\/index.php\/2025\/01\/27\/las-defensorias-del-pueblo-del-pais-manifiestan-su-preocupacion-ante-las-declaraciones-del-presidente-de-la-nacion\/<\/a><\/p>\n","protected":false},"excerpt":{"rendered":"<p>La Defensor\u00eda del Pueblo de Paran\u00e1, junto a las instituciones de distintos puntos del pa\u00eds agrupadas en la Asociaci\u00f3n de Defensores y Defensoras del Pueblo de la Rep\u00fablica Argentina (Adpra), se expidi\u00f3 en torno de las declaraciones realizada por el Presidente de la Naci\u00f3n, Javier Milei, en el Foro Econ\u00f3mico de Davos. El posicionamiento, que [&hellip;]<\/p>\n","protected":false},"author":2,"featured_media":5536,"comment_status":"open","ping_status":"open","sticky":false,"template":"","format":"standard","meta":{"om_disable_all_campaigns":false,"_monsterinsights_skip_tracking":false,"_monsterinsights_sitenote_active":false,"_monsterinsights_sitenote_note":"","_monsterinsights_sitenote_category":0},"categories":[1],"tags":[],"_links":{"self":[{"href":"https:\/\/defensoriaparana.com.ar\/index.php\/wp-json\/wp\/v2\/posts\/5532"}],"collection":[{"href":"https:\/\/defensoriaparana.com.ar\/index.php\/wp-json\/wp\/v2\/posts"}],"about":[{"href":"https:\/\/defensoriaparana.com.ar\/index.php\/wp-json\/wp\/v2\/types\/post"}],"author":[{"embeddable":true,"href":"https:\/\/defensoriaparana.com.ar\/index.php\/wp-json\/wp\/v2\/users\/2"}],"replies":[{"embeddable":true,"href":"https:\/\/defensoriaparana.com.ar\/index.php\/wp-json\/wp\/v2\/comments?post=5532"}],"version-history":[{"count":4,"href":"https:\/\/defensoriaparana.com.ar\/index.php\/wp-json\/wp\/v2\/posts\/5532\/revisions"}],"predecessor-version":[{"id":5538,"href":"https:\/\/defensoriaparana.com.ar\/index.php\/wp-json\/wp\/v2\/posts\/5532\/revisions\/5538"}],"wp:featuredmedia":[{"embeddable":true,"href":"https:\/\/defensoriaparana.com.ar\/index.php\/wp-json\/wp\/v2\/media\/5536"}],"wp:attachment":[{"href":"https:\/\/defensoriaparana.com.ar\/index.php\/wp-json\/wp\/v2\/media?parent=5532"}],"wp:term":[{"taxonomy":"category","embeddable":true,"href":"https:\/\/defensoriaparana.com.ar\/index.php\/wp-json\/wp\/v2\/categories?post=5532"},{"taxonomy":"post_tag","embeddable":true,"href":"https:\/\/defensoriaparana.com.ar\/index.php\/wp-json\/wp\/v2\/tags?post=5532"}],"curies":[{"name":"wp","href":"https:\/\/api.w.org\/{rel}","templated":true}]}}