{"id":5540,"date":"2025-01-31T15:51:16","date_gmt":"2025-01-31T15:51:16","guid":{"rendered":"https:\/\/defensoriaparana.com.ar\/?p=5540"},"modified":"2025-01-31T15:51:16","modified_gmt":"2025-01-31T15:51:16","slug":"cecilia-pautaso-se-reunio-con-la-vicegobernadora-y-hablaron-sobre-celiaquia-y-la-conformacion-de-la-defensoria-del-pueblo-provincial","status":"publish","type":"post","link":"https:\/\/defensoriaparana.com.ar\/index.php\/2025\/01\/31\/cecilia-pautaso-se-reunio-con-la-vicegobernadora-y-hablaron-sobre-celiaquia-y-la-conformacion-de-la-defensoria-del-pueblo-provincial\/","title":{"rendered":"Cecilia Pautaso se reuni\u00f3 con la Vicegobernadora y hablaron sobre celiaqu\u00eda y la conformaci\u00f3n de la Defensor\u00eda del Pueblo provincial"},"content":{"rendered":"<p><strong>\u00a0<\/strong><\/p>\n<p>Cecilia Pautaso, en su car\u00e1cter de titular de la Asociaci\u00f3n de Cel\u00edacos de Entre R\u00edos (Acer) y de Defensora del Pueblo Adjunta de Paran\u00e1, se reuni\u00f3 con la vicegobernadora de Entre R\u00edos, Alicia Aluani, con el fin de abordar distintos temas.<\/p>\n<p>Uno de ellos, relacionado a la salud p\u00fablica, trat\u00f3 de la falta de instrumentaci\u00f3n y funcionamiento del Programa Provincial de Enfermedad Cel\u00edaca de Entre R\u00edos, creado por la Ley 9938, sancionada en 2009 y reglamentada en 2011.<\/p>\n<p>\u201cEl prop\u00f3sito fue hacerle saber a la Vicegobernadora, en su car\u00e1cter tambi\u00e9n de conocedora de la tem\u00e1tica por su profesi\u00f3n de m\u00e9dica, que estamos retrocediendo en este aspecto siendo que Entre R\u00edos tiene la mejor legislaci\u00f3n en comparaci\u00f3n con normas de otras provincias e, incluso, con la ley nacional. Entre R\u00edos fue pionera en la creaci\u00f3n de esta ley, pero no contar con los reactivos, no hacer capacitaci\u00f3n y concientizaci\u00f3n ponen en estado de vulnerabilidad a las personas, que cada vez son m\u00e1s con sospecha de enfermedad cel\u00edaca en la Provincia\u201d, indic\u00f3 Cecilia Pautaso.<\/p>\n<p>En ese sentido, tanto la Asociaci\u00f3n como la Defensor\u00eda del Pueblo de Paran\u00e1 reciben presentaciones de personas con celiaqu\u00eda que reclaman el acceso a las prestaciones de salud, entre otros derechos.<\/p>\n<p><strong>Defensor\u00eda del Pueblo provincial<\/strong><\/p>\n<p>Seguidamente, se abord\u00f3 la conformaci\u00f3n de la Defensor\u00eda del Pueblo de la Provincia de Entre R\u00edos, pendiente desde 2008 cuando su creaci\u00f3n fue incorporada a la Constituci\u00f3n entrerriana.<\/p>\n<p>Pautaso explic\u00f3 que desde el \u00e1mbito de la Defensor\u00eda del Pueblo de Paran\u00e1 se busca generar inter\u00e9s \u201cen la conformaci\u00f3n de la instituci\u00f3n provincial con su correspondiente proceso de elecci\u00f3n, ya que Entre R\u00edos es una de las pocas provincias que no cuenta con este organismo esencial en la promoci\u00f3n y protecci\u00f3n de los derechos ciudadanos\u201d.<\/p>\n<p>La falta de constituci\u00f3n de la instituci\u00f3n ha sido motivo de distintos pronunciamientos en el tiempo de la organizaci\u00f3n que re\u00fane a Defensor\u00edas del Pueblo del pa\u00eds. Se trata de la Asociaci\u00f3n de Defensores y Defensoras de la Rep\u00fablica Argentina (Adpra), \u00e1mbito que integra la Defensor\u00eda del Pueblo de la Ciudad de Paran\u00e1, que repetidamente ha instado a las distintas gestiones provinciales para que se avance en el tema.<\/p>\n<p>Al respecto, la Defensora indic\u00f3 que en esta oportunidad la solicitud involucra a \u201clos distintos estamentos, como las C\u00e1maras Legislativas, que ser\u00e1n las responsables del proceso de elecci\u00f3n de las autoridades\u201d, dijo, tras lo que mencion\u00f3 la existencia de consultas y reclamos de personas de distintos puntos de la provincia que a diario recibe la Defensor\u00eda del Pueblo de Paran\u00e1 y que la instituci\u00f3n, con jurisdicci\u00f3n acotada a la ciudad, atiende y resuelve dentro de sus posibilidades.<\/p>\n<p>Por \u00faltimo, la Defensora destac\u00f3 que la reuni\u00f3n fue amena y muy productiva e inform\u00f3 que Alicia Aluani se \u201cinteres\u00f3 mucho\u201d y adelant\u00f3 que se ocupar\u00e1 de ambas tem\u00e1ticas.<\/p>\n","protected":false},"excerpt":{"rendered":"<p>\u00a0 Cecilia Pautaso, en su car\u00e1cter de titular de la Asociaci\u00f3n de Cel\u00edacos de Entre R\u00edos (Acer) y de Defensora del Pueblo Adjunta de Paran\u00e1, se reuni\u00f3 con la vicegobernadora de Entre R\u00edos, Alicia Aluani, con el fin de abordar distintos temas. Uno de ellos, relacionado a la salud p\u00fablica, trat\u00f3 de la falta de [&hellip;]<\/p>\n","protected":false},"author":2,"featured_media":5541,"comment_status":"open","ping_status":"open","sticky":false,"template":"","format":"standard","meta":{"om_disable_all_campaigns":false,"_monsterinsights_skip_tracking":false,"_monsterinsights_sitenote_active":false,"_monsterinsights_sitenote_note":"","_monsterinsights_sitenote_category":0},"categories":[1],"tags":[],"_links":{"self":[{"href":"https:\/\/defensoriaparana.com.ar\/index.php\/wp-json\/wp\/v2\/posts\/5540"}],"collection":[{"href":"https:\/\/defensoriaparana.com.ar\/index.php\/wp-json\/wp\/v2\/posts"}],"about":[{"href":"https:\/\/defensoriaparana.com.ar\/index.php\/wp-json\/wp\/v2\/types\/post"}],"author":[{"embeddable":true,"href":"https:\/\/defensoriaparana.com.ar\/index.php\/wp-json\/wp\/v2\/users\/2"}],"replies":[{"embeddable":true,"href":"https:\/\/defensoriaparana.com.ar\/index.php\/wp-json\/wp\/v2\/comments?post=5540"}],"version-history":[{"count":1,"href":"https:\/\/defensoriaparana.com.ar\/index.php\/wp-json\/wp\/v2\/posts\/5540\/revisions"}],"predecessor-version":[{"id":5542,"href":"https:\/\/defensoriaparana.com.ar\/index.php\/wp-json\/wp\/v2\/posts\/5540\/revisions\/5542"}],"wp:featuredmedia":[{"embeddable":true,"href":"https:\/\/defensoriaparana.com.ar\/index.php\/wp-json\/wp\/v2\/media\/5541"}],"wp:attachment":[{"href":"https:\/\/defensoriaparana.com.ar\/index.php\/wp-json\/wp\/v2\/media?parent=5540"}],"wp:term":[{"taxonomy":"category","embeddable":true,"href":"https:\/\/defensoriaparana.com.ar\/index.php\/wp-json\/wp\/v2\/categories?post=5540"},{"taxonomy":"post_tag","embeddable":true,"href":"https:\/\/defensoriaparana.com.ar\/index.php\/wp-json\/wp\/v2\/tags?post=5540"}],"curies":[{"name":"wp","href":"https:\/\/api.w.org\/{rel}","templated":true}]}}