{"id":5612,"date":"2025-02-13T14:45:58","date_gmt":"2025-02-13T14:45:58","guid":{"rendered":"https:\/\/defensoriaparana.com.ar\/?p=5612"},"modified":"2025-02-24T15:33:21","modified_gmt":"2025-02-24T15:33:21","slug":"reunion-en-la-defensoria-del-pueblo-con-funcionario-municipal-por-la-falta-de-agua","status":"publish","type":"post","link":"https:\/\/defensoriaparana.com.ar\/index.php\/2025\/02\/13\/reunion-en-la-defensoria-del-pueblo-con-funcionario-municipal-por-la-falta-de-agua\/","title":{"rendered":"Reuni\u00f3n en la Defensor\u00eda del Pueblo con funcionario municipal por la falta de agua"},"content":{"rendered":"<p>La Defensora del Pueblo de Paran\u00e1, Marcia L\u00f3pez, se reuni\u00f3 con el subsecretario de Obras Sanitarias municipal, Rodrigo Cabrera, con el fin de plantear los reclamos recibidos a diario en la instituci\u00f3n ante la falta de agua en distintos barrios de la ciudad, tomar conocimiento de qu\u00e9 medidas se est\u00e1n adoptando para resolver la situaci\u00f3n y expresar la profunda preocupaci\u00f3n por el tenor del problema que, en determinadas zonas, acumula m\u00e1s de un mes de corte total del suministro.<\/p>\n<p>Entre los reclamos, la Defensora mencion\u00f3 el presentado por vecinos de Bajada Grande, de las calles Estrada y Larramendi, quienes han estado m\u00e1s de 30 d\u00edas sin agua. \u201cEn funci\u00f3n de eso se hicieron gestiones desde la Defensor\u00eda para que se abastezca a la poblaci\u00f3n vulnerable, entre ella las personas mayores, y para que se atiendan cuestiones particulares ante la falta de suministro\u201d, indic\u00f3 Marcia L\u00f3pez, quien recibi\u00f3 al funcionario municipal en la sede de la instituci\u00f3n de calle Yrigoyen 236.<\/p>\n<p><img loading=\"lazy\" class=\"alignnone wp-image-5617 size-large\" src=\"http:\/\/defensoriaparana.com.ar\/wp-content\/uploads\/2025\/02\/Reunion-por-el-agua-2-1024x461.jpeg\" alt=\"\" width=\"960\" height=\"432\" srcset=\"https:\/\/defensoriaparana.com.ar\/wp-content\/uploads\/2025\/02\/Reunion-por-el-agua-2-1024x461.jpeg 1024w, https:\/\/defensoriaparana.com.ar\/wp-content\/uploads\/2025\/02\/Reunion-por-el-agua-2-300x135.jpeg 300w, https:\/\/defensoriaparana.com.ar\/wp-content\/uploads\/2025\/02\/Reunion-por-el-agua-2-768x346.jpeg 768w, https:\/\/defensoriaparana.com.ar\/wp-content\/uploads\/2025\/02\/Reunion-por-el-agua-2-1536x691.jpeg 1536w, https:\/\/defensoriaparana.com.ar\/wp-content\/uploads\/2025\/02\/Reunion-por-el-agua-2.jpeg 1600w\" sizes=\"(max-width: 960px) 100vw, 960px\" \/><\/p>\n<p>El subsecretario, por su parte, brind\u00f3 un panorama sobre la situaci\u00f3n actual e inform\u00f3 respecto de las acciones realizadas y obras previstas con el fin de afrontar las falencias y solucionar los inconvenientes. Sostuvo que los mayores problemas afectan a barrios de la zona oeste y que est\u00e1n relacionados a las reservas de la planta de Avenida Ram\u00edrez y a inconvenientes en la red distribuci\u00f3n. Entre las medidas que instrumenta el \u00e1rea, el funcionario mencion\u00f3 la aplicaci\u00f3n de cortes en el suministro de entre 5 y 7 horas en determinados d\u00edas de la semana y la disminuci\u00f3n de la presi\u00f3n para poder as\u00ed recuperar las reservas. Ante ello, la Defensora solicit\u00f3 que se informe a la poblaci\u00f3n con antelaci\u00f3n sobre dichas interrupciones\u00a0 para volver previsible la medida.<\/p>\n<p><img loading=\"lazy\" class=\"alignnone wp-image-5616 size-large\" src=\"http:\/\/defensoriaparana.com.ar\/wp-content\/uploads\/2025\/02\/Reunion-por-el-agua-1-1024x461.jpeg\" alt=\"\" width=\"960\" height=\"432\" srcset=\"https:\/\/defensoriaparana.com.ar\/wp-content\/uploads\/2025\/02\/Reunion-por-el-agua-1-1024x461.jpeg 1024w, https:\/\/defensoriaparana.com.ar\/wp-content\/uploads\/2025\/02\/Reunion-por-el-agua-1-300x135.jpeg 300w, https:\/\/defensoriaparana.com.ar\/wp-content\/uploads\/2025\/02\/Reunion-por-el-agua-1-768x346.jpeg 768w, https:\/\/defensoriaparana.com.ar\/wp-content\/uploads\/2025\/02\/Reunion-por-el-agua-1-1536x691.jpeg 1536w, https:\/\/defensoriaparana.com.ar\/wp-content\/uploads\/2025\/02\/Reunion-por-el-agua-1.jpeg 1600w\" sizes=\"(max-width: 960px) 100vw, 960px\" \/><\/p>\n<p>En el inicio de enero, la Defensor\u00eda del Pueblo elev\u00f3 una nota a la Subsecretar\u00eda de Obras Sanitarias de la Municipalidad de Paran\u00e1 en la que se advirti\u00f3 sobre \u201clos reiterados problemas en el suministro en diferentes barrios de la ciudad, entre ellos Gazano, Mercantil, Cuarteles y Hernandarias\u201d y \u201csolicit\u00f3 informaci\u00f3n sobre las medidas a implementar para garantizar el suministro, en vista de que se trata de un servicio fundamental para la poblaci\u00f3n y un derecho ciudadano inalienable.<\/p>\n<p>&nbsp;<\/p>\n<p><img loading=\"lazy\" class=\"alignnone wp-image-5637 size-large\" src=\"http:\/\/defensoriaparana.com.ar\/wp-content\/uploads\/2025\/02\/public-agua-576x1024.jpg\" alt=\"\" width=\"576\" height=\"1024\" srcset=\"https:\/\/defensoriaparana.com.ar\/wp-content\/uploads\/2025\/02\/public-agua-576x1024.jpg 576w, https:\/\/defensoriaparana.com.ar\/wp-content\/uploads\/2025\/02\/public-agua-169x300.jpg 169w, https:\/\/defensoriaparana.com.ar\/wp-content\/uploads\/2025\/02\/public-agua-768x1365.jpg 768w, https:\/\/defensoriaparana.com.ar\/wp-content\/uploads\/2025\/02\/public-agua-864x1536.jpg 864w, https:\/\/defensoriaparana.com.ar\/wp-content\/uploads\/2025\/02\/public-agua.jpg 1080w\" sizes=\"(max-width: 576px) 100vw, 576px\" \/><\/p>\n","protected":false},"excerpt":{"rendered":"<p>La Defensora del Pueblo de Paran\u00e1, Marcia L\u00f3pez, se reuni\u00f3 con el subsecretario de Obras Sanitarias municipal, Rodrigo Cabrera, con el fin de plantear los reclamos recibidos a diario en la instituci\u00f3n ante la falta de agua en distintos barrios de la ciudad, tomar conocimiento de qu\u00e9 medidas se est\u00e1n adoptando para resolver la situaci\u00f3n [&hellip;]<\/p>\n","protected":false},"author":2,"featured_media":5620,"comment_status":"open","ping_status":"open","sticky":false,"template":"","format":"standard","meta":{"om_disable_all_campaigns":false,"_monsterinsights_skip_tracking":false,"_monsterinsights_sitenote_active":false,"_monsterinsights_sitenote_note":"","_monsterinsights_sitenote_category":0},"categories":[1],"tags":[],"_links":{"self":[{"href":"https:\/\/defensoriaparana.com.ar\/index.php\/wp-json\/wp\/v2\/posts\/5612"}],"collection":[{"href":"https:\/\/defensoriaparana.com.ar\/index.php\/wp-json\/wp\/v2\/posts"}],"about":[{"href":"https:\/\/defensoriaparana.com.ar\/index.php\/wp-json\/wp\/v2\/types\/post"}],"author":[{"embeddable":true,"href":"https:\/\/defensoriaparana.com.ar\/index.php\/wp-json\/wp\/v2\/users\/2"}],"replies":[{"embeddable":true,"href":"https:\/\/defensoriaparana.com.ar\/index.php\/wp-json\/wp\/v2\/comments?post=5612"}],"version-history":[{"count":4,"href":"https:\/\/defensoriaparana.com.ar\/index.php\/wp-json\/wp\/v2\/posts\/5612\/revisions"}],"predecessor-version":[{"id":5638,"href":"https:\/\/defensoriaparana.com.ar\/index.php\/wp-json\/wp\/v2\/posts\/5612\/revisions\/5638"}],"wp:featuredmedia":[{"embeddable":true,"href":"https:\/\/defensoriaparana.com.ar\/index.php\/wp-json\/wp\/v2\/media\/5620"}],"wp:attachment":[{"href":"https:\/\/defensoriaparana.com.ar\/index.php\/wp-json\/wp\/v2\/media?parent=5612"}],"wp:term":[{"taxonomy":"category","embeddable":true,"href":"https:\/\/defensoriaparana.com.ar\/index.php\/wp-json\/wp\/v2\/categories?post=5612"},{"taxonomy":"post_tag","embeddable":true,"href":"https:\/\/defensoriaparana.com.ar\/index.php\/wp-json\/wp\/v2\/tags?post=5612"}],"curies":[{"name":"wp","href":"https:\/\/api.w.org\/{rel}","templated":true}]}}