{"id":5623,"date":"2025-02-14T15:43:04","date_gmt":"2025-02-14T15:43:04","guid":{"rendered":"https:\/\/defensoriaparana.com.ar\/?p=5623"},"modified":"2025-02-14T18:10:48","modified_gmt":"2025-02-14T18:10:48","slug":"la-defensoria-del-pueblo-participo-de-una-actividad-sobre-el-abordaje-de-personas-en-situacion-de-calle","status":"publish","type":"post","link":"https:\/\/defensoriaparana.com.ar\/index.php\/2025\/02\/14\/la-defensoria-del-pueblo-participo-de-una-actividad-sobre-el-abordaje-de-personas-en-situacion-de-calle\/","title":{"rendered":"La Defensor\u00eda del Pueblo particip\u00f3 de una actividad sobre el abordaje de personas en situaci\u00f3n de calle"},"content":{"rendered":"<p>La Defensora del Pueblo, Marcia L\u00f3pez, asisti\u00f3 a la jornada inicial del Programa de Atenci\u00f3n Integral para Personas en Situaci\u00f3n de Calle, realizada este viernes en Paran\u00e1.<\/p>\n<p>Fortalecer las estrategias de intervenci\u00f3n y promover la acci\u00f3n conjunta e integral en el abordaje de la problem\u00e1tica es el objetivo general que se propone la iniciativa encarada por la Provincia, a trav\u00e9s del Ministerio de Desarrollo Humano, e instrumentada en conjunto con la Municipalidad de Paran\u00e1.<\/p>\n<p>La propuesta consta de tres encuentros: el segundo continuar\u00e1 en marzo y el \u00faltimo en abril, y contempla la posibilidad de hacer un censo y un registro \u00fanico de personas en situaci\u00f3n de calle.<\/p>\n<p><img loading=\"lazy\" class=\"alignnone wp-image-5627 size-large\" src=\"http:\/\/defensoriaparana.com.ar\/wp-content\/uploads\/2025\/02\/WhatsApp-Image-2025-02-14-at-12.32.08-2-1024x461.jpeg\" alt=\"\" width=\"960\" height=\"432\" srcset=\"https:\/\/defensoriaparana.com.ar\/wp-content\/uploads\/2025\/02\/WhatsApp-Image-2025-02-14-at-12.32.08-2-1024x461.jpeg 1024w, https:\/\/defensoriaparana.com.ar\/wp-content\/uploads\/2025\/02\/WhatsApp-Image-2025-02-14-at-12.32.08-2-300x135.jpeg 300w, https:\/\/defensoriaparana.com.ar\/wp-content\/uploads\/2025\/02\/WhatsApp-Image-2025-02-14-at-12.32.08-2-768x346.jpeg 768w, https:\/\/defensoriaparana.com.ar\/wp-content\/uploads\/2025\/02\/WhatsApp-Image-2025-02-14-at-12.32.08-2-1536x692.jpeg 1536w, https:\/\/defensoriaparana.com.ar\/wp-content\/uploads\/2025\/02\/WhatsApp-Image-2025-02-14-at-12.32.08-2-2048x922.jpeg 2048w\" sizes=\"(max-width: 960px) 100vw, 960px\" \/><\/p>\n<p>Marcia L\u00f3pez consider\u00f3 que, para la Defensor\u00eda del Pueblo de Paran\u00e1, como instituci\u00f3n integrante de la Red de los Derechos de las Personas en Situaci\u00f3n de Calle de la ciudad, es \u201cmuy atinado poder participar de estos encuentros para as\u00ed tomar criterios comunes que puedan brindarnos un abordaje efectivo ante esta problem\u00e1tica tan compleja\u201d.<\/p>\n<p>La convocatoria, llevada a cabo en el Sal\u00f3n Mariano Moreno, reuni\u00f3 tanto integrantes de organismos gubernamentales como tambi\u00e9n de instituciones y organizaciones intermedias que trabajan con la tem\u00e1tica.<\/p>\n<p>La Red, que integra la Defensor\u00eda, qued\u00f3 constituida formalmente en 2019 y la conforman una veintena de instituciones y organizaciones de la ciudad, entre ellas universidades, organizaciones sociales y religiosas. El trabajo que se realiza desde este \u00e1mbito tiene como marco la vigencia de la ley nacional 27.654, sobre Situaci\u00f3n de calle y familias sin techo, y la ordenanza municipal 8932 sancionada en 2010 y que prev\u00e9 la creaci\u00f3n del Programa de Asistencia Integral para Personas en Situaci\u00f3n de Calle en la ciudad.<\/p>\n<p><img loading=\"lazy\" class=\"alignnone wp-image-5625 size-large\" src=\"http:\/\/defensoriaparana.com.ar\/wp-content\/uploads\/2025\/02\/WhatsApp-Image-2025-02-14-at-12.32.07-1024x461.jpeg\" alt=\"\" width=\"960\" height=\"432\" srcset=\"https:\/\/defensoriaparana.com.ar\/wp-content\/uploads\/2025\/02\/WhatsApp-Image-2025-02-14-at-12.32.07-1024x461.jpeg 1024w, https:\/\/defensoriaparana.com.ar\/wp-content\/uploads\/2025\/02\/WhatsApp-Image-2025-02-14-at-12.32.07-300x135.jpeg 300w, https:\/\/defensoriaparana.com.ar\/wp-content\/uploads\/2025\/02\/WhatsApp-Image-2025-02-14-at-12.32.07-768x346.jpeg 768w, https:\/\/defensoriaparana.com.ar\/wp-content\/uploads\/2025\/02\/WhatsApp-Image-2025-02-14-at-12.32.07-1536x692.jpeg 1536w, https:\/\/defensoriaparana.com.ar\/wp-content\/uploads\/2025\/02\/WhatsApp-Image-2025-02-14-at-12.32.07-2048x922.jpeg 2048w\" sizes=\"(max-width: 960px) 100vw, 960px\" \/><\/p>\n<p>Para la Defensor\u00eda del Pueblo de Paran\u00e1, instituci\u00f3n protectora de los derechos ciudadanos, la problem\u00e1tica de las personas que viven en la calle viene siendo una de preocupaci\u00f3n y motivo trabajo desde sus inicios, en 2003.<\/p>\n","protected":false},"excerpt":{"rendered":"<p>La Defensora del Pueblo, Marcia L\u00f3pez, asisti\u00f3 a la jornada inicial del Programa de Atenci\u00f3n Integral para Personas en Situaci\u00f3n de Calle, realizada este viernes en Paran\u00e1. Fortalecer las estrategias de intervenci\u00f3n y promover la acci\u00f3n conjunta e integral en el abordaje de la problem\u00e1tica es el objetivo general que se propone la iniciativa encarada [&hellip;]<\/p>\n","protected":false},"author":2,"featured_media":5624,"comment_status":"open","ping_status":"open","sticky":false,"template":"","format":"standard","meta":{"om_disable_all_campaigns":false,"_monsterinsights_skip_tracking":false,"_monsterinsights_sitenote_active":false,"_monsterinsights_sitenote_note":"","_monsterinsights_sitenote_category":0},"categories":[1],"tags":[],"_links":{"self":[{"href":"https:\/\/defensoriaparana.com.ar\/index.php\/wp-json\/wp\/v2\/posts\/5623"}],"collection":[{"href":"https:\/\/defensoriaparana.com.ar\/index.php\/wp-json\/wp\/v2\/posts"}],"about":[{"href":"https:\/\/defensoriaparana.com.ar\/index.php\/wp-json\/wp\/v2\/types\/post"}],"author":[{"embeddable":true,"href":"https:\/\/defensoriaparana.com.ar\/index.php\/wp-json\/wp\/v2\/users\/2"}],"replies":[{"embeddable":true,"href":"https:\/\/defensoriaparana.com.ar\/index.php\/wp-json\/wp\/v2\/comments?post=5623"}],"version-history":[{"count":2,"href":"https:\/\/defensoriaparana.com.ar\/index.php\/wp-json\/wp\/v2\/posts\/5623\/revisions"}],"predecessor-version":[{"id":5630,"href":"https:\/\/defensoriaparana.com.ar\/index.php\/wp-json\/wp\/v2\/posts\/5623\/revisions\/5630"}],"wp:featuredmedia":[{"embeddable":true,"href":"https:\/\/defensoriaparana.com.ar\/index.php\/wp-json\/wp\/v2\/media\/5624"}],"wp:attachment":[{"href":"https:\/\/defensoriaparana.com.ar\/index.php\/wp-json\/wp\/v2\/media?parent=5623"}],"wp:term":[{"taxonomy":"category","embeddable":true,"href":"https:\/\/defensoriaparana.com.ar\/index.php\/wp-json\/wp\/v2\/categories?post=5623"},{"taxonomy":"post_tag","embeddable":true,"href":"https:\/\/defensoriaparana.com.ar\/index.php\/wp-json\/wp\/v2\/tags?post=5623"}],"curies":[{"name":"wp","href":"https:\/\/api.w.org\/{rel}","templated":true}]}}