{"id":5632,"date":"2025-02-15T17:26:33","date_gmt":"2025-02-15T17:26:33","guid":{"rendered":"https:\/\/defensoriaparana.com.ar\/?p=5632"},"modified":"2025-02-15T17:26:33","modified_gmt":"2025-02-15T17:26:33","slug":"la-defensoria-del-pueblo-participa-de-una-mesa-de-integracion-socioeconomica-de-migrantes-y-refugiados-que-llegan-a-parana","status":"publish","type":"post","link":"https:\/\/defensoriaparana.com.ar\/index.php\/2025\/02\/15\/la-defensoria-del-pueblo-participa-de-una-mesa-de-integracion-socioeconomica-de-migrantes-y-refugiados-que-llegan-a-parana\/","title":{"rendered":"La Defensor\u00eda del Pueblo participa de una mesa de integraci\u00f3n socioecon\u00f3mica de migrantes y refugiados que llegan a Paran\u00e1"},"content":{"rendered":"<p>La Defensora del Pueblo Adjunta de Paran\u00e1, Cecilia Pautaso, particip\u00f3 de la primera reuni\u00f3n del a\u00f1o de la Mesa Multiactoral de Integraci\u00f3n Socioecon\u00f3mica de la Poblaci\u00f3n Migrante y Refugiada del Municipio de Paran\u00e1, que se llev\u00f3 a cabo el viernes en la sede del Sindicato de Empleados de Comercio.<\/p>\n<p>La posibilidad de realizar un censo de personas migrantes, de firmar un convenio con Santa Fe para facilitar el acceso a los tr\u00e1mites de ciudadan\u00eda requeridos, de confeccionar un protocolo de asistencia a viajeros del exterior y de considerar posibles nuevos \u00e9xodos fueron algunos de los temas abordados en el espacio conformado por distintos sectores.<\/p>\n<p>La Mesa re\u00fane a \u00e1reas gubernamentales, instituciones, organizaciones de la sociedad civil que trabajan en la migraci\u00f3n laboral, grupos representativos de migrantes y referentes de OIT, OIM y ACNUR, entre otros. \u00a0Uno de los desaf\u00edos planteados consiste en acercar a las personas migrantes la informaci\u00f3n sobre servicios de orientaci\u00f3n laboral, formaci\u00f3n profesional, derechos laborales y sindicales, educativos, pol\u00edticos y de sanidad, entre otros, desde una perspectiva de derechos, g\u00e9nero e interculturalidad.<\/p>\n<p>La actividad se inici\u00f3 el a\u00f1o pasado y vienen participando concejales de Paran\u00e1, \u00e1reas de g\u00e9nero y diversidad, la Facultad de la Salud, personas migrantes, la Direcci\u00f3n Municipal de Colectividades, entre otros. Pr\u00f3ximamente se cursar\u00e1n invitaciones a instituciones gubernamentales que tengan injerencia en la tem\u00e1tica.<\/p>\n<p><strong>Primera reuni\u00f3n del a\u00f1o<\/strong><\/p>\n<p>Se intercambiaron puntos en com\u00fan sobre el trabajo realizado en 2024 y las tareas pendientes para 2025. \u201cLa Defensor\u00eda, como instituci\u00f3n protectora de derechos, recibe habitualmente migrantes que llegan a la ciudad o a localidades vecinas, los escucha y atiende sus consultas y solicitudes, brinda informaci\u00f3n y asesoramiento\u201d, dijo la Defensora al remarcar la labor del organismo.<\/p>\n<p>Al respecto, Pautaso plante\u00f3 la necesidad de establecer un protocolo de asistencia a viajeros del exterior, en caso de ser v\u00edctimas de hechos de inseguridad. \u201cEs muy importante establecer redes de acci\u00f3n para la recepci\u00f3n y dignificaci\u00f3n de migrantes y garantizar el ejercicio de sus derechos\u201d, sostuvo.<\/p>\n<p>Asimismo, se convers\u00f3 la posibilidad de proponer a la Municipalidad de Paran\u00e1 y a los dem\u00e1s organismos administrativos y legislativos la gesti\u00f3n de un dispositivo de recepci\u00f3n a migrantes. \u201cParan\u00e1 es una ciudad que recibe amablemente a personas procedentes de distintos destinos, esto es algo muy importante y significativo de nuestra ciudad\u201d, subray\u00f3 luego.<\/p>\n<p><img loading=\"lazy\" class=\"alignnone wp-image-5634 size-large\" src=\"http:\/\/defensoriaparana.com.ar\/wp-content\/uploads\/2025\/02\/reunion-migrantes-1024x895.jpg\" alt=\"\" width=\"960\" height=\"839\" srcset=\"https:\/\/defensoriaparana.com.ar\/wp-content\/uploads\/2025\/02\/reunion-migrantes-1024x895.jpg 1024w, https:\/\/defensoriaparana.com.ar\/wp-content\/uploads\/2025\/02\/reunion-migrantes-300x262.jpg 300w, https:\/\/defensoriaparana.com.ar\/wp-content\/uploads\/2025\/02\/reunion-migrantes-768x671.jpg 768w, https:\/\/defensoriaparana.com.ar\/wp-content\/uploads\/2025\/02\/reunion-migrantes.jpg 1280w\" sizes=\"(max-width: 960px) 100vw, 960px\" \/><\/p>\n<p><strong>Propuestas: convenio con Santa Fe y un censo en Paran\u00e1<\/strong><\/p>\n<p>Seguidamente, Pautaso plante\u00f3 la obsolescencia de ciertas pol\u00edticas o mecanismos de reconocimiento y documentaci\u00f3n de migrantes que ya cumplen los requisitos de ciudadan\u00eda. \u201cExisten casos de personas que hace muchos a\u00f1os que viven en la ciudad y todav\u00eda no tienen documentaci\u00f3n alguna que los registre como ciudadanos\u201d, remarc\u00f3. En este sentido, tambi\u00e9n propuso la posibilidad de establecer convenios con la provincia de Santa Fe para evitar que los solicitantes deban viajar a Concepci\u00f3n del Uruguay, donde se encuentra la \u00fanica sede administrativa provincial del Direcci\u00f3n Nacional de Migraciones.<\/p>\n<p>Por otro lado, desde la Mesa se propuso generar un censo de migrantes en Paran\u00e1 con el objetivo de acompa\u00f1ar, asistir o dignificar en materia de derechos a dichas personas. \u201cExiste m\u00faltiples casos y en aumento de personas migrantes que viven en la pobreza extrema, es decir, en condiciones de indigencia\u201d, detall\u00f3 la Defensora Adjunta.<\/p>\n<p>En ese sentido, se plante\u00f3 la posibilidad de articular a trav\u00e9s de la Defensor\u00eda las m\u00faltiples respuestas y gestiones institucionales en el acompa\u00f1amiento a la poblaci\u00f3n migrante, lo cual incluir\u00eda invitar al Gobierno Provincial a dicha iniciativa para dinamizar estas pol\u00edticas de contenci\u00f3n y acompa\u00f1amiento y elevarlas luego al plano nacional.<\/p>\n<p><strong>Regi\u00f3n Centro y posibles nuevos \u00e9xodos<\/strong><\/p>\n<p>Tambi\u00e9n se propuso ampliar lo conversado durante la reuni\u00f3n a las instituciones hermanas de la Regi\u00f3n Centro, es decir Santa Fe y C\u00f3rdoba, y detallar las iniciativas aplicadas durante los \u00faltimos a\u00f1os en Paran\u00e1 por parte de la Mesa de Coordinaci\u00f3n para explicitar el accionar y la presencia de las m\u00faltiples instituciones que tratan la dignificaci\u00f3n de los derechos humanos para la poblaci\u00f3n migrante.<\/p>\n<p>Finalmente, se acord\u00f3 la necesidad de establecer un marco de acci\u00f3n para posibles llegadas de nuevos migrantes debido a las recientes pol\u00edticas de exclusi\u00f3n aplicadas en distintos contextos nacionales e internacionales, como por ejemplo el \u00e9xodo de personas debido a las deportaciones masivas impulsadas por el gobierno de los Estados Unidos.<\/p>\n<p>En ese sentido, se estableci\u00f3 una programaci\u00f3n de encuentros regulares a los cuales se convocar\u00e1n a diversos estamentos gubernamentales a incorporarse a las Mesa para que cada uno pueda contribuir a gestionar y mejorar la situaci\u00f3n de migrantes en la ciudad.<\/p>\n","protected":false},"excerpt":{"rendered":"<p>La Defensora del Pueblo Adjunta de Paran\u00e1, Cecilia Pautaso, particip\u00f3 de la primera reuni\u00f3n del a\u00f1o de la Mesa Multiactoral de Integraci\u00f3n Socioecon\u00f3mica de la Poblaci\u00f3n Migrante y Refugiada del Municipio de Paran\u00e1, que se llev\u00f3 a cabo el viernes en la sede del Sindicato de Empleados de Comercio. La posibilidad de realizar un censo [&hellip;]<\/p>\n","protected":false},"author":2,"featured_media":5633,"comment_status":"open","ping_status":"open","sticky":false,"template":"","format":"standard","meta":{"om_disable_all_campaigns":false,"_monsterinsights_skip_tracking":false,"_monsterinsights_sitenote_active":false,"_monsterinsights_sitenote_note":"","_monsterinsights_sitenote_category":0},"categories":[1],"tags":[],"_links":{"self":[{"href":"https:\/\/defensoriaparana.com.ar\/index.php\/wp-json\/wp\/v2\/posts\/5632"}],"collection":[{"href":"https:\/\/defensoriaparana.com.ar\/index.php\/wp-json\/wp\/v2\/posts"}],"about":[{"href":"https:\/\/defensoriaparana.com.ar\/index.php\/wp-json\/wp\/v2\/types\/post"}],"author":[{"embeddable":true,"href":"https:\/\/defensoriaparana.com.ar\/index.php\/wp-json\/wp\/v2\/users\/2"}],"replies":[{"embeddable":true,"href":"https:\/\/defensoriaparana.com.ar\/index.php\/wp-json\/wp\/v2\/comments?post=5632"}],"version-history":[{"count":1,"href":"https:\/\/defensoriaparana.com.ar\/index.php\/wp-json\/wp\/v2\/posts\/5632\/revisions"}],"predecessor-version":[{"id":5635,"href":"https:\/\/defensoriaparana.com.ar\/index.php\/wp-json\/wp\/v2\/posts\/5632\/revisions\/5635"}],"wp:featuredmedia":[{"embeddable":true,"href":"https:\/\/defensoriaparana.com.ar\/index.php\/wp-json\/wp\/v2\/media\/5633"}],"wp:attachment":[{"href":"https:\/\/defensoriaparana.com.ar\/index.php\/wp-json\/wp\/v2\/media?parent=5632"}],"wp:term":[{"taxonomy":"category","embeddable":true,"href":"https:\/\/defensoriaparana.com.ar\/index.php\/wp-json\/wp\/v2\/categories?post=5632"},{"taxonomy":"post_tag","embeddable":true,"href":"https:\/\/defensoriaparana.com.ar\/index.php\/wp-json\/wp\/v2\/tags?post=5632"}],"curies":[{"name":"wp","href":"https:\/\/api.w.org\/{rel}","templated":true}]}}