{"id":5665,"date":"2025-03-20T15:26:25","date_gmt":"2025-03-20T15:26:25","guid":{"rendered":"https:\/\/defensoriaparana.com.ar\/?p=5665"},"modified":"2025-03-20T15:26:59","modified_gmt":"2025-03-20T15:26:59","slug":"el-centro-de-mediacion-realizo-una-ronda-de-escucha-en-un-encuentro-de-mujeres-emprendedoras","status":"publish","type":"post","link":"https:\/\/defensoriaparana.com.ar\/index.php\/2025\/03\/20\/el-centro-de-mediacion-realizo-una-ronda-de-escucha-en-un-encuentro-de-mujeres-emprendedoras\/","title":{"rendered":"Se realiz\u00f3 una ronda de escucha en un Encuentro de Mujeres Emprendedoras"},"content":{"rendered":"<p>&nbsp;<\/p>\n<p>El Centro de Mediaci\u00f3n de la Defensor\u00eda del Pueblo de Paran\u00e1 tuvo a cargo la realizaci\u00f3n de una ronda de escucha de la que participaron mujeres emprendedoras de la ciudad.<\/p>\n<p>La actividad fue organizada por la Subsecretar\u00eda de Econom\u00eda Social de la Municipalidad de Paran\u00e1, en el marco del mes de la Mujer, y estuvo guiada por Irina Chausovsky, Coordinadora del Centro de Mediaci\u00f3n.<\/p>\n<p>La propuesta consisti\u00f3 en generar un espacio de di\u00e1logo y escucha, en el que se compartieron experiencias y reflexiones, especialmente relacionadas con los desaf\u00edos que enfrentan las mujeres en el trabajo.<\/p>\n<p>M\u00e1s de veinte mujeres se reunieron en un sal\u00f3n de calle Monte Caseros durante casi tres horas, tiempo al que calificaron de \u201cmuy fruct\u00edfero\u201d y se acord\u00f3 continuar con futuras rondas durante el a\u00f1o. \u00a0Entre las participantes, hubo emprendedoras textiles, gastron\u00f3micas, de velas e integrantes de cooperativas, entre otras.<\/p>\n<p><img loading=\"lazy\" class=\"alignnone wp-image-5667 size-large\" src=\"http:\/\/defensoriaparana.com.ar\/wp-content\/uploads\/2025\/03\/foto-mediacion5-1024x461.jpg\" alt=\"\" width=\"960\" height=\"432\" srcset=\"https:\/\/defensoriaparana.com.ar\/wp-content\/uploads\/2025\/03\/foto-mediacion5-1024x461.jpg 1024w, https:\/\/defensoriaparana.com.ar\/wp-content\/uploads\/2025\/03\/foto-mediacion5-300x135.jpg 300w, https:\/\/defensoriaparana.com.ar\/wp-content\/uploads\/2025\/03\/foto-mediacion5-768x346.jpg 768w, https:\/\/defensoriaparana.com.ar\/wp-content\/uploads\/2025\/03\/foto-mediacion5.jpg 1280w\" sizes=\"(max-width: 960px) 100vw, 960px\" \/><\/p>\n<p>El grupo integra los Centros de Econom\u00eda Social, que son espacios de encuentros municipales donde se trabajan distintas capacitaciones y accesos a micro cr\u00e9ditos. Se inform\u00f3 desde la organizaci\u00f3n que hay unas 200 emprendedoras en total en el marco de los centros, que ir\u00e1n siendo invitadas en los distintos encuentros.<\/p>\n<p>De la apertura particip\u00f3 el secretario el secretario de Desarrollo Humano, Enrique R\u00edos, y Priscila Spinetti, subsecretaria de Econom\u00eda Social y Solidaria.<\/p>\n<p><img loading=\"lazy\" class=\"alignnone wp-image-5670 size-large\" src=\"http:\/\/defensoriaparana.com.ar\/wp-content\/uploads\/2025\/03\/foto-mediacion1-1024x461.jpg\" alt=\"\" width=\"960\" height=\"432\" srcset=\"https:\/\/defensoriaparana.com.ar\/wp-content\/uploads\/2025\/03\/foto-mediacion1-1024x461.jpg 1024w, https:\/\/defensoriaparana.com.ar\/wp-content\/uploads\/2025\/03\/foto-mediacion1-300x135.jpg 300w, https:\/\/defensoriaparana.com.ar\/wp-content\/uploads\/2025\/03\/foto-mediacion1-768x346.jpg 768w, https:\/\/defensoriaparana.com.ar\/wp-content\/uploads\/2025\/03\/foto-mediacion1.jpg 1280w\" sizes=\"(max-width: 960px) 100vw, 960px\" \/><\/p>\n<p><strong>Trabajo en la comunidad<\/strong><\/p>\n<p>La Defensor\u00eda del Pueblo, en el marco del amplio trabajo que desarrolla la en la comunidad, realiza actividades que buscan mejorar la convivencia en distintos contextos. Las instancias de encuentro consisten en una revisi\u00f3n sobre las miradas y las formas de reaccionar ante los conflictos cotidianos, haciendo hincapi\u00e9 en las percepciones, el manejo adecuado de emociones y herramientas de comunicaci\u00f3n eficaz.<\/p>\n<p><img loading=\"lazy\" class=\"alignnone wp-image-5666 size-large\" src=\"http:\/\/defensoriaparana.com.ar\/wp-content\/uploads\/2025\/03\/foto-mediacion-1024x461.jpg\" alt=\"\" width=\"960\" height=\"432\" srcset=\"https:\/\/defensoriaparana.com.ar\/wp-content\/uploads\/2025\/03\/foto-mediacion-1024x461.jpg 1024w, https:\/\/defensoriaparana.com.ar\/wp-content\/uploads\/2025\/03\/foto-mediacion-300x135.jpg 300w, https:\/\/defensoriaparana.com.ar\/wp-content\/uploads\/2025\/03\/foto-mediacion-768x346.jpg 768w, https:\/\/defensoriaparana.com.ar\/wp-content\/uploads\/2025\/03\/foto-mediacion.jpg 1280w\" sizes=\"(max-width: 960px) 100vw, 960px\" \/><\/p>\n<p>El Centro de Mediaci\u00f3n brinda talleres y rondas de escucha de forma gratuita y a pedido de instituciones y organizaciones de la ciudad, en el marco de uno de los ejes fundamentales de trabajo del \u00e1rea que consiste en la prevenci\u00f3n de la violencia y la promoci\u00f3n de relaciones sociales saludables.<\/p>\n","protected":false},"excerpt":{"rendered":"<p>&nbsp; El Centro de Mediaci\u00f3n de la Defensor\u00eda del Pueblo de Paran\u00e1 tuvo a cargo la realizaci\u00f3n de una ronda de escucha de la que participaron mujeres emprendedoras de la ciudad. La actividad fue organizada por la Subsecretar\u00eda de Econom\u00eda Social de la Municipalidad de Paran\u00e1, en el marco del mes de la Mujer, y [&hellip;]<\/p>\n","protected":false},"author":2,"featured_media":5669,"comment_status":"open","ping_status":"open","sticky":false,"template":"","format":"standard","meta":{"om_disable_all_campaigns":false,"_monsterinsights_skip_tracking":false,"_monsterinsights_sitenote_active":false,"_monsterinsights_sitenote_note":"","_monsterinsights_sitenote_category":0},"categories":[1],"tags":[],"_links":{"self":[{"href":"https:\/\/defensoriaparana.com.ar\/index.php\/wp-json\/wp\/v2\/posts\/5665"}],"collection":[{"href":"https:\/\/defensoriaparana.com.ar\/index.php\/wp-json\/wp\/v2\/posts"}],"about":[{"href":"https:\/\/defensoriaparana.com.ar\/index.php\/wp-json\/wp\/v2\/types\/post"}],"author":[{"embeddable":true,"href":"https:\/\/defensoriaparana.com.ar\/index.php\/wp-json\/wp\/v2\/users\/2"}],"replies":[{"embeddable":true,"href":"https:\/\/defensoriaparana.com.ar\/index.php\/wp-json\/wp\/v2\/comments?post=5665"}],"version-history":[{"count":2,"href":"https:\/\/defensoriaparana.com.ar\/index.php\/wp-json\/wp\/v2\/posts\/5665\/revisions"}],"predecessor-version":[{"id":5672,"href":"https:\/\/defensoriaparana.com.ar\/index.php\/wp-json\/wp\/v2\/posts\/5665\/revisions\/5672"}],"wp:featuredmedia":[{"embeddable":true,"href":"https:\/\/defensoriaparana.com.ar\/index.php\/wp-json\/wp\/v2\/media\/5669"}],"wp:attachment":[{"href":"https:\/\/defensoriaparana.com.ar\/index.php\/wp-json\/wp\/v2\/media?parent=5665"}],"wp:term":[{"taxonomy":"category","embeddable":true,"href":"https:\/\/defensoriaparana.com.ar\/index.php\/wp-json\/wp\/v2\/categories?post=5665"},{"taxonomy":"post_tag","embeddable":true,"href":"https:\/\/defensoriaparana.com.ar\/index.php\/wp-json\/wp\/v2\/tags?post=5665"}],"curies":[{"name":"wp","href":"https:\/\/api.w.org\/{rel}","templated":true}]}}