{"id":5673,"date":"2025-03-26T15:06:51","date_gmt":"2025-03-26T15:06:51","guid":{"rendered":"https:\/\/defensoriaparana.com.ar\/?p=5673"},"modified":"2025-08-06T13:25:36","modified_gmt":"2025-08-06T13:25:36","slug":"parana-participa-del-primer-plenario-del-ano-de-defensorias-del-pueblo-del-pais","status":"publish","type":"post","link":"https:\/\/defensoriaparana.com.ar\/index.php\/2025\/03\/26\/parana-participa-del-primer-plenario-del-ano-de-defensorias-del-pueblo-del-pais\/","title":{"rendered":"Paran\u00e1 participa del primer plenario del a\u00f1o de Defensor\u00edas del Pueblo del pa\u00eds"},"content":{"rendered":"<p>Las Defensoras del Pueblo de Paran\u00e1, Marcia L\u00f3pez y Cecilia Pautaso (Adjunta), participan del primer plenario del a\u00f1o de Defensor\u00edas del Pueblo del pa\u00eds que comenz\u00f3 este martes en la Ciudad Aut\u00f3noma de Buenos Aires.<\/p>\n<p>La actividad es organizada por la Asociaci\u00f3n de Defensores y Defensoras del Pueblo de la Rep\u00fablica Argentina (Adpra), \u00e1mbito del que es parte la Defensor\u00eda del Pueblo de Paran\u00e1, y agrupa a m\u00e1s de cincuenta instituciones del tipo existentes en el pa\u00eds.<\/p>\n<p><img loading=\"lazy\" class=\"alignnone wp-image-5678 size-large\" src=\"http:\/\/defensoriaparana.com.ar\/wp-content\/uploads\/2025\/03\/adpra-copia-1024x477.jpg\" alt=\"\" width=\"960\" height=\"447\" srcset=\"https:\/\/defensoriaparana.com.ar\/wp-content\/uploads\/2025\/03\/adpra-copia-1024x477.jpg 1024w, https:\/\/defensoriaparana.com.ar\/wp-content\/uploads\/2025\/03\/adpra-copia-300x140.jpg 300w, https:\/\/defensoriaparana.com.ar\/wp-content\/uploads\/2025\/03\/adpra-copia-768x358.jpg 768w, https:\/\/defensoriaparana.com.ar\/wp-content\/uploads\/2025\/03\/adpra-copia-1536x716.jpg 1536w, https:\/\/defensoriaparana.com.ar\/wp-content\/uploads\/2025\/03\/adpra-copia.jpg 1600w\" sizes=\"(max-width: 960px) 100vw, 960px\" \/><\/p>\n<p>El encuentro, que se extender\u00e1 hasta este mi\u00e9rcoles, tiene una extensa agenda de trabajo con temas propuestos desde las distintas Defensor\u00edas a partir de reclamos de ciudadanos o situaciones que preocupan a las instituciones.<\/p>\n<p>Uno de los puntos abordados por el plenario fue la solicitud para que se designe el Defensor del Pueblo de la Naci\u00f3n, instituci\u00f3n ac\u00e9fala desde 2009, y se constituyan Defensor\u00edas del Pueblo instituidas debidamente, pero cuya puesta en funcionamiento est\u00e1 pendiente. Una de ellas es la Defensor\u00eda del Pueblo de la Provincia de Entre R\u00edos, creada en 2008. Tambi\u00e9n se plante\u00f3 el caso -que es motivo de reclamo de ciudadanos- del cobro de tasas municipales en las facturas de la electricidad.<\/p>\n<p><img loading=\"lazy\" class=\"alignnone wp-image-5676 size-full\" src=\"http:\/\/defensoriaparana.com.ar\/wp-content\/uploads\/2025\/03\/adpra1.jpeg\" alt=\"\" width=\"1000\" height=\"750\" srcset=\"https:\/\/defensoriaparana.com.ar\/wp-content\/uploads\/2025\/03\/adpra1.jpeg 1000w, https:\/\/defensoriaparana.com.ar\/wp-content\/uploads\/2025\/03\/adpra1-300x225.jpeg 300w, https:\/\/defensoriaparana.com.ar\/wp-content\/uploads\/2025\/03\/adpra1-768x576.jpeg 768w\" sizes=\"(max-width: 1000px) 100vw, 1000px\" \/><\/p>\n<p>Otros temas tratados fueron las estafas virtuales con cr\u00e9ditos bancarios pre acordados, problem\u00e1tica que afecta a un n\u00famero creciente de personas; los recortes en las pensiones por discapacidad laboral; la protesta leg\u00edtima ante situaciones de la realidad, el derecho a peticionar. Al respecto, se solicitar\u00e1 a autoridades nacionales el cumplimiento de las normas constitucionales y tratados internacionales que garantizan el derecho de peticionar leg\u00edtimamente a las autoridades y el de protestar pac\u00edficamente.<\/p>\n<p><img loading=\"lazy\" class=\"alignnone wp-image-5675 size-full\" src=\"http:\/\/defensoriaparana.com.ar\/wp-content\/uploads\/2025\/03\/adpra-2.jpeg\" alt=\"\" width=\"1000\" height=\"750\" srcset=\"https:\/\/defensoriaparana.com.ar\/wp-content\/uploads\/2025\/03\/adpra-2.jpeg 1000w, https:\/\/defensoriaparana.com.ar\/wp-content\/uploads\/2025\/03\/adpra-2-300x225.jpeg 300w, https:\/\/defensoriaparana.com.ar\/wp-content\/uploads\/2025\/03\/adpra-2-768x576.jpeg 768w\" sizes=\"(max-width: 1000px) 100vw, 1000px\" \/><\/p>\n<p>La reuni\u00f3n abarc\u00f3 adem\u00e1s temas relacionados a tarifas de energ\u00eda, gas y obras viales, en base a realidades y demandas de distintos puntos del pa\u00eds.<\/p>\n","protected":false},"excerpt":{"rendered":"<p>Las Defensoras del Pueblo de Paran\u00e1, Marcia L\u00f3pez y Cecilia Pautaso (Adjunta), participan del primer plenario del a\u00f1o de Defensor\u00edas del Pueblo del pa\u00eds que comenz\u00f3 este martes en la Ciudad Aut\u00f3noma de Buenos Aires. La actividad es organizada por la Asociaci\u00f3n de Defensores y Defensoras del Pueblo de la Rep\u00fablica Argentina (Adpra), \u00e1mbito del [&hellip;]<\/p>\n","protected":false},"author":2,"featured_media":5674,"comment_status":"open","ping_status":"open","sticky":false,"template":"","format":"standard","meta":{"om_disable_all_campaigns":false,"_monsterinsights_skip_tracking":false,"_monsterinsights_sitenote_active":false,"_monsterinsights_sitenote_note":"","_monsterinsights_sitenote_category":0},"categories":[14,1],"tags":[],"_links":{"self":[{"href":"https:\/\/defensoriaparana.com.ar\/index.php\/wp-json\/wp\/v2\/posts\/5673"}],"collection":[{"href":"https:\/\/defensoriaparana.com.ar\/index.php\/wp-json\/wp\/v2\/posts"}],"about":[{"href":"https:\/\/defensoriaparana.com.ar\/index.php\/wp-json\/wp\/v2\/types\/post"}],"author":[{"embeddable":true,"href":"https:\/\/defensoriaparana.com.ar\/index.php\/wp-json\/wp\/v2\/users\/2"}],"replies":[{"embeddable":true,"href":"https:\/\/defensoriaparana.com.ar\/index.php\/wp-json\/wp\/v2\/comments?post=5673"}],"version-history":[{"count":1,"href":"https:\/\/defensoriaparana.com.ar\/index.php\/wp-json\/wp\/v2\/posts\/5673\/revisions"}],"predecessor-version":[{"id":5679,"href":"https:\/\/defensoriaparana.com.ar\/index.php\/wp-json\/wp\/v2\/posts\/5673\/revisions\/5679"}],"wp:featuredmedia":[{"embeddable":true,"href":"https:\/\/defensoriaparana.com.ar\/index.php\/wp-json\/wp\/v2\/media\/5674"}],"wp:attachment":[{"href":"https:\/\/defensoriaparana.com.ar\/index.php\/wp-json\/wp\/v2\/media?parent=5673"}],"wp:term":[{"taxonomy":"category","embeddable":true,"href":"https:\/\/defensoriaparana.com.ar\/index.php\/wp-json\/wp\/v2\/categories?post=5673"},{"taxonomy":"post_tag","embeddable":true,"href":"https:\/\/defensoriaparana.com.ar\/index.php\/wp-json\/wp\/v2\/tags?post=5673"}],"curies":[{"name":"wp","href":"https:\/\/api.w.org\/{rel}","templated":true}]}}