{"id":5680,"date":"2025-03-27T15:26:10","date_gmt":"2025-03-27T15:26:10","guid":{"rendered":"https:\/\/defensoriaparana.com.ar\/?p=5680"},"modified":"2025-03-27T15:27:04","modified_gmt":"2025-03-27T15:27:04","slug":"se-reunio-la-mesa-de-politicas-publicas-para-personas-mayores-con-una-nutrida-agenda-de-temas","status":"publish","type":"post","link":"https:\/\/defensoriaparana.com.ar\/index.php\/2025\/03\/27\/se-reunio-la-mesa-de-politicas-publicas-para-personas-mayores-con-una-nutrida-agenda-de-temas\/","title":{"rendered":"Con una nutrida agenda de temas, se reuni\u00f3 la Mesa de Pol\u00edticas P\u00fablicas para Personas Mayores"},"content":{"rendered":"<p>Esta semana se concret\u00f3 la primera reuni\u00f3n del a\u00f1o de la Mesa de Pol\u00edticas P\u00fablicas para Personas Mayores, un espacio que funciona desde 2021 y est\u00e1 integrado por organizaciones e instituciones de la ciudad y \u00e1reas del Estado provincial y municipal. La coordinaci\u00f3n est\u00e1 a cargo de la Defensora de los Derechos de las Personas Mayores de Paran\u00e1, Ligia Blanco, tal cual est\u00e1 previsto por ordenanza.<\/p>\n<p>El encuentro se realiz\u00f3 el mi\u00e9rcoles en la sede de la Asociaci\u00f3n El Recreo, ubicada en calle Alem 354.<\/p>\n<p>En la reuni\u00f3n inicial, se abordaron temas que vienen siendo de preocupaci\u00f3n y trabajo de la mesa, como el referido al mal estado de las veredas y las ordenanzas vigentes, al servicio de colectivos ahora de cara al proceso de una nueva concesi\u00f3n, al reclamo reiterado de se\u00f1alizaci\u00f3n del estacionamiento con prioridad para personas mayores en la costanera y respecto de la revisi\u00f3n del tiempo para peatones de los sem\u00e1foros en calles anchas.<\/p>\n<p>Tambi\u00e9n surgi\u00f3 la iniciativa de conversar con distintas \u00e1reas del Municipio respecto a qu\u00e9 pueden implementar para mejorar la atenci\u00f3n a personas mayores, anunci\u00f3 la Defensora Blanco, quien prev\u00e9 recorrer las distintas reparticiones. Paralelamente, desde la mesa se ofrecer\u00e1 la posibilidad de organizar charlas sobre derechos y buen trato de personas mayores destinadas al personal de cada \u00e1rea.<\/p>\n<p>Otro aspecto abordado refiere a la falta de difusi\u00f3n respecto de informaci\u00f3n \u00fatil de servicios, como los requisitos para sacar ramas o escombros o qu\u00e9 hacer ante roturas o construcci\u00f3n de veredas, para lo cual se buscar\u00e1 encarar acciones en conjunto con \u00e1reas municipales.<\/p>\n<p>El temario fue amplio y se trataron otras cuestiones como la posibilidad de realizar actividades intergeneracionales, brindar charlas sobre bullying y violencia familiar, la problem\u00e1tica de las personas en situaci\u00f3n de calle y las dificultades generadas a partir de la digitalizaci\u00f3n del acceso a servicios y pagos.<\/p>\n<p><img loading=\"lazy\" class=\"alignnone wp-image-5681 size-large\" src=\"http:\/\/defensoriaparana.com.ar\/wp-content\/uploads\/2025\/03\/MESA-2-1024x768.jpg\" alt=\"\" width=\"960\" height=\"720\" srcset=\"https:\/\/defensoriaparana.com.ar\/wp-content\/uploads\/2025\/03\/MESA-2-1024x768.jpg 1024w, https:\/\/defensoriaparana.com.ar\/wp-content\/uploads\/2025\/03\/MESA-2-300x225.jpg 300w, https:\/\/defensoriaparana.com.ar\/wp-content\/uploads\/2025\/03\/MESA-2-768x576.jpg 768w, https:\/\/defensoriaparana.com.ar\/wp-content\/uploads\/2025\/03\/MESA-2-1536x1152.jpg 1536w, https:\/\/defensoriaparana.com.ar\/wp-content\/uploads\/2025\/03\/MESA-2.jpg 1600w\" sizes=\"(max-width: 960px) 100vw, 960px\" \/><\/p>\n<p><strong>Participantes<\/strong><\/p>\n<p>Del \u00e1mbito municipal, estuvieron integrantes de la Direcci\u00f3n de Integraci\u00f3n de Personas Mayores, Secretar\u00eda de Servicios P\u00fablicos, Subsecretar\u00eda de Pol\u00edticas Sociales, Subsecretar\u00eda de Control Urbano y Coordinaci\u00f3n de Relaciones con la Comunidad, Subsecretar\u00eda de Educaci\u00f3n Formal y no Formal y Subsecretar\u00eda de Salud.<\/p>\n<p>De la provincia, referentes de la Direcci\u00f3n de Adultos Mayores.<\/p>\n<p>De otras instituciones: Asociaci\u00f3n \u201cEl Recreo\u201d, Foro de Derechos de las Personas Mayores, Centro de Jubilados Nacionales, Federaci\u00f3n de Jubilados Provinciales, Centro de Jubilados y Pensionados de los Profesionales de la Ingenier\u00eda.<\/p>\n<p><strong>C\u00f3mo surge la mesa<\/strong><\/p>\n<p>Fue instituida por la ordenanza N\u00ba 9389, norma sancionada en 2016 que cre\u00f3 la figura de Defensor\/a de los Derechos de las Personas Mayores en Paran\u00e1, en el \u00e1mbito de la Defensor\u00eda del Pueblo de la ciudad.<\/p>\n<p>Se trata de un espacio amplio y abierto a la comunidad que se instrument\u00f3 hace cuatro a\u00f1os para impulsar acciones tendientes a la defensa de los derechos de las personas mayores.<\/p>\n<p>La participaci\u00f3n en el \u00e1mbito sigue abierta a organizaciones e instituciones cuyo trabajo est\u00e9 relacionado a tem\u00e1ticas de personas mayores.<\/p>\n<p>Por m\u00e1s informaci\u00f3n, llamar al 4202322 o al 08007771112, en el horario de lunes a viernes, de 8 a 13. Tambi\u00e9n, las personas interesadas se pueden comunicar sin l\u00edmite horario por WhatsApp al 343 5346616 o por mail a defensoriaparana@gmail.com.<\/p>\n","protected":false},"excerpt":{"rendered":"<p>Esta semana se concret\u00f3 la primera reuni\u00f3n del a\u00f1o de la Mesa de Pol\u00edticas P\u00fablicas para Personas Mayores, un espacio que funciona desde 2021 y est\u00e1 integrado por organizaciones e instituciones de la ciudad y \u00e1reas del Estado provincial y municipal. La coordinaci\u00f3n est\u00e1 a cargo de la Defensora de los Derechos de las Personas [&hellip;]<\/p>\n","protected":false},"author":2,"featured_media":5682,"comment_status":"open","ping_status":"open","sticky":false,"template":"","format":"standard","meta":{"om_disable_all_campaigns":false,"_monsterinsights_skip_tracking":false,"_monsterinsights_sitenote_active":false,"_monsterinsights_sitenote_note":"","_monsterinsights_sitenote_category":0},"categories":[1],"tags":[],"_links":{"self":[{"href":"https:\/\/defensoriaparana.com.ar\/index.php\/wp-json\/wp\/v2\/posts\/5680"}],"collection":[{"href":"https:\/\/defensoriaparana.com.ar\/index.php\/wp-json\/wp\/v2\/posts"}],"about":[{"href":"https:\/\/defensoriaparana.com.ar\/index.php\/wp-json\/wp\/v2\/types\/post"}],"author":[{"embeddable":true,"href":"https:\/\/defensoriaparana.com.ar\/index.php\/wp-json\/wp\/v2\/users\/2"}],"replies":[{"embeddable":true,"href":"https:\/\/defensoriaparana.com.ar\/index.php\/wp-json\/wp\/v2\/comments?post=5680"}],"version-history":[{"count":2,"href":"https:\/\/defensoriaparana.com.ar\/index.php\/wp-json\/wp\/v2\/posts\/5680\/revisions"}],"predecessor-version":[{"id":5684,"href":"https:\/\/defensoriaparana.com.ar\/index.php\/wp-json\/wp\/v2\/posts\/5680\/revisions\/5684"}],"wp:featuredmedia":[{"embeddable":true,"href":"https:\/\/defensoriaparana.com.ar\/index.php\/wp-json\/wp\/v2\/media\/5682"}],"wp:attachment":[{"href":"https:\/\/defensoriaparana.com.ar\/index.php\/wp-json\/wp\/v2\/media?parent=5680"}],"wp:term":[{"taxonomy":"category","embeddable":true,"href":"https:\/\/defensoriaparana.com.ar\/index.php\/wp-json\/wp\/v2\/categories?post=5680"},{"taxonomy":"post_tag","embeddable":true,"href":"https:\/\/defensoriaparana.com.ar\/index.php\/wp-json\/wp\/v2\/tags?post=5680"}],"curies":[{"name":"wp","href":"https:\/\/api.w.org\/{rel}","templated":true}]}}