{"id":5702,"date":"2025-04-10T17:47:30","date_gmt":"2025-04-10T17:47:30","guid":{"rendered":"https:\/\/defensoriaparana.com.ar\/?p=5702"},"modified":"2025-04-10T18:01:59","modified_gmt":"2025-04-10T18:01:59","slug":"la-oficina-movil-de-la-defensoria-estuvo-en-el-barrio-anacleto-medina-sur","status":"publish","type":"post","link":"https:\/\/defensoriaparana.com.ar\/index.php\/2025\/04\/10\/la-oficina-movil-de-la-defensoria-estuvo-en-el-barrio-anacleto-medina-sur\/","title":{"rendered":"La oficina m\u00f3vil de la Defensor\u00eda estuvo en el barrio Anacleto Medina Sur"},"content":{"rendered":"<p>La Defensor\u00eda del Pueblo de la ciudad de Paran\u00e1 atendi\u00f3 este jueves consultas y reclamos de vecinos del barrio Anacleto Medina Sur y zonas aleda\u00f1as.<\/p>\n<p>Durante la ma\u00f1ana y ante una importante afluencia de vecinos, la oficina m\u00f3vil de la instituci\u00f3n permaneci\u00f3 en la plaza Juan Jos\u00e9 Valle, junto a \u00e1reas municipales que brindaron diferentes servicios.<\/p>\n<p>Cecilia Pautaso, Defensora del Pueblo Adjunta, estuvo al frente de la atenci\u00f3n junto a personal de la instituci\u00f3n y de la Delegaci\u00f3n de la Defensor\u00eda del Pueblo de la Naci\u00f3n, que funciona en forma conjunta en la sede de la Defensor\u00eda de Paran\u00e1.<\/p>\n<p><img loading=\"lazy\" class=\"alignnone wp-image-5711 size-large\" src=\"http:\/\/defensoriaparana.com.ar\/wp-content\/uploads\/2025\/04\/abril-6-1024x771.jpg\" alt=\"\" width=\"960\" height=\"723\" srcset=\"https:\/\/defensoriaparana.com.ar\/wp-content\/uploads\/2025\/04\/abril-6-1024x771.jpg 1024w, https:\/\/defensoriaparana.com.ar\/wp-content\/uploads\/2025\/04\/abril-6-300x226.jpg 300w, https:\/\/defensoriaparana.com.ar\/wp-content\/uploads\/2025\/04\/abril-6-768x578.jpg 768w, https:\/\/defensoriaparana.com.ar\/wp-content\/uploads\/2025\/04\/abril-6-1536x1156.jpg 1536w, https:\/\/defensoriaparana.com.ar\/wp-content\/uploads\/2025\/04\/abril-6.jpg 1600w\" sizes=\"(max-width: 960px) 100vw, 960px\" \/><\/p>\n<p>Entre las consultas recibidas, figuran cuestiones relacionadas a servicios p\u00fablicos, al derecho a la identidad y la necesidad de obtener el DNI o renovaci\u00f3n del documento y conflictos entre vecinos, entre otros. En cuanto a temas nacionales, se tomaron reclamos por demoras en la tramitaci\u00f3n de pensiones no contributivas por discapacidad, queja por falta de pago de escolaridad por parte de Anses, consultas sobre beneficios sociales y cobro de asignaciones familiares y de embarazo.<\/p>\n<p>Desde la oficina m\u00f3vil se brind\u00f3 informaci\u00f3n y asesoramiento, as\u00ed como tambi\u00e9n se iniciaron actuaciones con reclamos que se gestionar\u00e1n desde la instituci\u00f3n.<\/p>\n<p>La Defensor\u00eda participa de los abordajes, en el marco del programa Oficinas a la Comunidad que implementa la Municipalidad de Paran\u00e1 desde septiembre de 2021 y que re\u00fane a \u00e1reas que atienden tr\u00e1mites y demandas de \u00edndole social.<\/p>\n<p><img loading=\"lazy\" class=\"alignnone wp-image-5706 size-full\" src=\"http:\/\/defensoriaparana.com.ar\/wp-content\/uploads\/2025\/04\/abril-4-1.jpg\" alt=\"\" width=\"737\" height=\"785\" srcset=\"https:\/\/defensoriaparana.com.ar\/wp-content\/uploads\/2025\/04\/abril-4-1.jpg 737w, https:\/\/defensoriaparana.com.ar\/wp-content\/uploads\/2025\/04\/abril-4-1-282x300.jpg 282w\" sizes=\"(max-width: 737px) 100vw, 737px\" \/><\/p>\n<p>&nbsp;<\/p>\n<p><strong>Qu\u00e9 temas atiende la Defensor\u00eda<\/strong><\/p>\n<p>La instituci\u00f3n puede intervenir en problemas e inquietudes respecto a: servicios p\u00fablicos, tasas municipales, impuestos y tarifas; temas de salud; entidades bancarias; transporte p\u00fablico y tr\u00e1nsito; obras p\u00fablicas; violaci\u00f3n de los derechos humanos y situaci\u00f3n de discriminaci\u00f3n; ocupaci\u00f3n de la v\u00eda p\u00fablica; contaminaci\u00f3n ambiental, entre otros casos de vulneraci\u00f3n de derechos. Tambi\u00e9n, problem\u00e1ticas que afectan a personas mayores y temas de jurisdicci\u00f3n nacional. Estos \u00faltimos se atienden a trav\u00e9s de la Delegaci\u00f3n de la Defensor\u00eda del Pueblo de la Naci\u00f3n.<\/p>\n<p>En tanto, el Centro de Mediaci\u00f3n de la instituci\u00f3n atiende conflictos de convivencia entre vecinos surgidos por divergencias en torno a, por ejemplo, medianeras, filtraciones de humedad, ruidos molestos, inconvenientes ocasionados por mascotas, construcciones. La mediaci\u00f3n se propone como un espacio de encuentro entre los vecinos, acompa\u00f1ados por los mediadores, quienes crean el clima adecuado para que puedan dialogar sobre las cuestiones que les preocupan, en un \u00e1mbito de respeto y comprensi\u00f3n mutua.<\/p>\n<p>Las salidas a los barrios se enmarcan en el programa \u201cLa Defensor\u00eda al encuentro\u201d de la ciudadan\u00eda, cuyo objetivo consiste en facilitar la atenci\u00f3n de los problemas, necesidades y dudas de habitantes de distintos puntos de la ciudad, como as\u00ed tambi\u00e9n promocionar el ejercicio y respeto de los derechos ciudadanos y la existencia de la instituci\u00f3n a la que la poblaci\u00f3n puede recurrir ante una diversidad de situaciones.<\/p>\n","protected":false},"excerpt":{"rendered":"<p>La Defensor\u00eda del Pueblo de la ciudad de Paran\u00e1 atendi\u00f3 este jueves consultas y reclamos de vecinos del barrio Anacleto Medina Sur y zonas aleda\u00f1as. Durante la ma\u00f1ana y ante una importante afluencia de vecinos, la oficina m\u00f3vil de la instituci\u00f3n permaneci\u00f3 en la plaza Juan Jos\u00e9 Valle, junto a \u00e1reas municipales que brindaron diferentes [&hellip;]<\/p>\n","protected":false},"author":2,"featured_media":5703,"comment_status":"open","ping_status":"open","sticky":false,"template":"","format":"standard","meta":{"om_disable_all_campaigns":false,"_monsterinsights_skip_tracking":false,"_monsterinsights_sitenote_active":false,"_monsterinsights_sitenote_note":"","_monsterinsights_sitenote_category":0},"categories":[1],"tags":[],"_links":{"self":[{"href":"https:\/\/defensoriaparana.com.ar\/index.php\/wp-json\/wp\/v2\/posts\/5702"}],"collection":[{"href":"https:\/\/defensoriaparana.com.ar\/index.php\/wp-json\/wp\/v2\/posts"}],"about":[{"href":"https:\/\/defensoriaparana.com.ar\/index.php\/wp-json\/wp\/v2\/types\/post"}],"author":[{"embeddable":true,"href":"https:\/\/defensoriaparana.com.ar\/index.php\/wp-json\/wp\/v2\/users\/2"}],"replies":[{"embeddable":true,"href":"https:\/\/defensoriaparana.com.ar\/index.php\/wp-json\/wp\/v2\/comments?post=5702"}],"version-history":[{"count":5,"href":"https:\/\/defensoriaparana.com.ar\/index.php\/wp-json\/wp\/v2\/posts\/5702\/revisions"}],"predecessor-version":[{"id":5712,"href":"https:\/\/defensoriaparana.com.ar\/index.php\/wp-json\/wp\/v2\/posts\/5702\/revisions\/5712"}],"wp:featuredmedia":[{"embeddable":true,"href":"https:\/\/defensoriaparana.com.ar\/index.php\/wp-json\/wp\/v2\/media\/5703"}],"wp:attachment":[{"href":"https:\/\/defensoriaparana.com.ar\/index.php\/wp-json\/wp\/v2\/media?parent=5702"}],"wp:term":[{"taxonomy":"category","embeddable":true,"href":"https:\/\/defensoriaparana.com.ar\/index.php\/wp-json\/wp\/v2\/categories?post=5702"},{"taxonomy":"post_tag","embeddable":true,"href":"https:\/\/defensoriaparana.com.ar\/index.php\/wp-json\/wp\/v2\/tags?post=5702"}],"curies":[{"name":"wp","href":"https:\/\/api.w.org\/{rel}","templated":true}]}}