{"id":5730,"date":"2025-04-23T21:14:21","date_gmt":"2025-04-23T21:14:21","guid":{"rendered":"https:\/\/defensoriaparana.com.ar\/?p=5730"},"modified":"2025-04-23T21:14:21","modified_gmt":"2025-04-23T21:14:21","slug":"se-realizo-la-segunda-reunion-de-la-mesa-de-politicas-publicas-para-personas-mayores","status":"publish","type":"post","link":"https:\/\/defensoriaparana.com.ar\/index.php\/2025\/04\/23\/se-realizo-la-segunda-reunion-de-la-mesa-de-politicas-publicas-para-personas-mayores\/","title":{"rendered":"Se realiz\u00f3 la segunda reuni\u00f3n de la Mesa de Pol\u00edticas P\u00fablicas para Personas Mayores"},"content":{"rendered":"<p>La Mesa de Pol\u00edticas P\u00fablicas para Personas Mayores, un espacio que funciona desde 2021 y que integran organizaciones e instituciones de la ciudad y \u00e1reas del Estado provincial y municipal, se reuni\u00f3 este mi\u00e9rcoles.<\/p>\n<p>La coordinaci\u00f3n del \u00e1mbito est\u00e1 a cargo de la Defensora de los Derechos de las Persona Mayores de Paran\u00e1, Ligia Blanco, cuya \u00e1rea funciona en el \u00e1mbito de la Defensor\u00eda del Pueblo de la ciudad.<\/p>\n<p>La primera reuni\u00f3n del a\u00f1o se realiz\u00f3 en marzo, cuando se retomaron las tem\u00e1ticas en las que se ven\u00eda trabajando, como la situaci\u00f3n de las veredas de la ciudad, el servicio de transporte p\u00fablico, la se\u00f1alizaci\u00f3n de estacionamientos especiales, obras sociales, entre otras.<\/p>\n<p>En esta oportunidad, se incluy\u00f3 en el temario una iniciativa que recientemente pas\u00f3 a la Comisi\u00f3n de Legislaci\u00f3n del Concejo Deliberante de Paran\u00e1, que promueve una reforma en las normas vigentes que regulan la Defensor\u00eda del Pueblo de Paran\u00e1 (ord. 8391\/2002) y la figura de Defensor de los Derechos de las Personas Mayores (ord. 9389\/2016). Esta \u00faltima norma contempla el funcionamiento de la Mesa de Pol\u00edticas P\u00fablicas.<\/p>\n<p>Los asistentes al encuentro se interiorizaron y abordaron los puntos de la iniciativa referidos a la Defensor\u00eda de los Derechos de las Personas Mayores y a la Mesa de Pol\u00edticas P\u00fablicas. Al respecto, acordaron continuar con el an\u00e1lisis y redactar un documento con opiniones, consultas y sugerencias que elevar\u00e1n al Concejo para su consideraci\u00f3n en la etapa de estudio de la propuesta.<\/p>\n<p>Estuvieron presentes, por el Municipio, integrantes de la Direcci\u00f3n de Integraci\u00f3n de Personas Mayores, de la Secretar\u00eda de Servicios P\u00fablicos, de la Subsecretar\u00eda de Pol\u00edticas Sociales y de la Subsecretar\u00eda de Pol\u00edticas de G\u00e9nero y Diversidad. Por la Provincia, asistieron representantes de la Direcci\u00f3n de Adultos Mayores.<\/p>\n<p>Tambi\u00e9n participaron miembros de la Asociaci\u00f3n \u201cEl Recreo\u201d, en cuya sede se realiz\u00f3 la reuni\u00f3n, del Foro por los Derechos de las Personas Mayores; del Centro de Jubilados Nacionales y del Centro de Jubilados y Pensionados de los Profesionales de la Ingenier\u00eda.<\/p>\n<p>&nbsp;<\/p>\n<p><img loading=\"lazy\" class=\"alignnone wp-image-5732 size-large\" src=\"http:\/\/defensoriaparana.com.ar\/wp-content\/uploads\/2025\/04\/mesa-1024x461.jpg\" alt=\"\" width=\"960\" height=\"432\" srcset=\"https:\/\/defensoriaparana.com.ar\/wp-content\/uploads\/2025\/04\/mesa-1024x461.jpg 1024w, https:\/\/defensoriaparana.com.ar\/wp-content\/uploads\/2025\/04\/mesa-300x135.jpg 300w, https:\/\/defensoriaparana.com.ar\/wp-content\/uploads\/2025\/04\/mesa-768x346.jpg 768w, https:\/\/defensoriaparana.com.ar\/wp-content\/uploads\/2025\/04\/mesa-1536x691.jpg 1536w, https:\/\/defensoriaparana.com.ar\/wp-content\/uploads\/2025\/04\/mesa.jpg 1600w\" sizes=\"(max-width: 960px) 100vw, 960px\" \/><\/p>\n<p>&nbsp;<\/p>\n<p><strong>Sigue abierta la participaci\u00f3n en la Mesa<\/strong><\/p>\n<p>La Mesa es un espacio amplio y abierto a la comunidad que se instrument\u00f3 por ordenanza con el fin de impulsar acciones tendientes a la defensa de los derechos de las personas mayores.<\/p>\n<p>La participaci\u00f3n en el \u00e1mbito sigue abierta a organizaciones e instituciones cuyo trabajo est\u00e9 relacionado a tem\u00e1ticas de personas mayores.<\/p>\n<p>Por m\u00e1s informaci\u00f3n, llamar al 4202322 o al 08007771112, en el horario de lunes a viernes, de 8 a 13. Tambi\u00e9n, las personas interesadas se pueden comunicar sin l\u00edmite horario por WhatsApp al 343 5346616 o por mail a defensoriaparana@gmail.com.<\/p>\n<p><img loading=\"lazy\" class=\"alignnone wp-image-5733 size-large\" src=\"http:\/\/defensoriaparana.com.ar\/wp-content\/uploads\/2025\/04\/mesa-1-1024x461.jpg\" alt=\"\" width=\"960\" height=\"432\" srcset=\"https:\/\/defensoriaparana.com.ar\/wp-content\/uploads\/2025\/04\/mesa-1-1024x461.jpg 1024w, https:\/\/defensoriaparana.com.ar\/wp-content\/uploads\/2025\/04\/mesa-1-300x135.jpg 300w, https:\/\/defensoriaparana.com.ar\/wp-content\/uploads\/2025\/04\/mesa-1-768x346.jpg 768w, https:\/\/defensoriaparana.com.ar\/wp-content\/uploads\/2025\/04\/mesa-1-1536x691.jpg 1536w, https:\/\/defensoriaparana.com.ar\/wp-content\/uploads\/2025\/04\/mesa-1.jpg 1600w\" sizes=\"(max-width: 960px) 100vw, 960px\" \/><\/p>\n","protected":false},"excerpt":{"rendered":"<p>La Mesa de Pol\u00edticas P\u00fablicas para Personas Mayores, un espacio que funciona desde 2021 y que integran organizaciones e instituciones de la ciudad y \u00e1reas del Estado provincial y municipal, se reuni\u00f3 este mi\u00e9rcoles. La coordinaci\u00f3n del \u00e1mbito est\u00e1 a cargo de la Defensora de los Derechos de las Persona Mayores de Paran\u00e1, Ligia Blanco, [&hellip;]<\/p>\n","protected":false},"author":2,"featured_media":5731,"comment_status":"open","ping_status":"open","sticky":false,"template":"","format":"standard","meta":{"om_disable_all_campaigns":false,"_monsterinsights_skip_tracking":false,"_monsterinsights_sitenote_active":false,"_monsterinsights_sitenote_note":"","_monsterinsights_sitenote_category":0},"categories":[1],"tags":[],"_links":{"self":[{"href":"https:\/\/defensoriaparana.com.ar\/index.php\/wp-json\/wp\/v2\/posts\/5730"}],"collection":[{"href":"https:\/\/defensoriaparana.com.ar\/index.php\/wp-json\/wp\/v2\/posts"}],"about":[{"href":"https:\/\/defensoriaparana.com.ar\/index.php\/wp-json\/wp\/v2\/types\/post"}],"author":[{"embeddable":true,"href":"https:\/\/defensoriaparana.com.ar\/index.php\/wp-json\/wp\/v2\/users\/2"}],"replies":[{"embeddable":true,"href":"https:\/\/defensoriaparana.com.ar\/index.php\/wp-json\/wp\/v2\/comments?post=5730"}],"version-history":[{"count":1,"href":"https:\/\/defensoriaparana.com.ar\/index.php\/wp-json\/wp\/v2\/posts\/5730\/revisions"}],"predecessor-version":[{"id":5734,"href":"https:\/\/defensoriaparana.com.ar\/index.php\/wp-json\/wp\/v2\/posts\/5730\/revisions\/5734"}],"wp:featuredmedia":[{"embeddable":true,"href":"https:\/\/defensoriaparana.com.ar\/index.php\/wp-json\/wp\/v2\/media\/5731"}],"wp:attachment":[{"href":"https:\/\/defensoriaparana.com.ar\/index.php\/wp-json\/wp\/v2\/media?parent=5730"}],"wp:term":[{"taxonomy":"category","embeddable":true,"href":"https:\/\/defensoriaparana.com.ar\/index.php\/wp-json\/wp\/v2\/categories?post=5730"},{"taxonomy":"post_tag","embeddable":true,"href":"https:\/\/defensoriaparana.com.ar\/index.php\/wp-json\/wp\/v2\/tags?post=5730"}],"curies":[{"name":"wp","href":"https:\/\/api.w.org\/{rel}","templated":true}]}}