{"id":5735,"date":"2025-04-24T17:16:03","date_gmt":"2025-04-24T17:16:03","guid":{"rendered":"https:\/\/defensoriaparana.com.ar\/?p=5735"},"modified":"2025-04-24T17:31:19","modified_gmt":"2025-04-24T17:31:19","slug":"la-defensoria-del-pueblo-estuvo-en-el-barrio-el-morro-2","status":"publish","type":"post","link":"https:\/\/defensoriaparana.com.ar\/index.php\/2025\/04\/24\/la-defensoria-del-pueblo-estuvo-en-el-barrio-el-morro-2\/","title":{"rendered":"La Defensor\u00eda del Pueblo estuvo en el barrio El Morro"},"content":{"rendered":"<p>La oficina m\u00f3vil de la Defensor\u00eda del Pueblo de Paran\u00e1 recibi\u00f3 este jueves reclamos y consultas de vecinos de barrio El Morro y zonas aleda\u00f1as.<\/p>\n<p>La oficina m\u00f3vil de la instituci\u00f3n, a cargo de la Defensora del Pueblo Adjunta, Cecilia Pautaso, particip\u00f3 de una jornada de atenci\u00f3n de \u00e1reas estatales que se desarroll\u00f3 en la sede de la comisi\u00f3n vecinal.<\/p>\n<p>Hasta el lugar se acerc\u00f3 una importante cantidad de vecinos. La Defensor\u00eda atendi\u00f3 numerosos pedidos de informaci\u00f3n y asesoramiento respecto de distintas tem\u00e1ticas, as\u00ed como una cantidad importante de reclamos. Entre los casos receptados, la instituci\u00f3n registr\u00f3 solicitudes relacionadas al derecho de identidad, planteos referidos a situaciones familiares y vecinales, consultas sobre servicios y obras p\u00fablicas y respecto de tramitaciones de derechos sociales de jurisdicci\u00f3n nacional y tem\u00e1ticas concernientes a personas mayores.<\/p>\n<p><img loading=\"lazy\" class=\"alignnone wp-image-5737 \" src=\"http:\/\/defensoriaparana.com.ar\/wp-content\/uploads\/2025\/04\/ceci-ofi-226x300.jpg\" alt=\"\" width=\"324\" height=\"430\" srcset=\"https:\/\/defensoriaparana.com.ar\/wp-content\/uploads\/2025\/04\/ceci-ofi-226x300.jpg 226w, https:\/\/defensoriaparana.com.ar\/wp-content\/uploads\/2025\/04\/ceci-ofi-771x1024.jpg 771w, https:\/\/defensoriaparana.com.ar\/wp-content\/uploads\/2025\/04\/ceci-ofi-768x1021.jpg 768w, https:\/\/defensoriaparana.com.ar\/wp-content\/uploads\/2025\/04\/ceci-ofi-1156x1536.jpg 1156w, https:\/\/defensoriaparana.com.ar\/wp-content\/uploads\/2025\/04\/ceci-ofi.jpg 1204w\" sizes=\"(max-width: 324px) 100vw, 324px\" \/><img loading=\"lazy\" class=\"alignnone wp-image-5738\" src=\"http:\/\/defensoriaparana.com.ar\/wp-content\/uploads\/2025\/04\/ceci-otra-2-226x300.jpg\" alt=\"\" width=\"322\" height=\"427\" srcset=\"https:\/\/defensoriaparana.com.ar\/wp-content\/uploads\/2025\/04\/ceci-otra-2-226x300.jpg 226w, https:\/\/defensoriaparana.com.ar\/wp-content\/uploads\/2025\/04\/ceci-otra-2-771x1024.jpg 771w, https:\/\/defensoriaparana.com.ar\/wp-content\/uploads\/2025\/04\/ceci-otra-2-768x1021.jpg 768w, https:\/\/defensoriaparana.com.ar\/wp-content\/uploads\/2025\/04\/ceci-otra-2-1156x1536.jpg 1156w, https:\/\/defensoriaparana.com.ar\/wp-content\/uploads\/2025\/04\/ceci-otra-2.jpg 1204w\" sizes=\"(max-width: 322px) 100vw, 322px\" \/><img loading=\"lazy\" class=\"alignnone wp-image-5742\" src=\"http:\/\/defensoriaparana.com.ar\/wp-content\/uploads\/2025\/04\/otra-226x300.jpg\" alt=\"\" width=\"320\" height=\"425\" srcset=\"https:\/\/defensoriaparana.com.ar\/wp-content\/uploads\/2025\/04\/otra-226x300.jpg 226w, https:\/\/defensoriaparana.com.ar\/wp-content\/uploads\/2025\/04\/otra-771x1024.jpg 771w, https:\/\/defensoriaparana.com.ar\/wp-content\/uploads\/2025\/04\/otra-768x1021.jpg 768w, https:\/\/defensoriaparana.com.ar\/wp-content\/uploads\/2025\/04\/otra-1156x1536.jpg 1156w, https:\/\/defensoriaparana.com.ar\/wp-content\/uploads\/2025\/04\/otra.jpg 1204w\" sizes=\"(max-width: 320px) 100vw, 320px\" \/><\/p>\n<p>La Defensor\u00eda del Pueblo brinda orientaci\u00f3n a trav\u00e9s de su \u00e1rea de Asesoramiento Jur\u00eddico Integral y facilita el servicio de mediaci\u00f3n comunitaria ante conflictos entre vecinos. Tambi\u00e9n, atiende problem\u00e1ticas referidas a personas mayores y, mediante la Oficina de la Defensor\u00eda del Pueblo de la Naci\u00f3n en Entre R\u00edos, recepta temas de jurisdicci\u00f3n nacional.<\/p>\n<p>La salida a los barrios es un aspecto fundamental para la instituci\u00f3n, ya que constituye una de sus objetivos b\u00e1sicos del trabajo en el marco del programa \u201cLa Defensor\u00eda al encuentro\u201d de la ciudadan\u00eda. La Defensor\u00eda participa en el programa municipal Oficinas a la Comunidad.<\/p>\n<p>&nbsp;<\/p>\n<p><img loading=\"lazy\" class=\"alignnone wp-image-5743 size-large\" src=\"http:\/\/defensoriaparana.com.ar\/wp-content\/uploads\/2025\/04\/ingreso-929x1024.jpg\" alt=\"\" width=\"929\" height=\"1024\" srcset=\"https:\/\/defensoriaparana.com.ar\/wp-content\/uploads\/2025\/04\/ingreso-929x1024.jpg 929w, https:\/\/defensoriaparana.com.ar\/wp-content\/uploads\/2025\/04\/ingreso-272x300.jpg 272w, https:\/\/defensoriaparana.com.ar\/wp-content\/uploads\/2025\/04\/ingreso-768x847.jpg 768w, https:\/\/defensoriaparana.com.ar\/wp-content\/uploads\/2025\/04\/ingreso.jpg 1391w\" sizes=\"(max-width: 929px) 100vw, 929px\" \/><\/p>\n<p>&nbsp;<\/p>\n","protected":false},"excerpt":{"rendered":"<p>La oficina m\u00f3vil de la Defensor\u00eda del Pueblo de Paran\u00e1 recibi\u00f3 este jueves reclamos y consultas de vecinos de barrio El Morro y zonas aleda\u00f1as. La oficina m\u00f3vil de la instituci\u00f3n, a cargo de la Defensora del Pueblo Adjunta, Cecilia Pautaso, particip\u00f3 de una jornada de atenci\u00f3n de \u00e1reas estatales que se desarroll\u00f3 en la [&hellip;]<\/p>\n","protected":false},"author":2,"featured_media":5736,"comment_status":"open","ping_status":"open","sticky":false,"template":"","format":"standard","meta":{"om_disable_all_campaigns":false,"_monsterinsights_skip_tracking":false,"_monsterinsights_sitenote_active":false,"_monsterinsights_sitenote_note":"","_monsterinsights_sitenote_category":0},"categories":[1],"tags":[],"_links":{"self":[{"href":"https:\/\/defensoriaparana.com.ar\/index.php\/wp-json\/wp\/v2\/posts\/5735"}],"collection":[{"href":"https:\/\/defensoriaparana.com.ar\/index.php\/wp-json\/wp\/v2\/posts"}],"about":[{"href":"https:\/\/defensoriaparana.com.ar\/index.php\/wp-json\/wp\/v2\/types\/post"}],"author":[{"embeddable":true,"href":"https:\/\/defensoriaparana.com.ar\/index.php\/wp-json\/wp\/v2\/users\/2"}],"replies":[{"embeddable":true,"href":"https:\/\/defensoriaparana.com.ar\/index.php\/wp-json\/wp\/v2\/comments?post=5735"}],"version-history":[{"count":4,"href":"https:\/\/defensoriaparana.com.ar\/index.php\/wp-json\/wp\/v2\/posts\/5735\/revisions"}],"predecessor-version":[{"id":5745,"href":"https:\/\/defensoriaparana.com.ar\/index.php\/wp-json\/wp\/v2\/posts\/5735\/revisions\/5745"}],"wp:featuredmedia":[{"embeddable":true,"href":"https:\/\/defensoriaparana.com.ar\/index.php\/wp-json\/wp\/v2\/media\/5736"}],"wp:attachment":[{"href":"https:\/\/defensoriaparana.com.ar\/index.php\/wp-json\/wp\/v2\/media?parent=5735"}],"wp:term":[{"taxonomy":"category","embeddable":true,"href":"https:\/\/defensoriaparana.com.ar\/index.php\/wp-json\/wp\/v2\/categories?post=5735"},{"taxonomy":"post_tag","embeddable":true,"href":"https:\/\/defensoriaparana.com.ar\/index.php\/wp-json\/wp\/v2\/tags?post=5735"}],"curies":[{"name":"wp","href":"https:\/\/api.w.org\/{rel}","templated":true}]}}