{"id":5746,"date":"2025-04-25T21:10:46","date_gmt":"2025-04-25T21:10:46","guid":{"rendered":"https:\/\/defensoriaparana.com.ar\/?p=5746"},"modified":"2025-04-26T00:01:05","modified_gmt":"2025-04-26T00:01:05","slug":"la-defensoria-del-pueblo-participo-del-aniversario-del-centro-educativo-municipal-de-integracion","status":"publish","type":"post","link":"https:\/\/defensoriaparana.com.ar\/index.php\/2025\/04\/25\/la-defensoria-del-pueblo-participo-del-aniversario-del-centro-educativo-municipal-de-integracion\/","title":{"rendered":"La Defensor\u00eda del Pueblo particip\u00f3 de la celebraci\u00f3n por los 30 a\u00f1os del CEMI"},"content":{"rendered":"<p>La Defensora del Pueblo Adjunta de Paran\u00e1, Cecilia Pautaso, asisti\u00f3 a la celebraci\u00f3n realizada este viernes por el 30 aniversario del Centro Educativo Municipal de Integraci\u00f3n (CEMI). En representaci\u00f3n de la Defensor\u00eda del Pueblo, remarc\u00f3 que se trata de una fecha con una significaci\u00f3n especial, ya que la instituci\u00f3n mantiene con el Centro un v\u00ednculo estrecho, de trabajo mancomunado, fundado en la defensa de derechos ciudadanos.<\/p>\n<p>Con una ceremonia y la instalaci\u00f3n de puestos de productos a cargo de los alumnos del Centro, se celebr\u00f3 la existencia y la historia de la instituci\u00f3n, cuya sede funciona desde 2020 en calle B\u00e1ez al 2200. El espacio brinda talleres de formaci\u00f3n laboral y actividades recreativas terap\u00e9uticas a unos 100 alumnos.<\/p>\n<p>Un grupo nutrido de personas particip\u00f3 de la jornada, que cont\u00f3 con la asistencia de padres y familiares, integrantes de organizaciones que han sostenido al Centro desde sus inicios, y funcionarios municipales. Durante la jornada, se realizaron muestra de distintos talleres -terap\u00e9utico, formaci\u00f3n laboral, huerta y jardiner\u00eda-, y se realizaron juegos, torneo de f\u00fatbol, actividades art\u00edsticas, entre otras actividades.<\/p>\n<p>La Defensor\u00eda del Pueblo saluda a alumnos, docentes, directivos, padres y familiares y desea que se cumplan los objetivos planificados para el futuro. La Defensor\u00eda acompa\u00f1ar\u00e1 los pasos en favor de la inclusi\u00f3n en equidad e igualdad.<\/p>\n<p><img loading=\"lazy\" class=\"alignnone wp-image-5752 \" src=\"http:\/\/defensoriaparana.com.ar\/wp-content\/uploads\/2025\/04\/cemi-30-anos-1024x683.jpg\" alt=\"\" width=\"496\" height=\"330\" srcset=\"https:\/\/defensoriaparana.com.ar\/wp-content\/uploads\/2025\/04\/cemi-30-anos-1024x683.jpg 1024w, https:\/\/defensoriaparana.com.ar\/wp-content\/uploads\/2025\/04\/cemi-30-anos-300x200.jpg 300w, https:\/\/defensoriaparana.com.ar\/wp-content\/uploads\/2025\/04\/cemi-30-anos-768x512.jpg 768w, https:\/\/defensoriaparana.com.ar\/wp-content\/uploads\/2025\/04\/cemi-30-anos-1536x1024.jpg 1536w, https:\/\/defensoriaparana.com.ar\/wp-content\/uploads\/2025\/04\/cemi-30-anos.jpg 1920w\" sizes=\"(max-width: 496px) 100vw, 496px\" \/><img loading=\"lazy\" class=\"alignnone wp-image-5751 \" src=\"http:\/\/defensoriaparana.com.ar\/wp-content\/uploads\/2025\/04\/cemi-30-anos-2-1024x683.jpg\" alt=\"\" width=\"496\" height=\"330\" srcset=\"https:\/\/defensoriaparana.com.ar\/wp-content\/uploads\/2025\/04\/cemi-30-anos-2-1024x683.jpg 1024w, https:\/\/defensoriaparana.com.ar\/wp-content\/uploads\/2025\/04\/cemi-30-anos-2-300x200.jpg 300w, https:\/\/defensoriaparana.com.ar\/wp-content\/uploads\/2025\/04\/cemi-30-anos-2-768x512.jpg 768w, https:\/\/defensoriaparana.com.ar\/wp-content\/uploads\/2025\/04\/cemi-30-anos-2-1536x1024.jpg 1536w, https:\/\/defensoriaparana.com.ar\/wp-content\/uploads\/2025\/04\/cemi-30-anos-2.jpg 1920w\" sizes=\"(max-width: 496px) 100vw, 496px\" \/><\/p>\n<h5>(Gentileza Municipalidad de Paran\u00e1)<\/h5>\n<p>&nbsp;<\/p>\n","protected":false},"excerpt":{"rendered":"<p>La Defensora del Pueblo Adjunta de Paran\u00e1, Cecilia Pautaso, asisti\u00f3 a la celebraci\u00f3n realizada este viernes por el 30 aniversario del Centro Educativo Municipal de Integraci\u00f3n (CEMI). En representaci\u00f3n de la Defensor\u00eda del Pueblo, remarc\u00f3 que se trata de una fecha con una significaci\u00f3n especial, ya que la instituci\u00f3n mantiene con el Centro un v\u00ednculo [&hellip;]<\/p>\n","protected":false},"author":2,"featured_media":5747,"comment_status":"open","ping_status":"open","sticky":false,"template":"","format":"standard","meta":{"om_disable_all_campaigns":false,"_monsterinsights_skip_tracking":false,"_monsterinsights_sitenote_active":false,"_monsterinsights_sitenote_note":"","_monsterinsights_sitenote_category":0},"categories":[1],"tags":[],"_links":{"self":[{"href":"https:\/\/defensoriaparana.com.ar\/index.php\/wp-json\/wp\/v2\/posts\/5746"}],"collection":[{"href":"https:\/\/defensoriaparana.com.ar\/index.php\/wp-json\/wp\/v2\/posts"}],"about":[{"href":"https:\/\/defensoriaparana.com.ar\/index.php\/wp-json\/wp\/v2\/types\/post"}],"author":[{"embeddable":true,"href":"https:\/\/defensoriaparana.com.ar\/index.php\/wp-json\/wp\/v2\/users\/2"}],"replies":[{"embeddable":true,"href":"https:\/\/defensoriaparana.com.ar\/index.php\/wp-json\/wp\/v2\/comments?post=5746"}],"version-history":[{"count":6,"href":"https:\/\/defensoriaparana.com.ar\/index.php\/wp-json\/wp\/v2\/posts\/5746\/revisions"}],"predecessor-version":[{"id":5755,"href":"https:\/\/defensoriaparana.com.ar\/index.php\/wp-json\/wp\/v2\/posts\/5746\/revisions\/5755"}],"wp:featuredmedia":[{"embeddable":true,"href":"https:\/\/defensoriaparana.com.ar\/index.php\/wp-json\/wp\/v2\/media\/5747"}],"wp:attachment":[{"href":"https:\/\/defensoriaparana.com.ar\/index.php\/wp-json\/wp\/v2\/media?parent=5746"}],"wp:term":[{"taxonomy":"category","embeddable":true,"href":"https:\/\/defensoriaparana.com.ar\/index.php\/wp-json\/wp\/v2\/categories?post=5746"},{"taxonomy":"post_tag","embeddable":true,"href":"https:\/\/defensoriaparana.com.ar\/index.php\/wp-json\/wp\/v2\/tags?post=5746"}],"curies":[{"name":"wp","href":"https:\/\/api.w.org\/{rel}","templated":true}]}}