{"id":5760,"date":"2025-04-29T15:27:40","date_gmt":"2025-04-29T15:27:40","guid":{"rendered":"https:\/\/defensoriaparana.com.ar\/?p=5760"},"modified":"2025-04-29T15:32:51","modified_gmt":"2025-04-29T15:32:51","slug":"mas-de-cincuenta-integrantes-del-registro-de-mediadores-comunitarios-participaron-de-una-capacitacion","status":"publish","type":"post","link":"https:\/\/defensoriaparana.com.ar\/index.php\/2025\/04\/29\/mas-de-cincuenta-integrantes-del-registro-de-mediadores-comunitarios-participaron-de-una-capacitacion\/","title":{"rendered":"M\u00e1s de cincuenta integrantes del Registro de Mediadores Comunitarios participaron de una capacitaci\u00f3n"},"content":{"rendered":"<p>\u201cHablemos de violencias\u201d fue el t\u00edtulo de un taller de reflexi\u00f3n que convoc\u00f3 a m\u00e1s de cincuenta integrantes del Registro de Mediadores Comunitarios ad honorem de la Defensor\u00eda del Pueblo de Paran\u00e1.<\/p>\n<p>El encuentro, que cont\u00f3 con la presencia de la Defensora del Pueblo Marcia L\u00f3pez, se realiz\u00f3 este lunes en la Sala Mayo y\u00a0 se trat\u00f3 de la segunda instancia de capacitaci\u00f3n anual que la instituci\u00f3n brinda a los mediadores y mediadoras que conforman la n\u00f3mina y que intervienen, en pos de generar \u00e1mbitos de di\u00e1logo y escucha, en los distintos casos de conflictos de vecinos que atiende la Defensor\u00eda del Pueblo.<\/p>\n<p><img loading=\"lazy\" class=\"alignnone wp-image-5763 size-large\" src=\"http:\/\/defensoriaparana.com.ar\/wp-content\/uploads\/2025\/04\/taller-refle-parte-apai-1024x461.jpg\" alt=\"\" width=\"960\" height=\"432\" srcset=\"https:\/\/defensoriaparana.com.ar\/wp-content\/uploads\/2025\/04\/taller-refle-parte-apai-1024x461.jpg 1024w, https:\/\/defensoriaparana.com.ar\/wp-content\/uploads\/2025\/04\/taller-refle-parte-apai-300x135.jpg 300w, https:\/\/defensoriaparana.com.ar\/wp-content\/uploads\/2025\/04\/taller-refle-parte-apai-768x346.jpg 768w, https:\/\/defensoriaparana.com.ar\/wp-content\/uploads\/2025\/04\/taller-refle-parte-apai-1536x691.jpg 1536w, https:\/\/defensoriaparana.com.ar\/wp-content\/uploads\/2025\/04\/taller-refle-parte-apai.jpg 1600w\" sizes=\"(max-width: 960px) 100vw, 960px\" \/><\/p>\n<p>Ubicados en una amplia ronda y guiados por la Coordinadora del Centro de Mediaci\u00f3n, Irina Chausovsky, los asistentes analizaron durante m\u00e1s de dos horas la problem\u00e1tica de la violencia desde distintas perspectivas, considerando su manifestaci\u00f3n y consecuencias en las relaciones interpersonales, entre vecinos y comunitarias. A partir de experiencias concretas, se abord\u00f3 el rol de la mediaci\u00f3n y las estrategias desde esta disciplina.<\/p>\n<p>El taller cont\u00f3 con la participaci\u00f3n de la psic\u00f3loga y mediadora Felicitas Riestra, invitada especial, quien aport\u00f3 conceptualizaciones y su mirada respecto del tema.<\/p>\n<p><img loading=\"lazy\" class=\"alignnone wp-image-5762 size-large\" src=\"http:\/\/defensoriaparana.com.ar\/wp-content\/uploads\/2025\/04\/taller-reflex-general-1-1024x461.jpg\" alt=\"\" width=\"960\" height=\"432\" srcset=\"https:\/\/defensoriaparana.com.ar\/wp-content\/uploads\/2025\/04\/taller-reflex-general-1-1024x461.jpg 1024w, https:\/\/defensoriaparana.com.ar\/wp-content\/uploads\/2025\/04\/taller-reflex-general-1-300x135.jpg 300w, https:\/\/defensoriaparana.com.ar\/wp-content\/uploads\/2025\/04\/taller-reflex-general-1-768x346.jpg 768w, https:\/\/defensoriaparana.com.ar\/wp-content\/uploads\/2025\/04\/taller-reflex-general-1-1536x691.jpg 1536w, https:\/\/defensoriaparana.com.ar\/wp-content\/uploads\/2025\/04\/taller-reflex-general-1.jpg 1600w\" sizes=\"(max-width: 960px) 100vw, 960px\" \/><\/p>\n<p>Las capacitaciones regulares, la reflexi\u00f3n e intercambio de experiencias son insumos, considerados b\u00e1sicos por el Centro de Mediaci\u00f3n, para garantizar la calidad del servicio de mediaci\u00f3n que la Defensor\u00eda brinda a la ciudadan\u00eda.<\/p>\n<p>Desde 2003, la instituci\u00f3n cuenta con el Registro de Mediadores Voluntarios y Ad honorem, integrado por personas que provienen de diversos espacios, con distintas historias y contextos laborales, sociales y educativos, que ofrecen sus servicios generosamente. Con gran responsabilidad y vocaci\u00f3n, son parte de la posibilidad de ofrecer \u00e1mbitos de conversaci\u00f3n y encuentro a los vecinos que transitan conflictos que afectan la convivencia.<\/p>\n<p>La mediaci\u00f3n es un servicio extrajudicial, voluntario y gratuito. La Defensor\u00eda atiende unos quinientos casos por a\u00f1o. Los interesados en conocer m\u00e1s, pueden acercarse a la sede del Centro de Mediaci\u00f3n de la Defensor\u00eda del Pueblo, en calle Irigoyen 236, o comunicarse por tel\u00e9fono al 343 4211029 (de 7.30 a 13), al WhatsApp 3435-16-3712 o al mail\u00a0<a href=\"mailto:mediacionparana@hotmail.com\">mediacionparana@hotmail.com<\/a>.<\/p>\n<p><img loading=\"lazy\" class=\"alignnone wp-image-5770 size-large\" src=\"http:\/\/defensoriaparana.com.ar\/wp-content\/uploads\/2025\/04\/chicas-entrada-1024x461.jpg\" alt=\"\" width=\"960\" height=\"432\" srcset=\"https:\/\/defensoriaparana.com.ar\/wp-content\/uploads\/2025\/04\/chicas-entrada-1024x461.jpg 1024w, https:\/\/defensoriaparana.com.ar\/wp-content\/uploads\/2025\/04\/chicas-entrada-300x135.jpg 300w, https:\/\/defensoriaparana.com.ar\/wp-content\/uploads\/2025\/04\/chicas-entrada-768x346.jpg 768w, https:\/\/defensoriaparana.com.ar\/wp-content\/uploads\/2025\/04\/chicas-entrada.jpg 1280w\" sizes=\"(max-width: 960px) 100vw, 960px\" \/><\/p>\n<p>Integrantes del Centro de Mediaci\u00f3n, en las tareas de organizaci\u00f3n.<\/p>\n","protected":false},"excerpt":{"rendered":"<p>\u201cHablemos de violencias\u201d fue el t\u00edtulo de un taller de reflexi\u00f3n que convoc\u00f3 a m\u00e1s de cincuenta integrantes del Registro de Mediadores Comunitarios ad honorem de la Defensor\u00eda del Pueblo de Paran\u00e1. El encuentro, que cont\u00f3 con la presencia de la Defensora del Pueblo Marcia L\u00f3pez, se realiz\u00f3 este lunes en la Sala Mayo y\u00a0 [&hellip;]<\/p>\n","protected":false},"author":2,"featured_media":5761,"comment_status":"open","ping_status":"open","sticky":false,"template":"","format":"standard","meta":{"om_disable_all_campaigns":false,"_monsterinsights_skip_tracking":false,"_monsterinsights_sitenote_active":false,"_monsterinsights_sitenote_note":"","_monsterinsights_sitenote_category":0},"categories":[1],"tags":[],"_links":{"self":[{"href":"https:\/\/defensoriaparana.com.ar\/index.php\/wp-json\/wp\/v2\/posts\/5760"}],"collection":[{"href":"https:\/\/defensoriaparana.com.ar\/index.php\/wp-json\/wp\/v2\/posts"}],"about":[{"href":"https:\/\/defensoriaparana.com.ar\/index.php\/wp-json\/wp\/v2\/types\/post"}],"author":[{"embeddable":true,"href":"https:\/\/defensoriaparana.com.ar\/index.php\/wp-json\/wp\/v2\/users\/2"}],"replies":[{"embeddable":true,"href":"https:\/\/defensoriaparana.com.ar\/index.php\/wp-json\/wp\/v2\/comments?post=5760"}],"version-history":[{"count":3,"href":"https:\/\/defensoriaparana.com.ar\/index.php\/wp-json\/wp\/v2\/posts\/5760\/revisions"}],"predecessor-version":[{"id":5772,"href":"https:\/\/defensoriaparana.com.ar\/index.php\/wp-json\/wp\/v2\/posts\/5760\/revisions\/5772"}],"wp:featuredmedia":[{"embeddable":true,"href":"https:\/\/defensoriaparana.com.ar\/index.php\/wp-json\/wp\/v2\/media\/5761"}],"wp:attachment":[{"href":"https:\/\/defensoriaparana.com.ar\/index.php\/wp-json\/wp\/v2\/media?parent=5760"}],"wp:term":[{"taxonomy":"category","embeddable":true,"href":"https:\/\/defensoriaparana.com.ar\/index.php\/wp-json\/wp\/v2\/categories?post=5760"},{"taxonomy":"post_tag","embeddable":true,"href":"https:\/\/defensoriaparana.com.ar\/index.php\/wp-json\/wp\/v2\/tags?post=5760"}],"curies":[{"name":"wp","href":"https:\/\/api.w.org\/{rel}","templated":true}]}}