{"id":5774,"date":"2025-05-07T21:41:29","date_gmt":"2025-05-07T21:41:29","guid":{"rendered":"https:\/\/defensoriaparana.com.ar\/?p=5774"},"modified":"2025-05-08T01:46:43","modified_gmt":"2025-05-08T01:46:43","slug":"respaldo-de-adpra-en-el-senado-al-proceso-de-designacion-del-titular-de-la-defensoria-del-pueblo-de-la-nacion","status":"publish","type":"post","link":"https:\/\/defensoriaparana.com.ar\/index.php\/2025\/05\/07\/respaldo-de-adpra-en-el-senado-al-proceso-de-designacion-del-titular-de-la-defensoria-del-pueblo-de-la-nacion\/","title":{"rendered":"Respaldo de Adpra en el Senado al proceso de designaci\u00f3n del titular de la Defensor\u00eda del Pueblo de la Naci\u00f3n"},"content":{"rendered":"<p>La Asociaci\u00f3n de Defensores y Defensoras del Pueblo de la Rep\u00fablica Argentina (Adpra) mantuvo una reuni\u00f3n con el Senador Nacional Daniel Kroneberger, presidente de la Comisi\u00f3n Bicameral Permanente de la Defensor\u00eda del Pueblo, con el objetivo de manifestar su respaldo institucional al proceso de designaci\u00f3n del titular del Defensor\u00eda del Pueblo de la Naci\u00f3n, cargo vacante desde 2009.<\/p>\n<p>Durante el encuentro, Adpra -\u00e1mbito que integra la Defensor\u00eda del Pueblo de Paran\u00e1-, \u00a0remarc\u00f3 la necesidad de avanzar con urgencia en la designaci\u00f3n, en cumplimiento del mandato constitucional y como garant\u00eda del fortalecimiento democr\u00e1tico. Asimismo, reiter\u00f3 \u2013a trav\u00e9s de un comunicado de prensa- la plena disposici\u00f3n para colaborar t\u00e9cnica e institucionalmente con la labor que lleva adelante la Comisi\u00f3n Bicameral Permanente de la Defensor\u00eda del Pueblo.<\/p>\n<p>Participaron en representaci\u00f3n de la Asociaci\u00f3n: Enrique Pochat, Defensor del Pueblo de Mor\u00f3n y vicepresidente de Adpra; Facundo Mancebo, Defensor del Pueblo de Lan\u00fas; y, por la Defensor\u00eda del Pueblo de la Ciudad Aut\u00f3noma de Buenos Aires, Sebasti\u00e1n Pilatti, Director de Enlace con Organismos de Control y Gabriela Moffson, Asesora.<\/p>\n<p>Por \u00faltimo, la Asociaci\u00f3n renov\u00f3 su compromiso con el fortalecimiento de las instituciones p\u00fablicas y con la consolidaci\u00f3n del sistema de Defensor\u00edas como herramientas esenciales en la defensa de los derechos humanos.<\/p>\n","protected":false},"excerpt":{"rendered":"<p>La Asociaci\u00f3n de Defensores y Defensoras del Pueblo de la Rep\u00fablica Argentina (Adpra) mantuvo una reuni\u00f3n con el Senador Nacional Daniel Kroneberger, presidente de la Comisi\u00f3n Bicameral Permanente de la Defensor\u00eda del Pueblo, con el objetivo de manifestar su respaldo institucional al proceso de designaci\u00f3n del titular del Defensor\u00eda del Pueblo de la Naci\u00f3n, cargo [&hellip;]<\/p>\n","protected":false},"author":2,"featured_media":5777,"comment_status":"open","ping_status":"open","sticky":false,"template":"","format":"standard","meta":{"om_disable_all_campaigns":false,"_monsterinsights_skip_tracking":false,"_monsterinsights_sitenote_active":false,"_monsterinsights_sitenote_note":"","_monsterinsights_sitenote_category":0},"categories":[14],"tags":[],"_links":{"self":[{"href":"https:\/\/defensoriaparana.com.ar\/index.php\/wp-json\/wp\/v2\/posts\/5774"}],"collection":[{"href":"https:\/\/defensoriaparana.com.ar\/index.php\/wp-json\/wp\/v2\/posts"}],"about":[{"href":"https:\/\/defensoriaparana.com.ar\/index.php\/wp-json\/wp\/v2\/types\/post"}],"author":[{"embeddable":true,"href":"https:\/\/defensoriaparana.com.ar\/index.php\/wp-json\/wp\/v2\/users\/2"}],"replies":[{"embeddable":true,"href":"https:\/\/defensoriaparana.com.ar\/index.php\/wp-json\/wp\/v2\/comments?post=5774"}],"version-history":[{"count":1,"href":"https:\/\/defensoriaparana.com.ar\/index.php\/wp-json\/wp\/v2\/posts\/5774\/revisions"}],"predecessor-version":[{"id":5776,"href":"https:\/\/defensoriaparana.com.ar\/index.php\/wp-json\/wp\/v2\/posts\/5774\/revisions\/5776"}],"wp:featuredmedia":[{"embeddable":true,"href":"https:\/\/defensoriaparana.com.ar\/index.php\/wp-json\/wp\/v2\/media\/5777"}],"wp:attachment":[{"href":"https:\/\/defensoriaparana.com.ar\/index.php\/wp-json\/wp\/v2\/media?parent=5774"}],"wp:term":[{"taxonomy":"category","embeddable":true,"href":"https:\/\/defensoriaparana.com.ar\/index.php\/wp-json\/wp\/v2\/categories?post=5774"},{"taxonomy":"post_tag","embeddable":true,"href":"https:\/\/defensoriaparana.com.ar\/index.php\/wp-json\/wp\/v2\/tags?post=5774"}],"curies":[{"name":"wp","href":"https:\/\/api.w.org\/{rel}","templated":true}]}}