{"id":5778,"date":"2025-05-08T20:44:44","date_gmt":"2025-05-08T20:44:44","guid":{"rendered":"https:\/\/defensoriaparana.com.ar\/?p=5778"},"modified":"2025-05-08T20:44:44","modified_gmt":"2025-05-08T20:44:44","slug":"la-oficina-movil-de-la-defensoria-del-pueblo-atendio-consultas-y-reclamos-en-la-vecinal-lopez-jordan","status":"publish","type":"post","link":"https:\/\/defensoriaparana.com.ar\/index.php\/2025\/05\/08\/la-oficina-movil-de-la-defensoria-del-pueblo-atendio-consultas-y-reclamos-en-la-vecinal-lopez-jordan\/","title":{"rendered":"La oficina m\u00f3vil de la Defensor\u00eda del Pueblo atendi\u00f3 consultas y reclamos en la Vecinal L\u00f3pez Jord\u00e1n"},"content":{"rendered":"<p>&nbsp;<\/p>\n<p>La Defensor\u00eda del Pueblo de Paran\u00e1, junto a personal de la Delegaci\u00f3n de la Defensor\u00eda del Pueblo de la Naci\u00f3n en Entre R\u00edos, estuvo este jueves en la sede de la Vecinal L\u00f3pez Jord\u00e1n, ubicada en las calles Alfonsina Storni y Quinquela Mart\u00edn.<\/p>\n<p>La Defensora del Pueblo Adjunta, Cecilia Pautaso, e integrantes de ambas instituciones atendieron numerosas consultas, reclamos y pedidos de asesoramiento de vecinos de la zona este de la ciudad. Las tem\u00e1ticas planteadas fueron variadas. Entre ellas, se pueden mencionar pedidos de informaci\u00f3n y reclamos respecto a servicios p\u00fablicos, solicitudes referidas a la tramitaci\u00f3n para acceder a la renovaci\u00f3n del DNI y asesoramiento acerca de conflictos de convivencia entre vecinos, entre otras. Respecto a los temas de jurisdicci\u00f3n nacional, se tomaron reclamos por falta de pago de escolaridad de Anses y por demoras en Pensiones No Contributivas (PCN) por discapacidad.<\/p>\n<p><img loading=\"lazy\" class=\"alignnone wp-image-5780 size-large\" src=\"http:\/\/defensoriaparana.com.ar\/wp-content\/uploads\/2025\/05\/lopez2-1024x768.jpg\" alt=\"\" width=\"960\" height=\"720\" srcset=\"https:\/\/defensoriaparana.com.ar\/wp-content\/uploads\/2025\/05\/lopez2-1024x768.jpg 1024w, https:\/\/defensoriaparana.com.ar\/wp-content\/uploads\/2025\/05\/lopez2-300x225.jpg 300w, https:\/\/defensoriaparana.com.ar\/wp-content\/uploads\/2025\/05\/lopez2-768x576.jpg 768w, https:\/\/defensoriaparana.com.ar\/wp-content\/uploads\/2025\/05\/lopez2.jpg 1280w\" sizes=\"(max-width: 960px) 100vw, 960px\" \/><\/p>\n<p>La Defensor\u00eda del Pueblo participa de las jornadas de atenci\u00f3n que se organizan en el marco del programa municipal Oficinas a la Comunidad, que re\u00fane a \u00e1reas que se ocupan de tr\u00e1mites y demandas de \u00edndole social.<\/p>\n<p>La instituci\u00f3n atiende una gama amplia de temas en los se registre una vulneraci\u00f3n de derechos ciudadanos. Adem\u00e1s, cuenta con el servicio de mediaci\u00f3n comunitaria y un \u00e1rea espec\u00edfica de recepci\u00f3n de tem\u00e1ticas relacionadas a las personas mayores. Respecto a las consultas y reclamos de cuestiones de jurisdicci\u00f3n nacional, funciona desde 2010 en la sede de la Defensor\u00eda de Paran\u00e1 la Delegaci\u00f3n de la Defensor\u00eda del Pueblo de la Naci\u00f3n en Entre R\u00edos. Ambas instituciones trabajan en forma conjunta.<\/p>\n<p><img loading=\"lazy\" class=\"alignnone wp-image-5781 size-large\" src=\"http:\/\/defensoriaparana.com.ar\/wp-content\/uploads\/2025\/05\/lopez1-1024x859.jpg\" alt=\"\" width=\"960\" height=\"805\" srcset=\"https:\/\/defensoriaparana.com.ar\/wp-content\/uploads\/2025\/05\/lopez1-1024x859.jpg 1024w, https:\/\/defensoriaparana.com.ar\/wp-content\/uploads\/2025\/05\/lopez1-300x252.jpg 300w, https:\/\/defensoriaparana.com.ar\/wp-content\/uploads\/2025\/05\/lopez1-768x644.jpg 768w, https:\/\/defensoriaparana.com.ar\/wp-content\/uploads\/2025\/05\/lopez1.jpg 1143w\" sizes=\"(max-width: 960px) 100vw, 960px\" \/><\/p>\n<p>\u201cLa Defensor\u00eda al encuentro\u201d de la ciudadan\u00eda es el programa mediante el cual la instituci\u00f3n instrumenta salidas a los barrios. El objetivo de dicho programa consiste en facilitar la atenci\u00f3n de los problemas, necesidades y dudas de habitantes de distintos puntos de la ciudad, como as\u00ed tambi\u00e9n promocionar el ejercicio y respeto de los derechos ciudadanos.<\/p>\n","protected":false},"excerpt":{"rendered":"<p>&nbsp; La Defensor\u00eda del Pueblo de Paran\u00e1, junto a personal de la Delegaci\u00f3n de la Defensor\u00eda del Pueblo de la Naci\u00f3n en Entre R\u00edos, estuvo este jueves en la sede de la Vecinal L\u00f3pez Jord\u00e1n, ubicada en las calles Alfonsina Storni y Quinquela Mart\u00edn. La Defensora del Pueblo Adjunta, Cecilia Pautaso, e integrantes de ambas [&hellip;]<\/p>\n","protected":false},"author":2,"featured_media":5779,"comment_status":"open","ping_status":"open","sticky":false,"template":"","format":"standard","meta":{"om_disable_all_campaigns":false,"_monsterinsights_skip_tracking":false,"_monsterinsights_sitenote_active":false,"_monsterinsights_sitenote_note":"","_monsterinsights_sitenote_category":0},"categories":[1],"tags":[],"_links":{"self":[{"href":"https:\/\/defensoriaparana.com.ar\/index.php\/wp-json\/wp\/v2\/posts\/5778"}],"collection":[{"href":"https:\/\/defensoriaparana.com.ar\/index.php\/wp-json\/wp\/v2\/posts"}],"about":[{"href":"https:\/\/defensoriaparana.com.ar\/index.php\/wp-json\/wp\/v2\/types\/post"}],"author":[{"embeddable":true,"href":"https:\/\/defensoriaparana.com.ar\/index.php\/wp-json\/wp\/v2\/users\/2"}],"replies":[{"embeddable":true,"href":"https:\/\/defensoriaparana.com.ar\/index.php\/wp-json\/wp\/v2\/comments?post=5778"}],"version-history":[{"count":1,"href":"https:\/\/defensoriaparana.com.ar\/index.php\/wp-json\/wp\/v2\/posts\/5778\/revisions"}],"predecessor-version":[{"id":5782,"href":"https:\/\/defensoriaparana.com.ar\/index.php\/wp-json\/wp\/v2\/posts\/5778\/revisions\/5782"}],"wp:featuredmedia":[{"embeddable":true,"href":"https:\/\/defensoriaparana.com.ar\/index.php\/wp-json\/wp\/v2\/media\/5779"}],"wp:attachment":[{"href":"https:\/\/defensoriaparana.com.ar\/index.php\/wp-json\/wp\/v2\/media?parent=5778"}],"wp:term":[{"taxonomy":"category","embeddable":true,"href":"https:\/\/defensoriaparana.com.ar\/index.php\/wp-json\/wp\/v2\/categories?post=5778"},{"taxonomy":"post_tag","embeddable":true,"href":"https:\/\/defensoriaparana.com.ar\/index.php\/wp-json\/wp\/v2\/tags?post=5778"}],"curies":[{"name":"wp","href":"https:\/\/api.w.org\/{rel}","templated":true}]}}