{"id":5783,"date":"2025-05-13T17:08:29","date_gmt":"2025-05-13T17:08:29","guid":{"rendered":"https:\/\/defensoriaparana.com.ar\/?p=5783"},"modified":"2025-05-13T17:08:29","modified_gmt":"2025-05-13T17:08:29","slug":"se-realizo-una-reunion-por-los-terrenos-del-denominado-parque-costero-en-la-defensoria-del-pueblo","status":"publish","type":"post","link":"https:\/\/defensoriaparana.com.ar\/index.php\/2025\/05\/13\/se-realizo-una-reunion-por-los-terrenos-del-denominado-parque-costero-en-la-defensoria-del-pueblo\/","title":{"rendered":"Se realiz\u00f3 una reuni\u00f3n por los terrenos del denominado Parque Costero en la Defensor\u00eda del Pueblo"},"content":{"rendered":"<p>Este martes se concret\u00f3 una mesa de facilitaci\u00f3n de di\u00e1logo por los terrenos del denominado Parque Costero, coordinada por la Defensor\u00eda del Pueblo de Paran\u00e1. El \u00e1mbito de encuentro fue solicitado por la Asamblea Ciudadana Vecinalista y reuni\u00f3 a referentes de esa organizaci\u00f3n y a funcionarios municipales y provinciales.<\/p>\n<p>Durante la convocatoria, realizada desde la Defensor\u00eda del Pueblo, se abord\u00f3 el tema de la titularidad del dominio de los terrenos, aspecto que fue analizado y qued\u00f3 clarificado en base a la informaci\u00f3n aportada por \u00e1reas municipales, y sobre cuestiones ambientales relacionadas a la protecci\u00f3n del lugar y a la legislaci\u00f3n vigente.<\/p>\n<p><img loading=\"lazy\" class=\"alignnone wp-image-5785 size-large\" src=\"http:\/\/defensoriaparana.com.ar\/wp-content\/uploads\/2025\/05\/reunion-facilitacion-2-1024x461.jpg\" alt=\"\" width=\"960\" height=\"432\" srcset=\"https:\/\/defensoriaparana.com.ar\/wp-content\/uploads\/2025\/05\/reunion-facilitacion-2-1024x461.jpg 1024w, https:\/\/defensoriaparana.com.ar\/wp-content\/uploads\/2025\/05\/reunion-facilitacion-2-300x135.jpg 300w, https:\/\/defensoriaparana.com.ar\/wp-content\/uploads\/2025\/05\/reunion-facilitacion-2-768x346.jpg 768w, https:\/\/defensoriaparana.com.ar\/wp-content\/uploads\/2025\/05\/reunion-facilitacion-2.jpg 1280w\" sizes=\"(max-width: 960px) 100vw, 960px\" \/><\/p>\n<p>El encuentro permiti\u00f3 una conversaci\u00f3n fluida entre los integrantes de la Asamblea y los funcionarios, quienes aportaron informaci\u00f3n sobre ambos puntos centrales de la reuni\u00f3n.<\/p>\n<p>Entre las cuestiones que se acordaron avanzar en conjunto, se pueden mencionar el estudio de la viabilidad de la apertura de calles que permitan a la ciudadan\u00eda a acceder a la costa del r\u00edo en esa zona y la revisi\u00f3n y alcance de la ordenanza N\u00b0 7735, sancionada en 1995, que denomin\u00f3 al lugar Parque Costero Combate Vuelta de Obligado y que esboza las intenciones de volverlo un paseo p\u00fablico sin que luego se registraron avances concretos referidos, por ejemplo, al dominio de los terrenos.<\/p>\n<p><img loading=\"lazy\" class=\"alignnone wp-image-5786 size-large\" src=\"http:\/\/defensoriaparana.com.ar\/wp-content\/uploads\/2025\/05\/reunion-facilitacion-1-1024x461.jpg\" alt=\"\" width=\"960\" height=\"432\" srcset=\"https:\/\/defensoriaparana.com.ar\/wp-content\/uploads\/2025\/05\/reunion-facilitacion-1-1024x461.jpg 1024w, https:\/\/defensoriaparana.com.ar\/wp-content\/uploads\/2025\/05\/reunion-facilitacion-1-300x135.jpg 300w, https:\/\/defensoriaparana.com.ar\/wp-content\/uploads\/2025\/05\/reunion-facilitacion-1-768x346.jpg 768w, https:\/\/defensoriaparana.com.ar\/wp-content\/uploads\/2025\/05\/reunion-facilitacion-1.jpg 1280w\" sizes=\"(max-width: 960px) 100vw, 960px\" \/><\/p>\n<p>Participaron se la reuni\u00f3n la titular de la Secretar\u00eda de Ambiente de Entre R\u00edos, Rosa Hojman, junto al Director General de Ambiente y Cambio Clim\u00e1tico, Maximiliano G\u00f3mez, y la Coordinadora de Bosque Nativo de la Provincia, Andrea Cislaghi. En tanto, por el Municipio estuvieron el secretario de Desarrollo Humano, Enrique R\u00edos; Dante Gariboglio y Fernando De la Rosa por la Subsecretar\u00eda de Ambiente; el director de Catastro, Gustavo Romero, y Emilia Romero de la Secretar\u00eda Legal y T\u00e9cnica. La Asamblea Ciudadana Vecinalista estuvo representada por Alicia Glauser, Esteban Rossi y Clelia Zapata.<\/p>\n<p><img loading=\"lazy\" class=\"alignnone wp-image-5787 size-large\" src=\"http:\/\/defensoriaparana.com.ar\/wp-content\/uploads\/2025\/05\/reunion-facilitacion-1024x461.jpg\" alt=\"\" width=\"960\" height=\"432\" srcset=\"https:\/\/defensoriaparana.com.ar\/wp-content\/uploads\/2025\/05\/reunion-facilitacion-1024x461.jpg 1024w, https:\/\/defensoriaparana.com.ar\/wp-content\/uploads\/2025\/05\/reunion-facilitacion-300x135.jpg 300w, https:\/\/defensoriaparana.com.ar\/wp-content\/uploads\/2025\/05\/reunion-facilitacion-768x346.jpg 768w, https:\/\/defensoriaparana.com.ar\/wp-content\/uploads\/2025\/05\/reunion-facilitacion.jpg 1280w\" sizes=\"(max-width: 960px) 100vw, 960px\" \/><\/p>\n<p>La organizaci\u00f3n y coordinaci\u00f3n del encuentro estuvo a cargo de la Defensora del Pueblo, Marcia L\u00f3pez, y de la titular del Centro de Mediaci\u00f3n, Irina Chausovsky.<\/p>\n","protected":false},"excerpt":{"rendered":"<p>Este martes se concret\u00f3 una mesa de facilitaci\u00f3n de di\u00e1logo por los terrenos del denominado Parque Costero, coordinada por la Defensor\u00eda del Pueblo de Paran\u00e1. El \u00e1mbito de encuentro fue solicitado por la Asamblea Ciudadana Vecinalista y reuni\u00f3 a referentes de esa organizaci\u00f3n y a funcionarios municipales y provinciales. Durante la convocatoria, realizada desde la [&hellip;]<\/p>\n","protected":false},"author":2,"featured_media":5784,"comment_status":"open","ping_status":"open","sticky":false,"template":"","format":"standard","meta":{"om_disable_all_campaigns":false,"_monsterinsights_skip_tracking":false,"_monsterinsights_sitenote_active":false,"_monsterinsights_sitenote_note":"","_monsterinsights_sitenote_category":0},"categories":[1],"tags":[],"_links":{"self":[{"href":"https:\/\/defensoriaparana.com.ar\/index.php\/wp-json\/wp\/v2\/posts\/5783"}],"collection":[{"href":"https:\/\/defensoriaparana.com.ar\/index.php\/wp-json\/wp\/v2\/posts"}],"about":[{"href":"https:\/\/defensoriaparana.com.ar\/index.php\/wp-json\/wp\/v2\/types\/post"}],"author":[{"embeddable":true,"href":"https:\/\/defensoriaparana.com.ar\/index.php\/wp-json\/wp\/v2\/users\/2"}],"replies":[{"embeddable":true,"href":"https:\/\/defensoriaparana.com.ar\/index.php\/wp-json\/wp\/v2\/comments?post=5783"}],"version-history":[{"count":1,"href":"https:\/\/defensoriaparana.com.ar\/index.php\/wp-json\/wp\/v2\/posts\/5783\/revisions"}],"predecessor-version":[{"id":5788,"href":"https:\/\/defensoriaparana.com.ar\/index.php\/wp-json\/wp\/v2\/posts\/5783\/revisions\/5788"}],"wp:featuredmedia":[{"embeddable":true,"href":"https:\/\/defensoriaparana.com.ar\/index.php\/wp-json\/wp\/v2\/media\/5784"}],"wp:attachment":[{"href":"https:\/\/defensoriaparana.com.ar\/index.php\/wp-json\/wp\/v2\/media?parent=5783"}],"wp:term":[{"taxonomy":"category","embeddable":true,"href":"https:\/\/defensoriaparana.com.ar\/index.php\/wp-json\/wp\/v2\/categories?post=5783"},{"taxonomy":"post_tag","embeddable":true,"href":"https:\/\/defensoriaparana.com.ar\/index.php\/wp-json\/wp\/v2\/tags?post=5783"}],"curies":[{"name":"wp","href":"https:\/\/api.w.org\/{rel}","templated":true}]}}