{"id":5789,"date":"2025-05-14T15:48:20","date_gmt":"2025-05-14T15:48:20","guid":{"rendered":"https:\/\/defensoriaparana.com.ar\/?p=5789"},"modified":"2025-05-14T15:48:20","modified_gmt":"2025-05-14T15:48:20","slug":"se-reunio-el-consejo-de-personas-mayores-de-parana","status":"publish","type":"post","link":"https:\/\/defensoriaparana.com.ar\/index.php\/2025\/05\/14\/se-reunio-el-consejo-de-personas-mayores-de-parana\/","title":{"rendered":"Se reuni\u00f3 el Consejo de Personas Mayores de Paran\u00e1"},"content":{"rendered":"<p>Este mi\u00e9rcoles se realiz\u00f3 el primer encuentro del a\u00f1o del Consejo de Personas Mayores de Paran\u00e1, un espacio que re\u00fane a representantes de instituciones, \u00e1reas del Estado y organizaciones, creado por ordenanza con el fin de debatir y presentar proyectos para incidir en las pol\u00edticas p\u00fablicas de la ciudad relacionados a los derechos e intereses de esta franja etaria.<\/p>\n<p>Que las personas mayores \u201cpuedan hacer o\u00edr su voz\u201d es el objetivo propuesto por ordenanza de creaci\u00f3n N 10.023, sancionada en diciembre de 2021, que prev\u00e9 la posibilidad de que las iniciativas presentadas se eleven al Concejo Deliberante y se conviertan en ordenanzas.<\/p>\n<p>La organizaci\u00f3n e instrumentaci\u00f3n del Consejo est\u00e1 a cargo de la Defensora de los Derechos de las Personas Mayores, Ligia Blanco, quien en la apertura del encuentro estuvo acompa\u00f1ada por la Defensora del Pueblo Adjunta de Paran\u00e1, Cecilia Pautaso.<\/p>\n<p><img loading=\"lazy\" class=\"alignnone wp-image-5792 size-large\" src=\"http:\/\/defensoriaparana.com.ar\/wp-content\/uploads\/2025\/05\/WhatsApp-Image-2025-05-14-at-12.35.05-1-1024x461.jpeg\" alt=\"\" width=\"960\" height=\"432\" srcset=\"https:\/\/defensoriaparana.com.ar\/wp-content\/uploads\/2025\/05\/WhatsApp-Image-2025-05-14-at-12.35.05-1-1024x461.jpeg 1024w, https:\/\/defensoriaparana.com.ar\/wp-content\/uploads\/2025\/05\/WhatsApp-Image-2025-05-14-at-12.35.05-1-300x135.jpeg 300w, https:\/\/defensoriaparana.com.ar\/wp-content\/uploads\/2025\/05\/WhatsApp-Image-2025-05-14-at-12.35.05-1-768x346.jpeg 768w, https:\/\/defensoriaparana.com.ar\/wp-content\/uploads\/2025\/05\/WhatsApp-Image-2025-05-14-at-12.35.05-1.jpeg 1280w\" sizes=\"(max-width: 960px) 100vw, 960px\" \/><\/p>\n<p>En las palabras de bienvenida, Cecilia Pautaso expres\u00f3 el saludo y el benepl\u00e1cito de la Defensor\u00eda por \u201ceste tipo de espacio que fortalecen la defensa de derechos\u201d. Seguidamente, afirm\u00f3: \u201cEste \u00e1mbito es democr\u00e1tico, ya que permite participativamente hacer planteos y propuesta en la b\u00fasqueda de soluciones\u201d.<\/p>\n<p>Luego de la presentaci\u00f3n de los presentes, se comenz\u00f3 a conversar sobre los temas de inter\u00e9s y preocupaci\u00f3n del grupo, como por ejemplo el transporte urbano de pasajeros y el proceso de concesi\u00f3n. \u00a0El trabajo se organiza en base a un temario que incluye iniciativas presentadas por los integrantes del Consejo, que se ir\u00e1n abordando durante el a\u00f1o.<\/p>\n<p>Estuvieron presentes integrantes de las siguientes \u00e1reas municipales: Direcci\u00f3n de Integraci\u00f3n de Personas Mayores, Secretar\u00eda de Servicios P\u00fablicos, Subsecretar\u00eda de Pol\u00edticas Sociales, Secretar\u00eda de Seguridad Vial, Movilidad y Ordenamiento Urbano, Direcci\u00f3n de Planificaci\u00f3n Comunitaria y Gesti\u00f3n de Usos y Direcci\u00f3n de Defensa del Consumidor.<\/p>\n<p><img loading=\"lazy\" class=\"alignnone wp-image-5794 size-large\" src=\"http:\/\/defensoriaparana.com.ar\/wp-content\/uploads\/2025\/05\/WhatsApp-Image-2025-05-14-at-12.37.38-461x1024.jpeg\" alt=\"\" width=\"461\" height=\"1024\" srcset=\"https:\/\/defensoriaparana.com.ar\/wp-content\/uploads\/2025\/05\/WhatsApp-Image-2025-05-14-at-12.37.38-461x1024.jpeg 461w, https:\/\/defensoriaparana.com.ar\/wp-content\/uploads\/2025\/05\/WhatsApp-Image-2025-05-14-at-12.37.38-135x300.jpeg 135w, https:\/\/defensoriaparana.com.ar\/wp-content\/uploads\/2025\/05\/WhatsApp-Image-2025-05-14-at-12.37.38.jpeg 576w\" sizes=\"(max-width: 461px) 100vw, 461px\" \/><\/p>\n<p>Tambi\u00e9n participaron miembros de la Asociaci\u00f3n \u201cEl Recreo\u201d, del Foro por los Derechos de las Personas Mayores, del Centro de Jubilados Nacionales, de la Federaci\u00f3n de Jubilados Provinciales y del Centro de Jubilados y Pensionados de los Profesionales de la Ingenier\u00eda.<\/p>\n","protected":false},"excerpt":{"rendered":"<p>Este mi\u00e9rcoles se realiz\u00f3 el primer encuentro del a\u00f1o del Consejo de Personas Mayores de Paran\u00e1, un espacio que re\u00fane a representantes de instituciones, \u00e1reas del Estado y organizaciones, creado por ordenanza con el fin de debatir y presentar proyectos para incidir en las pol\u00edticas p\u00fablicas de la ciudad relacionados a los derechos e intereses [&hellip;]<\/p>\n","protected":false},"author":2,"featured_media":5791,"comment_status":"open","ping_status":"open","sticky":false,"template":"","format":"standard","meta":{"om_disable_all_campaigns":false,"_monsterinsights_skip_tracking":false,"_monsterinsights_sitenote_active":false,"_monsterinsights_sitenote_note":"","_monsterinsights_sitenote_category":0},"categories":[1],"tags":[],"_links":{"self":[{"href":"https:\/\/defensoriaparana.com.ar\/index.php\/wp-json\/wp\/v2\/posts\/5789"}],"collection":[{"href":"https:\/\/defensoriaparana.com.ar\/index.php\/wp-json\/wp\/v2\/posts"}],"about":[{"href":"https:\/\/defensoriaparana.com.ar\/index.php\/wp-json\/wp\/v2\/types\/post"}],"author":[{"embeddable":true,"href":"https:\/\/defensoriaparana.com.ar\/index.php\/wp-json\/wp\/v2\/users\/2"}],"replies":[{"embeddable":true,"href":"https:\/\/defensoriaparana.com.ar\/index.php\/wp-json\/wp\/v2\/comments?post=5789"}],"version-history":[{"count":1,"href":"https:\/\/defensoriaparana.com.ar\/index.php\/wp-json\/wp\/v2\/posts\/5789\/revisions"}],"predecessor-version":[{"id":5795,"href":"https:\/\/defensoriaparana.com.ar\/index.php\/wp-json\/wp\/v2\/posts\/5789\/revisions\/5795"}],"wp:featuredmedia":[{"embeddable":true,"href":"https:\/\/defensoriaparana.com.ar\/index.php\/wp-json\/wp\/v2\/media\/5791"}],"wp:attachment":[{"href":"https:\/\/defensoriaparana.com.ar\/index.php\/wp-json\/wp\/v2\/media?parent=5789"}],"wp:term":[{"taxonomy":"category","embeddable":true,"href":"https:\/\/defensoriaparana.com.ar\/index.php\/wp-json\/wp\/v2\/categories?post=5789"},{"taxonomy":"post_tag","embeddable":true,"href":"https:\/\/defensoriaparana.com.ar\/index.php\/wp-json\/wp\/v2\/tags?post=5789"}],"curies":[{"name":"wp","href":"https:\/\/api.w.org\/{rel}","templated":true}]}}