{"id":5797,"date":"2025-05-15T14:15:52","date_gmt":"2025-05-15T14:15:52","guid":{"rendered":"https:\/\/defensoriaparana.com.ar\/?p=5797"},"modified":"2025-05-15T14:35:36","modified_gmt":"2025-05-15T14:35:36","slug":"la-defensoria-del-pueblo-de-parana-participa-en-la-elaboracion-de-un-protocolo-para-asistir-a-personas-en-situacion-de-calle","status":"publish","type":"post","link":"https:\/\/defensoriaparana.com.ar\/index.php\/2025\/05\/15\/la-defensoria-del-pueblo-de-parana-participa-en-la-elaboracion-de-un-protocolo-para-asistir-a-personas-en-situacion-de-calle\/","title":{"rendered":"La Defensor\u00eda del Pueblo participa en la elaboraci\u00f3n de un protocolo para asistir a personas en situaci\u00f3n de calle"},"content":{"rendered":"<p>Ante la necesidad de manejar criterios comunes para la atenci\u00f3n de las personas que viven en la calle en Paran\u00e1, la Defensor\u00eda del Pueblo participa de una convocatoria que re\u00fane a organismos municipales y provinciales, la Polic\u00eda de Entre R\u00edos y organizaciones sociales.<\/p>\n<p>Este mi\u00e9rcoles se realiz\u00f3 el segundo encuentro en el sal\u00f3n Mariano Moreno del Concejo Deliberante en el que se avanz\u00f3 con la organizaci\u00f3n de un protocolo de asistencia y acompa\u00f1amiento a las personas que permanecen en la v\u00eda p\u00fablica.<\/p>\n<p><img loading=\"lazy\" class=\"alignnone wp-image-5798 size-large\" src=\"http:\/\/defensoriaparana.com.ar\/wp-content\/uploads\/2025\/05\/REUNION-SITUACION-CALLE-OTRA-1024x461.jpg\" alt=\"\" width=\"960\" height=\"432\" srcset=\"https:\/\/defensoriaparana.com.ar\/wp-content\/uploads\/2025\/05\/REUNION-SITUACION-CALLE-OTRA-1024x461.jpg 1024w, https:\/\/defensoriaparana.com.ar\/wp-content\/uploads\/2025\/05\/REUNION-SITUACION-CALLE-OTRA-300x135.jpg 300w, https:\/\/defensoriaparana.com.ar\/wp-content\/uploads\/2025\/05\/REUNION-SITUACION-CALLE-OTRA-768x346.jpg 768w, https:\/\/defensoriaparana.com.ar\/wp-content\/uploads\/2025\/05\/REUNION-SITUACION-CALLE-OTRA-1536x691.jpg 1536w, https:\/\/defensoriaparana.com.ar\/wp-content\/uploads\/2025\/05\/REUNION-SITUACION-CALLE-OTRA.jpg 1600w\" sizes=\"(max-width: 960px) 100vw, 960px\" \/><\/p>\n<p>Marcia L\u00f3pez, Defensora del Pueblo, particip\u00f3 de la propuesta realizada por el Municipio de conformar una mesa intersectorial de trabajo para pensar de manera conjunta qu\u00e9 herramientas y direccionamientos se requieren para intervenir en la atenci\u00f3n integral y dar respuestas efectivas.<\/p>\n<p><img loading=\"lazy\" class=\"alignnone wp-image-5800 \" src=\"http:\/\/defensoriaparana.com.ar\/wp-content\/uploads\/2025\/05\/REUNION-SIT-CALLE-2-461x1024.jpg\" alt=\"\" width=\"210\" height=\"467\" srcset=\"https:\/\/defensoriaparana.com.ar\/wp-content\/uploads\/2025\/05\/REUNION-SIT-CALLE-2-461x1024.jpg 461w, https:\/\/defensoriaparana.com.ar\/wp-content\/uploads\/2025\/05\/REUNION-SIT-CALLE-2-135x300.jpg 135w, https:\/\/defensoriaparana.com.ar\/wp-content\/uploads\/2025\/05\/REUNION-SIT-CALLE-2-691x1536.jpg 691w, https:\/\/defensoriaparana.com.ar\/wp-content\/uploads\/2025\/05\/REUNION-SIT-CALLE-2.jpg 720w\" sizes=\"(max-width: 210px) 100vw, 210px\" \/><\/p>\n<p>La Defensor\u00eda del Pueblo viene trabajando en la tem\u00e1tica, en conjunto con una veintena de instituciones y organizaciones de la ciudad nucleada en la Red por los Derechos de las Personas en Situaci\u00f3n de Calle. \u201cConsideramos que la calle no es un lugar para vivir y que deben existir pol\u00edticas p\u00fablicas que prioricen una atenci\u00f3n integral para las personas que est\u00e1n en esta situaci\u00f3n, ya que estamos frente a una vulneraci\u00f3n extrema de sus derechos ciudadanos\u201d, puntualiz\u00f3 la Defensora.<\/p>\n<p><img loading=\"lazy\" class=\"alignnone wp-image-5802 size-large\" src=\"http:\/\/defensoriaparana.com.ar\/wp-content\/uploads\/2025\/05\/reunion-situacion-de-calle-1024x461.jpg\" alt=\"\" width=\"960\" height=\"432\" srcset=\"https:\/\/defensoriaparana.com.ar\/wp-content\/uploads\/2025\/05\/reunion-situacion-de-calle-1024x461.jpg 1024w, https:\/\/defensoriaparana.com.ar\/wp-content\/uploads\/2025\/05\/reunion-situacion-de-calle-300x135.jpg 300w, https:\/\/defensoriaparana.com.ar\/wp-content\/uploads\/2025\/05\/reunion-situacion-de-calle-768x346.jpg 768w, https:\/\/defensoriaparana.com.ar\/wp-content\/uploads\/2025\/05\/reunion-situacion-de-calle-1536x691.jpg 1536w, https:\/\/defensoriaparana.com.ar\/wp-content\/uploads\/2025\/05\/reunion-situacion-de-calle.jpg 1600w\" sizes=\"(max-width: 960px) 100vw, 960px\" \/><\/p>\n<p>La jornada cont\u00f3 con la presencia de representantes de la Secretar\u00eda de Salud de Paran\u00e1, Control Urbano, Secretar\u00eda de Desarrollo Humano, Direcci\u00f3n de Adultos Mayores. Por parte de la provincia, participaron el servicio 107, el Copnaf, el Hospital Escuela de Paran\u00e1 y representantes del Ministerio de Desarrollo Humano, entre otros.<\/p>\n","protected":false},"excerpt":{"rendered":"<p>Ante la necesidad de manejar criterios comunes para la atenci\u00f3n de las personas que viven en la calle en Paran\u00e1, la Defensor\u00eda del Pueblo participa de una convocatoria que re\u00fane a organismos municipales y provinciales, la Polic\u00eda de Entre R\u00edos y organizaciones sociales. Este mi\u00e9rcoles se realiz\u00f3 el segundo encuentro en el sal\u00f3n Mariano Moreno [&hellip;]<\/p>\n","protected":false},"author":2,"featured_media":5799,"comment_status":"open","ping_status":"open","sticky":false,"template":"","format":"standard","meta":{"om_disable_all_campaigns":false,"_monsterinsights_skip_tracking":false,"_monsterinsights_sitenote_active":false,"_monsterinsights_sitenote_note":"","_monsterinsights_sitenote_category":0},"categories":[1],"tags":[],"_links":{"self":[{"href":"https:\/\/defensoriaparana.com.ar\/index.php\/wp-json\/wp\/v2\/posts\/5797"}],"collection":[{"href":"https:\/\/defensoriaparana.com.ar\/index.php\/wp-json\/wp\/v2\/posts"}],"about":[{"href":"https:\/\/defensoriaparana.com.ar\/index.php\/wp-json\/wp\/v2\/types\/post"}],"author":[{"embeddable":true,"href":"https:\/\/defensoriaparana.com.ar\/index.php\/wp-json\/wp\/v2\/users\/2"}],"replies":[{"embeddable":true,"href":"https:\/\/defensoriaparana.com.ar\/index.php\/wp-json\/wp\/v2\/comments?post=5797"}],"version-history":[{"count":4,"href":"https:\/\/defensoriaparana.com.ar\/index.php\/wp-json\/wp\/v2\/posts\/5797\/revisions"}],"predecessor-version":[{"id":5806,"href":"https:\/\/defensoriaparana.com.ar\/index.php\/wp-json\/wp\/v2\/posts\/5797\/revisions\/5806"}],"wp:featuredmedia":[{"embeddable":true,"href":"https:\/\/defensoriaparana.com.ar\/index.php\/wp-json\/wp\/v2\/media\/5799"}],"wp:attachment":[{"href":"https:\/\/defensoriaparana.com.ar\/index.php\/wp-json\/wp\/v2\/media?parent=5797"}],"wp:term":[{"taxonomy":"category","embeddable":true,"href":"https:\/\/defensoriaparana.com.ar\/index.php\/wp-json\/wp\/v2\/categories?post=5797"},{"taxonomy":"post_tag","embeddable":true,"href":"https:\/\/defensoriaparana.com.ar\/index.php\/wp-json\/wp\/v2\/tags?post=5797"}],"curies":[{"name":"wp","href":"https:\/\/api.w.org\/{rel}","templated":true}]}}