{"id":5807,"date":"2025-05-16T22:06:51","date_gmt":"2025-05-16T22:06:51","guid":{"rendered":"https:\/\/defensoriaparana.com.ar\/?p=5807"},"modified":"2025-05-16T22:54:19","modified_gmt":"2025-05-16T22:54:19","slug":"las-defensoras-asistieron-al-primer-congreso-provincial-sobre-el-cuidado-integral-de-personas-mayores","status":"publish","type":"post","link":"https:\/\/defensoriaparana.com.ar\/index.php\/2025\/05\/16\/las-defensoras-asistieron-al-primer-congreso-provincial-sobre-el-cuidado-integral-de-personas-mayores\/","title":{"rendered":"Las Defensoras asistieron al primer Congreso Provincial sobre el Cuidado Integral de Personas Mayores"},"content":{"rendered":"<p>Las Defensoras del Pueblo de Paran\u00e1, Marcia L\u00f3pez y Cecilia Pautaso (Adjunta), junto a la Defensora de los Derechos de las Personas Mayores, Ligia Blanco, e integrantes de la instituci\u00f3n, participaron este viernes del Congreso Provincial sobre el Cuidado Integral de Personas Mayores, realizado por primera vez en la capital provincial.<\/p>\n<p>La actividad, organizada por la Facultad de Ciencias de la Vida y la Salud (Uader) y el Ministerio de Desarrollo Humano de Entre R\u00edos, reuni\u00f3 a especialistas, autoridades, profesionales, estudiantes y trabajadores dedicados a la tem\u00e1tica y contempl\u00f3 el desarrollo de importantes tem\u00e1ticas a cargo de reconocidos expositores.<\/p>\n<p><img loading=\"lazy\" class=\"alignnone wp-image-5809 size-large\" src=\"http:\/\/defensoriaparana.com.ar\/wp-content\/uploads\/2025\/05\/WhatsApp-Image-2025-05-16-at-19.01.17-1024x461.jpeg\" alt=\"\" width=\"960\" height=\"432\" srcset=\"https:\/\/defensoriaparana.com.ar\/wp-content\/uploads\/2025\/05\/WhatsApp-Image-2025-05-16-at-19.01.17-1024x461.jpeg 1024w, https:\/\/defensoriaparana.com.ar\/wp-content\/uploads\/2025\/05\/WhatsApp-Image-2025-05-16-at-19.01.17-300x135.jpeg 300w, https:\/\/defensoriaparana.com.ar\/wp-content\/uploads\/2025\/05\/WhatsApp-Image-2025-05-16-at-19.01.17-768x346.jpeg 768w, https:\/\/defensoriaparana.com.ar\/wp-content\/uploads\/2025\/05\/WhatsApp-Image-2025-05-16-at-19.01.17.jpeg 1280w\" sizes=\"(max-width: 960px) 100vw, 960px\" \/><\/p>\n<p>La propuesta fue de especial inter\u00e9s para la Defensor\u00eda, ya que en el abordaje de cada tema se plantea la situaci\u00f3n de las personas mayores en relaci\u00f3n a sus derechos. Esta instituci\u00f3n cuenta desde 2020 con un \u00e1rea espec\u00edfica: la Defensor\u00eda de los Derechos de las Personas Mayores a cargo de Ligia Blanco, cuyo objetivo consiste, justamente, en la defensa y protecci\u00f3n de los derechos de quienes transitan la etapa de la vejez.<\/p>\n<p>Los organizadores informaron que el prop\u00f3sito de la jornada, desarrollada en el Auditorio de la Facultad Teresa de \u00c1vila de la Universidad Cat\u00f3lica Argentina, consisti\u00f3 en generar un \u00e1mbito de reflexi\u00f3n, intercambio, debate y aprendizaje colectivo en base a la circulaci\u00f3n de conocimientos y saberes sobre la vejez, aportando mejores pr\u00e1cticas desde el campo gerontol\u00f3gico.<\/p>\n<p><img loading=\"lazy\" class=\"alignnone wp-image-5817 size-large\" src=\"http:\/\/defensoriaparana.com.ar\/wp-content\/uploads\/2025\/05\/WhatsApp-Image-2025-05-16-at-19.52.02-461x1024.jpeg\" alt=\"\" width=\"461\" height=\"1024\" srcset=\"https:\/\/defensoriaparana.com.ar\/wp-content\/uploads\/2025\/05\/WhatsApp-Image-2025-05-16-at-19.52.02-461x1024.jpeg 461w, https:\/\/defensoriaparana.com.ar\/wp-content\/uploads\/2025\/05\/WhatsApp-Image-2025-05-16-at-19.52.02-135x300.jpeg 135w, https:\/\/defensoriaparana.com.ar\/wp-content\/uploads\/2025\/05\/WhatsApp-Image-2025-05-16-at-19.52.02.jpeg 576w\" sizes=\"(max-width: 461px) 100vw, 461px\" \/><\/p>\n","protected":false},"excerpt":{"rendered":"<p>Las Defensoras del Pueblo de Paran\u00e1, Marcia L\u00f3pez y Cecilia Pautaso (Adjunta), junto a la Defensora de los Derechos de las Personas Mayores, Ligia Blanco, e integrantes de la instituci\u00f3n, participaron este viernes del Congreso Provincial sobre el Cuidado Integral de Personas Mayores, realizado por primera vez en la capital provincial. La actividad, organizada por [&hellip;]<\/p>\n","protected":false},"author":2,"featured_media":5816,"comment_status":"open","ping_status":"open","sticky":false,"template":"","format":"standard","meta":{"om_disable_all_campaigns":false,"_monsterinsights_skip_tracking":false,"_monsterinsights_sitenote_active":false,"_monsterinsights_sitenote_note":"","_monsterinsights_sitenote_category":0},"categories":[1],"tags":[],"_links":{"self":[{"href":"https:\/\/defensoriaparana.com.ar\/index.php\/wp-json\/wp\/v2\/posts\/5807"}],"collection":[{"href":"https:\/\/defensoriaparana.com.ar\/index.php\/wp-json\/wp\/v2\/posts"}],"about":[{"href":"https:\/\/defensoriaparana.com.ar\/index.php\/wp-json\/wp\/v2\/types\/post"}],"author":[{"embeddable":true,"href":"https:\/\/defensoriaparana.com.ar\/index.php\/wp-json\/wp\/v2\/users\/2"}],"replies":[{"embeddable":true,"href":"https:\/\/defensoriaparana.com.ar\/index.php\/wp-json\/wp\/v2\/comments?post=5807"}],"version-history":[{"count":3,"href":"https:\/\/defensoriaparana.com.ar\/index.php\/wp-json\/wp\/v2\/posts\/5807\/revisions"}],"predecessor-version":[{"id":5818,"href":"https:\/\/defensoriaparana.com.ar\/index.php\/wp-json\/wp\/v2\/posts\/5807\/revisions\/5818"}],"wp:featuredmedia":[{"embeddable":true,"href":"https:\/\/defensoriaparana.com.ar\/index.php\/wp-json\/wp\/v2\/media\/5816"}],"wp:attachment":[{"href":"https:\/\/defensoriaparana.com.ar\/index.php\/wp-json\/wp\/v2\/media?parent=5807"}],"wp:term":[{"taxonomy":"category","embeddable":true,"href":"https:\/\/defensoriaparana.com.ar\/index.php\/wp-json\/wp\/v2\/categories?post=5807"},{"taxonomy":"post_tag","embeddable":true,"href":"https:\/\/defensoriaparana.com.ar\/index.php\/wp-json\/wp\/v2\/tags?post=5807"}],"curies":[{"name":"wp","href":"https:\/\/api.w.org\/{rel}","templated":true}]}}