{"id":5820,"date":"2025-05-23T15:41:27","date_gmt":"2025-05-23T15:41:27","guid":{"rendered":"https:\/\/defensoriaparana.com.ar\/?p=5820"},"modified":"2025-05-23T15:41:27","modified_gmt":"2025-05-23T15:41:27","slug":"queremos-que-cada-vez-mas-vecinos-conozcan-sus-derechos-y-sepan-que-pueden-contar-con-nosotros","status":"publish","type":"post","link":"https:\/\/defensoriaparana.com.ar\/index.php\/2025\/05\/23\/queremos-que-cada-vez-mas-vecinos-conozcan-sus-derechos-y-sepan-que-pueden-contar-con-nosotros\/","title":{"rendered":"\u201cQueremos que cada vez m\u00e1s vecinos conozcan sus derechos y sepan que pueden contar con nosotros\u201d"},"content":{"rendered":"<p>La Defensora del Pueblo de la Ciudad de Paran\u00e1, Marcia L\u00f3pez, fue consultada este jueves por medios period\u00edsticos locales sobre la instituci\u00f3n, los alcances, objetivos y respecto a los reclamos que se reciben a diario.<\/p>\n<p>La Defensora mencion\u00f3 que, en junio, la Defensor\u00eda del Pueblo cumple 22 a\u00f1os, creaci\u00f3n que se dio mediante la ordenanza 8391. Dijo que ha sido sostenido el trabajo de promoci\u00f3n de derechos y atenci\u00f3n a la ciudadan\u00eda, al tiempo que record\u00f3 que la Defensor\u00eda del Pueblo es una instituci\u00f3n estatal no gubernamental, con independencia de los gobiernos de turno.<\/p>\n<p>La instituci\u00f3n de Paran\u00e1 es la \u00fanica constituida en la provincia de Entre R\u00edos. Record\u00f3 que la Defensor\u00eda del Pueblo de Entre R\u00edos fue creada por la reforma constitucional en 2008, pero nunca se puso en funciones. Ante esta faltante, la Defensor\u00eda de Paran\u00e1 atiende y, en numerosos casos, da respuestas a reclamos provenientes de distintos puntos de la provincia.<\/p>\n<p><img loading=\"lazy\" class=\"alignnone wp-image-5821 size-full\" src=\"http:\/\/defensoriaparana.com.ar\/wp-content\/uploads\/2025\/05\/el-once.webp\" alt=\"\" width=\"900\" height=\"600\" srcset=\"https:\/\/defensoriaparana.com.ar\/wp-content\/uploads\/2025\/05\/el-once.webp 900w, https:\/\/defensoriaparana.com.ar\/wp-content\/uploads\/2025\/05\/el-once-300x200.webp 300w, https:\/\/defensoriaparana.com.ar\/wp-content\/uploads\/2025\/05\/el-once-768x512.webp 768w\" sizes=\"(max-width: 900px) 100vw, 900px\" \/><\/p>\n<p>En di\u00e1logo con el programa GPS, que se emite por Canal Once, la Defensora asever\u00f3 que en este \u00faltimo tiempo \u201cse han incrementado los reclamos por el cierre de organismos y la falta de respuesta institucional\u201d. Y mencion\u00f3, a modo de ejemplo, la eliminaci\u00f3n de programas sociales y el cierre de oficinas como los CDR (Centros de Referencia del Ministerio de Desarrollo de la Naci\u00f3n). \u201cMucha gente nos consulta porque dej\u00f3 de cobrar alg\u00fan plan o quiere volver a inscribirse, pero esos programas ya no existen o no hay d\u00f3nde gestionarlos\u201d, asever\u00f3.<\/p>\n<p>Explic\u00f3 que los reclamos son diversos, que rondan los dos mil casos registrados por a\u00f1o, y que en la estad\u00edstica se ubican primero los relacionados al derecho de identidad y les siguen los servicios municipales, siendo los principales el agua y las cloacas. En declaraciones al programa de Radio Costa Paran\u00e1, Carrusel P\u00fablico, se refiri\u00f3 a las quejas por obras sociales y dijo que se han incrementado las concernientes al Iosper, con cuyas autoridades se han mantenido reuniones para mantener activa una v\u00eda de comunicaci\u00f3n para dar respuestas a las demandas de los afiliados.<\/p>\n<p>Tambi\u00e9n se refiri\u00f3 a la totalidad de servicios que brinda la Defensor\u00eda: tiene una asesor\u00eda legal integral gratuita, \u00e1rea que orienta en una diversidad de temas y acompa\u00f1a a los ciudadanos; funciona tambi\u00e9n la Defensor\u00eda de los Derechos de las Personas Mayores, que atiende cuestiones relacionados a esta franja etaria; el Centro de Mediaci\u00f3n Comunitaria que recepta cientos de conflictos entre vecinos, y funciona en el mismo edificio una Delegaci\u00f3n de la Defensor\u00eda del Pueblo de la Naci\u00f3n que permite abordar las consultas de jurisdicci\u00f3n nacional.<\/p>\n<p>.<\/p>\n<p>Para comunicarte con la Defensor\u00eda<\/p>\n<p>.<\/p>\n<p>La atenci\u00f3n presencial se brinda en calle H. Yrigoyen 236, de 7.30 a 13, de lunes a viernes. En esos d\u00edas y horarios, la comunicaci\u00f3n tambi\u00e9n puede ser trav\u00e9s de los tel\u00e9fonos 343 4202322 y 08007771112. Por WhatsApp al 343 5346616 y por mail <a href=\"mailto:defensoriaparana@gmail.com\">defensoriaparana@gmail.com<\/a><\/p>\n<p>\u201cQueremos que cada vez m\u00e1s vecinos conozcan sus derechos y sepan que pueden contar con nosotros\u201d, a\u00f1adi\u00f3 la Defensora en declaraciones a Canal Once.<\/p>\n<p>&nbsp;<\/p>\n<p>Nota completa en https:\/\/www.youtube.com\/watch?v=qcJJTvlEzYI<\/p>\n<p>&nbsp;<\/p>\n","protected":false},"excerpt":{"rendered":"<p>La Defensora del Pueblo de la Ciudad de Paran\u00e1, Marcia L\u00f3pez, fue consultada este jueves por medios period\u00edsticos locales sobre la instituci\u00f3n, los alcances, objetivos y respecto a los reclamos que se reciben a diario. La Defensora mencion\u00f3 que, en junio, la Defensor\u00eda del Pueblo cumple 22 a\u00f1os, creaci\u00f3n que se dio mediante la ordenanza [&hellip;]<\/p>\n","protected":false},"author":2,"featured_media":5822,"comment_status":"open","ping_status":"open","sticky":false,"template":"","format":"standard","meta":{"om_disable_all_campaigns":false,"_monsterinsights_skip_tracking":false,"_monsterinsights_sitenote_active":false,"_monsterinsights_sitenote_note":"","_monsterinsights_sitenote_category":0},"categories":[1],"tags":[],"_links":{"self":[{"href":"https:\/\/defensoriaparana.com.ar\/index.php\/wp-json\/wp\/v2\/posts\/5820"}],"collection":[{"href":"https:\/\/defensoriaparana.com.ar\/index.php\/wp-json\/wp\/v2\/posts"}],"about":[{"href":"https:\/\/defensoriaparana.com.ar\/index.php\/wp-json\/wp\/v2\/types\/post"}],"author":[{"embeddable":true,"href":"https:\/\/defensoriaparana.com.ar\/index.php\/wp-json\/wp\/v2\/users\/2"}],"replies":[{"embeddable":true,"href":"https:\/\/defensoriaparana.com.ar\/index.php\/wp-json\/wp\/v2\/comments?post=5820"}],"version-history":[{"count":1,"href":"https:\/\/defensoriaparana.com.ar\/index.php\/wp-json\/wp\/v2\/posts\/5820\/revisions"}],"predecessor-version":[{"id":5823,"href":"https:\/\/defensoriaparana.com.ar\/index.php\/wp-json\/wp\/v2\/posts\/5820\/revisions\/5823"}],"wp:featuredmedia":[{"embeddable":true,"href":"https:\/\/defensoriaparana.com.ar\/index.php\/wp-json\/wp\/v2\/media\/5822"}],"wp:attachment":[{"href":"https:\/\/defensoriaparana.com.ar\/index.php\/wp-json\/wp\/v2\/media?parent=5820"}],"wp:term":[{"taxonomy":"category","embeddable":true,"href":"https:\/\/defensoriaparana.com.ar\/index.php\/wp-json\/wp\/v2\/categories?post=5820"},{"taxonomy":"post_tag","embeddable":true,"href":"https:\/\/defensoriaparana.com.ar\/index.php\/wp-json\/wp\/v2\/tags?post=5820"}],"curies":[{"name":"wp","href":"https:\/\/api.w.org\/{rel}","templated":true}]}}