{"id":5826,"date":"2025-05-28T21:12:54","date_gmt":"2025-05-28T21:12:54","guid":{"rendered":"https:\/\/defensoriaparana.com.ar\/?p=5826"},"modified":"2025-05-28T21:27:29","modified_gmt":"2025-05-28T21:27:29","slug":"veredas-colectivos-y-semaforos-temas-de-la-mesa-de-politicas-publicas-para-personas-mayores","status":"publish","type":"post","link":"https:\/\/defensoriaparana.com.ar\/index.php\/2025\/05\/28\/veredas-colectivos-y-semaforos-temas-de-la-mesa-de-politicas-publicas-para-personas-mayores\/","title":{"rendered":"Veredas, colectivos y sem\u00e1foros, temas de la Mesa de Pol\u00edticas P\u00fablicas para Personas Mayores"},"content":{"rendered":"<p>Este mi\u00e9rcoles, la Mesa de Pol\u00edticas P\u00fablicas para Personas Mayores se reuni\u00f3 nuevamente para tratar el avance de tem\u00e1ticas que se vienen analizando en el espacio integrado por organizaciones e instituciones de la ciudad y \u00e1reas del Estado provincial y municipal.<br \/>\nTal como lo prev\u00e9 la ordenanza de creaci\u00f3n del \u00e1mbito, la coordinaci\u00f3n est\u00e1 a cargo de la Defensora de los Derechos de las Personas Mayores de Paran\u00e1, Ligia Blanco, integrante de la Defensor\u00eda del Pueblo de Paran\u00e1.<br \/>\nEntre los temas abordados en este encuentro, se destaca el relacionado al estado de las veredas. Al respecto, se comparti\u00f3 informaci\u00f3n respecto del avance de las gestiones ante el Municipio en relaci\u00f3n a la inexistencia en zonas de la ciudad y al mal estado general de aceras. Tambi\u00e9n, se convers\u00f3 sobre la existencia de \u00e1rboles, contenedores y otros obst\u00e1culos en la v\u00eda p\u00fablica que vuelven insegura la circulaci\u00f3n.<br \/>\nOtro punto de la agenda fue el transporte urbano de pasajeros. Se tom\u00f3 conocimiento de que se est\u00e1n evaluando las empresas que se presentaron en la licitaci\u00f3n para la nueva prestaci\u00f3n del servicio.<\/p>\n<p>Los sem\u00e1foros peatonales fueron otro aspecto a tratar. Se acord\u00f3 renovar el pedido para que se evalu\u00e9 el tiempo de paso establecido en el mecanismo con el fin de garantizar el cruce seguro de la calle a personas mayores.<br \/>\nSe convers\u00f3 tambi\u00e9n sobre actividades intergeneracionales realizadas por La Asociaci\u00f3n El Recreo, en el marco del programa \u201cNo hay edad para transformar la realidad\u201d. Se trata de charlas informativas respecto a los derechos y realidades de personas mayores dirigidas a estudiantes del secundario.<\/p>\n<p><img loading=\"lazy\" class=\"alignnone wp-image-5828 size-large\" src=\"http:\/\/defensoriaparana.com.ar\/wp-content\/uploads\/2025\/05\/WhatsApp-Image-2025-05-28-at-18.05.13-1024x461.jpeg\" alt=\"\" width=\"960\" height=\"432\" srcset=\"https:\/\/defensoriaparana.com.ar\/wp-content\/uploads\/2025\/05\/WhatsApp-Image-2025-05-28-at-18.05.13-1024x461.jpeg 1024w, https:\/\/defensoriaparana.com.ar\/wp-content\/uploads\/2025\/05\/WhatsApp-Image-2025-05-28-at-18.05.13-300x135.jpeg 300w, https:\/\/defensoriaparana.com.ar\/wp-content\/uploads\/2025\/05\/WhatsApp-Image-2025-05-28-at-18.05.13-768x346.jpeg 768w, https:\/\/defensoriaparana.com.ar\/wp-content\/uploads\/2025\/05\/WhatsApp-Image-2025-05-28-at-18.05.13-1536x691.jpeg 1536w, https:\/\/defensoriaparana.com.ar\/wp-content\/uploads\/2025\/05\/WhatsApp-Image-2025-05-28-at-18.05.13.jpeg 1600w\" sizes=\"(max-width: 960px) 100vw, 960px\" \/><br \/>\nRespecto de la accesibilidad digital y el buen trato a personas mayores, la Defensora inform\u00f3 que fueron unos de los temas surgidos en el Consejo de Personas Mayores de Paran\u00e1, al igual que el acceso a eventos. Al respecto, se analiza encarar distintas acciones.<br \/>\nParticiparon del encuentro integrantes del Municipio de la Direcci\u00f3n de Integraci\u00f3n de Personas Mayores y la Direcci\u00f3n General de Comunidades Vecinales. Por la Provincia, estuvieron representantes de la Direcci\u00f3n de Personas Mayores, la Caja de Jubilaciones y Pensiones de Entre R\u00edos y del Programa Adulteces-Vejeces de Facultad de Humanidades Artes y Ciencias Sociales de Uader.<br \/>\nTambi\u00e9n estuvieron miembros de la Asociaci\u00f3n \u201cEl Recreo\u201d, del Centro de Jubilados Nacionales, de la Federaci\u00f3n de Jubilados Provinciales, del Centro de Jubilados Provinciales y personal de la Defensor\u00eda del Pueblo, especialista en la tem\u00e1tica.<\/p>\n<p><strong>Sigue abierta la participaci\u00f3n en la Mesa<\/strong><\/p>\n<p>La Mesa es un espacio amplio y abierto a la comunidad que se instrument\u00f3 mediante la ordenanza 9389, con el fin de impulsar acciones tendientes a la defensa de los derechos de las personas mayores. La norma es la que establece la\u00a0creaci\u00f3n de la figura del Defensor de los Derechos de las Personas Mayores en Paran\u00e1, en el \u00e1mbito de la Defensor\u00eda del Pueblo de la ciudad.<\/p>\n<p>La participaci\u00f3n en el \u00e1mbito sigue abierta a organizaciones e instituciones cuyo trabajo est\u00e9 relacionado a tem\u00e1ticas de personas mayores.<\/p>\n<p>Por m\u00e1s informaci\u00f3n, los interesados pueden llamar al 4202322 o al 08007771112, en el horario de lunes a viernes, de 7.30 a 13. Tambi\u00e9n, se pueden comunicar sin l\u00edmite horario por WhatsApp al 343 5346616 o por mail a defensoriaparana@gmail.com.<\/p>\n","protected":false},"excerpt":{"rendered":"<p>Este mi\u00e9rcoles, la Mesa de Pol\u00edticas P\u00fablicas para Personas Mayores se reuni\u00f3 nuevamente para tratar el avance de tem\u00e1ticas que se vienen analizando en el espacio integrado por organizaciones e instituciones de la ciudad y \u00e1reas del Estado provincial y municipal. Tal como lo prev\u00e9 la ordenanza de creaci\u00f3n del \u00e1mbito, la coordinaci\u00f3n est\u00e1 a [&hellip;]<\/p>\n","protected":false},"author":2,"featured_media":5827,"comment_status":"open","ping_status":"open","sticky":false,"template":"","format":"standard","meta":{"om_disable_all_campaigns":false,"_monsterinsights_skip_tracking":false,"_monsterinsights_sitenote_active":false,"_monsterinsights_sitenote_note":"","_monsterinsights_sitenote_category":0},"categories":[1],"tags":[],"_links":{"self":[{"href":"https:\/\/defensoriaparana.com.ar\/index.php\/wp-json\/wp\/v2\/posts\/5826"}],"collection":[{"href":"https:\/\/defensoriaparana.com.ar\/index.php\/wp-json\/wp\/v2\/posts"}],"about":[{"href":"https:\/\/defensoriaparana.com.ar\/index.php\/wp-json\/wp\/v2\/types\/post"}],"author":[{"embeddable":true,"href":"https:\/\/defensoriaparana.com.ar\/index.php\/wp-json\/wp\/v2\/users\/2"}],"replies":[{"embeddable":true,"href":"https:\/\/defensoriaparana.com.ar\/index.php\/wp-json\/wp\/v2\/comments?post=5826"}],"version-history":[{"count":4,"href":"https:\/\/defensoriaparana.com.ar\/index.php\/wp-json\/wp\/v2\/posts\/5826\/revisions"}],"predecessor-version":[{"id":5832,"href":"https:\/\/defensoriaparana.com.ar\/index.php\/wp-json\/wp\/v2\/posts\/5826\/revisions\/5832"}],"wp:featuredmedia":[{"embeddable":true,"href":"https:\/\/defensoriaparana.com.ar\/index.php\/wp-json\/wp\/v2\/media\/5827"}],"wp:attachment":[{"href":"https:\/\/defensoriaparana.com.ar\/index.php\/wp-json\/wp\/v2\/media?parent=5826"}],"wp:term":[{"taxonomy":"category","embeddable":true,"href":"https:\/\/defensoriaparana.com.ar\/index.php\/wp-json\/wp\/v2\/categories?post=5826"},{"taxonomy":"post_tag","embeddable":true,"href":"https:\/\/defensoriaparana.com.ar\/index.php\/wp-json\/wp\/v2\/tags?post=5826"}],"curies":[{"name":"wp","href":"https:\/\/api.w.org\/{rel}","templated":true}]}}