{"id":5833,"date":"2025-05-30T15:28:56","date_gmt":"2025-05-30T15:28:56","guid":{"rendered":"https:\/\/defensoriaparana.com.ar\/?p=5833"},"modified":"2025-05-30T17:45:30","modified_gmt":"2025-05-30T17:45:30","slug":"se-realizo-una-reunion-para-solicitar-la-puesta-en-funcionamiento-de-la-defensoria-del-pueblo-de-entre-rios","status":"publish","type":"post","link":"https:\/\/defensoriaparana.com.ar\/index.php\/2025\/05\/30\/se-realizo-una-reunion-para-solicitar-la-puesta-en-funcionamiento-de-la-defensoria-del-pueblo-de-entre-rios\/","title":{"rendered":"Se realiz\u00f3 una reuni\u00f3n para solicitar la puesta en funcionamiento de la Defensor\u00eda del Pueblo de Entre R\u00edos"},"content":{"rendered":"<p>Las Defensoras del Pueblo de la Ciudad de Paran\u00e1, Marcia L\u00f3pez y Cecilia Pautaso (Adjunta), se reunieron con Juli\u00e1n Maneiro, titular de la Secretar\u00eda de Asuntos Pol\u00edticos del Ministerio de Gobierno y Trabajo, con el fin de plantear la necesidad e importancia de que se constituya la Defensor\u00eda del Pueblo de Entre R\u00edos.<\/p>\n<p><img loading=\"lazy\" class=\"alignnone wp-image-5842 size-large\" src=\"http:\/\/defensoriaparana.com.ar\/wp-content\/uploads\/2025\/05\/reunion-prov-1024x461.jpg\" alt=\"\" width=\"960\" height=\"432\" srcset=\"https:\/\/defensoriaparana.com.ar\/wp-content\/uploads\/2025\/05\/reunion-prov-1024x461.jpg 1024w, https:\/\/defensoriaparana.com.ar\/wp-content\/uploads\/2025\/05\/reunion-prov-300x135.jpg 300w, https:\/\/defensoriaparana.com.ar\/wp-content\/uploads\/2025\/05\/reunion-prov-768x346.jpg 768w, https:\/\/defensoriaparana.com.ar\/wp-content\/uploads\/2025\/05\/reunion-prov.jpg 1280w\" sizes=\"(max-width: 960px) 100vw, 960px\" \/><\/p>\n<p>Las Defensoras fundaron el pedido en la propia naturaleza de la instituci\u00f3n, como organismo de la democracia, defensor de los derechos y garant\u00edas ciudadanas y con autonom\u00eda de los gobiernos de turno.<br \/>\nAdem\u00e1s de la solicitud de la Defensor\u00eda del Pueblo de Paran\u00e1, transmitieron el pronunciamiento realizado por la Asociaci\u00f3n de Defensores y Defensoras de la Rep\u00fablica Argentina (Adpra) -organizaci\u00f3n a la que pertenece la instituci\u00f3n local-, para que se pongan en funcionamiento las Defensor\u00edas del Pueblo existentes en el pa\u00eds \u2013entre ellas la de Entre R\u00edos- que se encuentran debidamente creadas por ley.<br \/>\nCon el apoyo de m\u00e1s de cincuenta Defensor\u00edas nucleadas en Adpra, la Defensor\u00eda de Paran\u00e1 ha reiterado en el tiempo y ante las distintas gestiones provinciales, la solicitud imperiosa para que se cumpla con la m\u00e1xima norma provincial y se constituya la instituci\u00f3n de Entre R\u00edos.<\/p>\n<p><img loading=\"lazy\" class=\"alignnone wp-image-5835 size-large\" src=\"http:\/\/defensoriaparana.com.ar\/wp-content\/uploads\/2025\/05\/reunion-prov1-1024x461.jpg\" alt=\"\" width=\"960\" height=\"432\" srcset=\"https:\/\/defensoriaparana.com.ar\/wp-content\/uploads\/2025\/05\/reunion-prov1-1024x461.jpg 1024w, https:\/\/defensoriaparana.com.ar\/wp-content\/uploads\/2025\/05\/reunion-prov1-300x135.jpg 300w, https:\/\/defensoriaparana.com.ar\/wp-content\/uploads\/2025\/05\/reunion-prov1-768x346.jpg 768w, https:\/\/defensoriaparana.com.ar\/wp-content\/uploads\/2025\/05\/reunion-prov1.jpg 1280w\" sizes=\"(max-width: 960px) 100vw, 960px\" \/><br \/>\nAl respecto, se record\u00f3 que hace 17 a\u00f1os que se incluy\u00f3 la creaci\u00f3n de la instituci\u00f3n en la Constituci\u00f3n de Entre R\u00edos. Fue en el marco de la reforma, en 2008. Desde entonces, y luego de un intento fallido, est\u00e1 pendiente la puesta en marcha de la instituci\u00f3n.<br \/>\nAdem\u00e1s de los principios fundacionales, la Defensor\u00eda de Paran\u00e1 renueva el pedido en vista tambi\u00e9n de la demanda proveniente de distintos puntos de la provincia que recibe habitualmente la instituci\u00f3n local, cuyo alcance y estructura son acotados a su jurisdicci\u00f3n. A pesar de eso y ante la falta de la Defensor\u00eda del Pueblo de Entre R\u00edos, la Defensor\u00eda de Paran\u00e1 atiende distintos tipos de reclamos, algunos urgentes, y orienta, acompa\u00f1a y busca denodadamente dar respuestas a ciudadanos entrerrianos.<br \/>\nTras una conversaci\u00f3n amena y productiva en cuanto a la valorizaci\u00f3n de la instituci\u00f3n como organismo que promueve la participaci\u00f3n ciudadana y aporta a la transparencia, el Secretario manifest\u00f3 su inter\u00e9s en la tem\u00e1tica y adelant\u00f3 que trabajar\u00e1 en consonancia.<br \/>\nDesde la Defensor\u00eda de Paran\u00e1 se han iniciado gestiones, mediante la presentaci\u00f3n de notas y documentaci\u00f3n, en ambas c\u00e1maras legislativas, ante el Ministro de Gobierno y el Gobernador Rogelio Frigerio.<\/p>\n","protected":false},"excerpt":{"rendered":"<p>Las Defensoras del Pueblo de la Ciudad de Paran\u00e1, Marcia L\u00f3pez y Cecilia Pautaso (Adjunta), se reunieron con Juli\u00e1n Maneiro, titular de la Secretar\u00eda de Asuntos Pol\u00edticos del Ministerio de Gobierno y Trabajo, con el fin de plantear la necesidad e importancia de que se constituya la Defensor\u00eda del Pueblo de Entre R\u00edos. Las Defensoras [&hellip;]<\/p>\n","protected":false},"author":2,"featured_media":5834,"comment_status":"open","ping_status":"open","sticky":false,"template":"","format":"standard","meta":{"om_disable_all_campaigns":false,"_monsterinsights_skip_tracking":false,"_monsterinsights_sitenote_active":false,"_monsterinsights_sitenote_note":"","_monsterinsights_sitenote_category":0},"categories":[1],"tags":[],"_links":{"self":[{"href":"https:\/\/defensoriaparana.com.ar\/index.php\/wp-json\/wp\/v2\/posts\/5833"}],"collection":[{"href":"https:\/\/defensoriaparana.com.ar\/index.php\/wp-json\/wp\/v2\/posts"}],"about":[{"href":"https:\/\/defensoriaparana.com.ar\/index.php\/wp-json\/wp\/v2\/types\/post"}],"author":[{"embeddable":true,"href":"https:\/\/defensoriaparana.com.ar\/index.php\/wp-json\/wp\/v2\/users\/2"}],"replies":[{"embeddable":true,"href":"https:\/\/defensoriaparana.com.ar\/index.php\/wp-json\/wp\/v2\/comments?post=5833"}],"version-history":[{"count":5,"href":"https:\/\/defensoriaparana.com.ar\/index.php\/wp-json\/wp\/v2\/posts\/5833\/revisions"}],"predecessor-version":[{"id":5845,"href":"https:\/\/defensoriaparana.com.ar\/index.php\/wp-json\/wp\/v2\/posts\/5833\/revisions\/5845"}],"wp:featuredmedia":[{"embeddable":true,"href":"https:\/\/defensoriaparana.com.ar\/index.php\/wp-json\/wp\/v2\/media\/5834"}],"wp:attachment":[{"href":"https:\/\/defensoriaparana.com.ar\/index.php\/wp-json\/wp\/v2\/media?parent=5833"}],"wp:term":[{"taxonomy":"category","embeddable":true,"href":"https:\/\/defensoriaparana.com.ar\/index.php\/wp-json\/wp\/v2\/categories?post=5833"},{"taxonomy":"post_tag","embeddable":true,"href":"https:\/\/defensoriaparana.com.ar\/index.php\/wp-json\/wp\/v2\/tags?post=5833"}],"curies":[{"name":"wp","href":"https:\/\/api.w.org\/{rel}","templated":true}]}}