{"id":5846,"date":"2025-05-29T17:55:10","date_gmt":"2025-05-29T17:55:10","guid":{"rendered":"https:\/\/defensoriaparana.com.ar\/?p=5846"},"modified":"2025-05-30T18:03:14","modified_gmt":"2025-05-30T18:03:14","slug":"la-defensoria-del-pueblo-de-parana-atendio-consultas-y-reclamos-de-vecinos-de-la-zona-este","status":"publish","type":"post","link":"https:\/\/defensoriaparana.com.ar\/index.php\/2025\/05\/29\/la-defensoria-del-pueblo-de-parana-atendio-consultas-y-reclamos-de-vecinos-de-la-zona-este\/","title":{"rendered":"La Defensor\u00eda del Pueblo de Paran\u00e1 atendi\u00f3 consultas y reclamos de vecinos de la zona este"},"content":{"rendered":"<div class=\"xdj266r x11i5rnm xat24cr x1mh8g0r x1vvkbs x126k92a\">\n<div dir=\"auto\"><\/div>\n<\/div>\n<div class=\"x11i5rnm xat24cr x1mh8g0r x1vvkbs xtlvy1s x126k92a\">\n<div dir=\"auto\">La oficina m\u00f3vil de la Defensor\u00eda del Pueblo de Paran\u00e1 estuvo este jueves en las inmediaciones del Centro de Salud Arturo Illia, en calle Provincias Unidas 345.<\/div>\n<\/div>\n<div class=\"x11i5rnm xat24cr x1mh8g0r x1vvkbs xtlvy1s x126k92a\">\n<div dir=\"auto\">Hasta all\u00ed llegaron vecinos de la zona este de la ciudad con diferentes consultas y reclamos que fueron atendidos por la Defensora del Pueblo Adjunta, Cecilia Pautaso, junto a personal de la instituci\u00f3n.<\/div>\n<\/div>\n<div class=\"x11i5rnm xat24cr x1mh8g0r x1vvkbs xtlvy1s x126k92a\">\n<div dir=\"auto\">Cuestiones relacionadas a servicios p\u00fablicos, al derecho a la identidad y gestiones para la renovaci\u00f3n u obtenci\u00f3n del DNI, conflictos entre vecinos y pedidos de orientaci\u00f3n en asuntos jur\u00eddicos, fueron algunos de los temas recibidos. Tambi\u00e9n se atendieron consultas referidas a discapacidad y beneficios sociales, entre otras.<\/div>\n<div dir=\"auto\"><\/div>\n<div dir=\"auto\"><img loading=\"lazy\" class=\"alignnone wp-image-5849 \" src=\"http:\/\/defensoriaparana.com.ar\/wp-content\/uploads\/2025\/05\/bario-1-1024x1024.jpg\" alt=\"\" width=\"531\" height=\"531\" srcset=\"https:\/\/defensoriaparana.com.ar\/wp-content\/uploads\/2025\/05\/bario-1-1024x1024.jpg 1024w, https:\/\/defensoriaparana.com.ar\/wp-content\/uploads\/2025\/05\/bario-1-300x300.jpg 300w, https:\/\/defensoriaparana.com.ar\/wp-content\/uploads\/2025\/05\/bario-1-150x150.jpg 150w, https:\/\/defensoriaparana.com.ar\/wp-content\/uploads\/2025\/05\/bario-1-768x767.jpg 768w, https:\/\/defensoriaparana.com.ar\/wp-content\/uploads\/2025\/05\/bario-1.jpg 1440w\" sizes=\"(max-width: 531px) 100vw, 531px\" \/><\/div>\n<div dir=\"auto\"><\/div>\n<\/div>\n<div class=\"x11i5rnm xat24cr x1mh8g0r x1vvkbs xtlvy1s x126k92a\">\n<div dir=\"auto\">Entre los servicios que brinda la instituci\u00f3n en las salidas, enmarcadas en el programa municipal Oficinas a la Comunidad, se puede mencionar la facilitaci\u00f3n de informaci\u00f3n y asesoramiento sobre una variedad de temas, as\u00ed como tambi\u00e9n el inicio de actuaciones con reclamos que se gestionan desde la instituci\u00f3n.<\/div>\n<div dir=\"auto\">Adem\u00e1s, se facilita orientaci\u00f3n sobre temas relacionados a personas mayores, mediaci\u00f3n comunitaria y orientaci\u00f3n jur\u00eddico integral.<\/div>\n<\/div>\n<div class=\"x11i5rnm xat24cr x1mh8g0r x1vvkbs xtlvy1s x126k92a\">\n<div dir=\"auto\">La jornada de abordaje que se realiza los jueves, dos veces al mes, re\u00fane a oficinas municipales y provinciales.<\/div>\n<div dir=\"auto\"><img loading=\"lazy\" class=\"alignnone wp-image-5848 \" src=\"http:\/\/defensoriaparana.com.ar\/wp-content\/uploads\/2025\/05\/bario-2-1024x1024.jpg\" alt=\"\" width=\"535\" height=\"535\" srcset=\"https:\/\/defensoriaparana.com.ar\/wp-content\/uploads\/2025\/05\/bario-2-1024x1024.jpg 1024w, https:\/\/defensoriaparana.com.ar\/wp-content\/uploads\/2025\/05\/bario-2-300x300.jpg 300w, https:\/\/defensoriaparana.com.ar\/wp-content\/uploads\/2025\/05\/bario-2-150x150.jpg 150w, https:\/\/defensoriaparana.com.ar\/wp-content\/uploads\/2025\/05\/bario-2-768x767.jpg 768w, https:\/\/defensoriaparana.com.ar\/wp-content\/uploads\/2025\/05\/bario-2.jpg 1440w\" sizes=\"(max-width: 535px) 100vw, 535px\" \/><\/div>\n<div dir=\"auto\"><\/div>\n<\/div>\n<div class=\"x11i5rnm xat24cr x1mh8g0r x1vvkbs xtlvy1s x126k92a\">\n<div dir=\"auto\">Las salidas a los barrios es un aspecto fundamental del trabajo que desarrolla la instituci\u00f3n. La actividad se realiza en el marco del programa \u201cLa Defensor\u00eda al encuentro\u201d de la ciudadan\u00eda, cuyo objetivo consiste en facilitar la atenci\u00f3n de los problemas, necesidades y dudas de habitantes de distintos puntos de la ciudad.<\/div>\n<div dir=\"auto\"><\/div>\n<\/div>\n<div dir=\"auto\"><img loading=\"lazy\" class=\"alignnone wp-image-5847 \" src=\"http:\/\/defensoriaparana.com.ar\/wp-content\/uploads\/2025\/05\/bario-3-1024x1024.jpg\" alt=\"\" width=\"532\" height=\"532\" srcset=\"https:\/\/defensoriaparana.com.ar\/wp-content\/uploads\/2025\/05\/bario-3-1024x1024.jpg 1024w, https:\/\/defensoriaparana.com.ar\/wp-content\/uploads\/2025\/05\/bario-3-300x300.jpg 300w, https:\/\/defensoriaparana.com.ar\/wp-content\/uploads\/2025\/05\/bario-3-150x150.jpg 150w, https:\/\/defensoriaparana.com.ar\/wp-content\/uploads\/2025\/05\/bario-3-768x767.jpg 768w, https:\/\/defensoriaparana.com.ar\/wp-content\/uploads\/2025\/05\/bario-3.jpg 1440w\" sizes=\"(max-width: 532px) 100vw, 532px\" \/><\/div>\n","protected":false},"excerpt":{"rendered":"<p>La oficina m\u00f3vil de la Defensor\u00eda del Pueblo de Paran\u00e1 estuvo este jueves en las inmediaciones del Centro de Salud Arturo Illia, en calle Provincias Unidas 345. Hasta all\u00ed llegaron vecinos de la zona este de la ciudad con diferentes consultas y reclamos que fueron atendidos por la Defensora del Pueblo Adjunta, Cecilia Pautaso, junto [&hellip;]<\/p>\n","protected":false},"author":2,"featured_media":5850,"comment_status":"open","ping_status":"open","sticky":false,"template":"","format":"standard","meta":{"om_disable_all_campaigns":false,"_monsterinsights_skip_tracking":false,"_monsterinsights_sitenote_active":false,"_monsterinsights_sitenote_note":"","_monsterinsights_sitenote_category":0},"categories":[1],"tags":[],"_links":{"self":[{"href":"https:\/\/defensoriaparana.com.ar\/index.php\/wp-json\/wp\/v2\/posts\/5846"}],"collection":[{"href":"https:\/\/defensoriaparana.com.ar\/index.php\/wp-json\/wp\/v2\/posts"}],"about":[{"href":"https:\/\/defensoriaparana.com.ar\/index.php\/wp-json\/wp\/v2\/types\/post"}],"author":[{"embeddable":true,"href":"https:\/\/defensoriaparana.com.ar\/index.php\/wp-json\/wp\/v2\/users\/2"}],"replies":[{"embeddable":true,"href":"https:\/\/defensoriaparana.com.ar\/index.php\/wp-json\/wp\/v2\/comments?post=5846"}],"version-history":[{"count":4,"href":"https:\/\/defensoriaparana.com.ar\/index.php\/wp-json\/wp\/v2\/posts\/5846\/revisions"}],"predecessor-version":[{"id":5854,"href":"https:\/\/defensoriaparana.com.ar\/index.php\/wp-json\/wp\/v2\/posts\/5846\/revisions\/5854"}],"wp:featuredmedia":[{"embeddable":true,"href":"https:\/\/defensoriaparana.com.ar\/index.php\/wp-json\/wp\/v2\/media\/5850"}],"wp:attachment":[{"href":"https:\/\/defensoriaparana.com.ar\/index.php\/wp-json\/wp\/v2\/media?parent=5846"}],"wp:term":[{"taxonomy":"category","embeddable":true,"href":"https:\/\/defensoriaparana.com.ar\/index.php\/wp-json\/wp\/v2\/categories?post=5846"},{"taxonomy":"post_tag","embeddable":true,"href":"https:\/\/defensoriaparana.com.ar\/index.php\/wp-json\/wp\/v2\/tags?post=5846"}],"curies":[{"name":"wp","href":"https:\/\/api.w.org\/{rel}","templated":true}]}}