{"id":5856,"date":"2025-06-03T15:55:35","date_gmt":"2025-06-03T15:55:35","guid":{"rendered":"https:\/\/defensoriaparana.com.ar\/?p=5856"},"modified":"2025-06-03T16:07:14","modified_gmt":"2025-06-03T16:07:14","slug":"la-defensora-del-pueblo-participo-de-la-jornada-por-ni-una-menos","status":"publish","type":"post","link":"https:\/\/defensoriaparana.com.ar\/index.php\/2025\/06\/03\/la-defensora-del-pueblo-participo-de-la-jornada-por-ni-una-menos\/","title":{"rendered":"La Defensora del Pueblo particip\u00f3 de la Jornada en conmemoraci\u00f3n por Ni una Menos"},"content":{"rendered":"<p>En el d\u00e9cimo aniversario del movimiento nacional Ni una Menos, la Defensora del Pueblo de Paran\u00e1, Marcia L\u00f3pez, particip\u00f3 de una jornada sobre Las Violencias hoy: salud mental y consumos problem\u00e1ticos; violencia digital telem\u00e1tica, realizada en el sal\u00f3n Mariano Moreno del Concejo Deliberante de la ciudad.<\/p>\n<p>\u201cEn este d\u00eda tan emblem\u00e1tico en la lucha contra las violencias, nos sumamos al reclamo en defensa de la legislaci\u00f3n vigente y de pol\u00edticas p\u00fablicas que atiendan en su verdadera dimensi\u00f3n las situaciones violentas, de agresiones, previas a los femicidios. Eso es una urgencia, una cuesti\u00f3n de Estado ante las cifras alarmantes en nuestro pa\u00eds\u201d, expres\u00f3 la Defensora del Pueblo.<\/p>\n<p>En esta jornada, se conocieron estad\u00edsticas que dan cuenta que entre 2015 y la actualidad se han producido 2500 femicidios en Argentina.<\/p>\n<p><img loading=\"lazy\" class=\"alignnone wp-image-5859 size-large\" src=\"http:\/\/defensoriaparana.com.ar\/wp-content\/uploads\/2025\/06\/WhatsApp-Image-2025-06-03-at-12.45.29-1024x461.jpeg\" alt=\"\" width=\"960\" height=\"432\" srcset=\"https:\/\/defensoriaparana.com.ar\/wp-content\/uploads\/2025\/06\/WhatsApp-Image-2025-06-03-at-12.45.29-1024x461.jpeg 1024w, https:\/\/defensoriaparana.com.ar\/wp-content\/uploads\/2025\/06\/WhatsApp-Image-2025-06-03-at-12.45.29-300x135.jpeg 300w, https:\/\/defensoriaparana.com.ar\/wp-content\/uploads\/2025\/06\/WhatsApp-Image-2025-06-03-at-12.45.29-768x346.jpeg 768w, https:\/\/defensoriaparana.com.ar\/wp-content\/uploads\/2025\/06\/WhatsApp-Image-2025-06-03-at-12.45.29.jpeg 1280w\" sizes=\"(max-width: 960px) 100vw, 960px\" \/><\/p>\n<p>La jornada fue organizada por el Municipio de Paran\u00e1 y la Facultad de Ciencias de la Vida y la Salud (Uader), en el marco de la Agenda Vidas Libres de Violencia y Discriminaci\u00f3n 2025, e incluy\u00f3 la participaci\u00f3n del \u00c1rea de G\u00e9nero del Hospital Escuela de Salud Mental, la Universidad Nacional de Entre R\u00edos (UNER), el Programa de G\u00e9nero y Derechos Facultad de Humanidades Artes y Ciencias Sociales (Uader), entre otros.<\/p>\n<p><img loading=\"lazy\" class=\"alignnone wp-image-5860 size-large\" src=\"http:\/\/defensoriaparana.com.ar\/wp-content\/uploads\/2025\/06\/WhatsApp-Image-2025-06-03-at-12.46.35-1024x461.jpeg\" alt=\"\" width=\"960\" height=\"432\" srcset=\"https:\/\/defensoriaparana.com.ar\/wp-content\/uploads\/2025\/06\/WhatsApp-Image-2025-06-03-at-12.46.35-1024x461.jpeg 1024w, https:\/\/defensoriaparana.com.ar\/wp-content\/uploads\/2025\/06\/WhatsApp-Image-2025-06-03-at-12.46.35-300x135.jpeg 300w, https:\/\/defensoriaparana.com.ar\/wp-content\/uploads\/2025\/06\/WhatsApp-Image-2025-06-03-at-12.46.35-768x346.jpeg 768w, https:\/\/defensoriaparana.com.ar\/wp-content\/uploads\/2025\/06\/WhatsApp-Image-2025-06-03-at-12.46.35.jpeg 1280w\" sizes=\"(max-width: 960px) 100vw, 960px\" \/><\/p>\n<p>Desde la organizaci\u00f3n se inform\u00f3 que el objetivo de la actividad, que contempla la participaci\u00f3n de distintos sectores de la comunidad, consiste en generar herramientas que aporten a la erradicaci\u00f3n de las violencias y discriminaciones aportando al dise\u00f1o de acci\u00f3n y la capacidad de reflexi\u00f3n cr\u00edtica en pos de la remoci\u00f3n de las desigualdades basadas en g\u00e9nero, corporalidad y sexualidad.<\/p>\n","protected":false},"excerpt":{"rendered":"<p>En el d\u00e9cimo aniversario del movimiento nacional Ni una Menos, la Defensora del Pueblo de Paran\u00e1, Marcia L\u00f3pez, particip\u00f3 de una jornada sobre Las Violencias hoy: salud mental y consumos problem\u00e1ticos; violencia digital telem\u00e1tica, realizada en el sal\u00f3n Mariano Moreno del Concejo Deliberante de la ciudad. \u201cEn este d\u00eda tan emblem\u00e1tico en la lucha contra [&hellip;]<\/p>\n","protected":false},"author":2,"featured_media":5857,"comment_status":"open","ping_status":"open","sticky":false,"template":"","format":"standard","meta":{"om_disable_all_campaigns":false,"_monsterinsights_skip_tracking":false,"_monsterinsights_sitenote_active":false,"_monsterinsights_sitenote_note":"","_monsterinsights_sitenote_category":0},"categories":[1],"tags":[],"_links":{"self":[{"href":"https:\/\/defensoriaparana.com.ar\/index.php\/wp-json\/wp\/v2\/posts\/5856"}],"collection":[{"href":"https:\/\/defensoriaparana.com.ar\/index.php\/wp-json\/wp\/v2\/posts"}],"about":[{"href":"https:\/\/defensoriaparana.com.ar\/index.php\/wp-json\/wp\/v2\/types\/post"}],"author":[{"embeddable":true,"href":"https:\/\/defensoriaparana.com.ar\/index.php\/wp-json\/wp\/v2\/users\/2"}],"replies":[{"embeddable":true,"href":"https:\/\/defensoriaparana.com.ar\/index.php\/wp-json\/wp\/v2\/comments?post=5856"}],"version-history":[{"count":2,"href":"https:\/\/defensoriaparana.com.ar\/index.php\/wp-json\/wp\/v2\/posts\/5856\/revisions"}],"predecessor-version":[{"id":5862,"href":"https:\/\/defensoriaparana.com.ar\/index.php\/wp-json\/wp\/v2\/posts\/5856\/revisions\/5862"}],"wp:featuredmedia":[{"embeddable":true,"href":"https:\/\/defensoriaparana.com.ar\/index.php\/wp-json\/wp\/v2\/media\/5857"}],"wp:attachment":[{"href":"https:\/\/defensoriaparana.com.ar\/index.php\/wp-json\/wp\/v2\/media?parent=5856"}],"wp:term":[{"taxonomy":"category","embeddable":true,"href":"https:\/\/defensoriaparana.com.ar\/index.php\/wp-json\/wp\/v2\/categories?post=5856"},{"taxonomy":"post_tag","embeddable":true,"href":"https:\/\/defensoriaparana.com.ar\/index.php\/wp-json\/wp\/v2\/tags?post=5856"}],"curies":[{"name":"wp","href":"https:\/\/api.w.org\/{rel}","templated":true}]}}