{"id":5889,"date":"2025-06-15T22:12:08","date_gmt":"2025-06-15T22:12:08","guid":{"rendered":"https:\/\/defensoriaparana.com.ar\/?p=5889"},"modified":"2025-06-14T22:33:08","modified_gmt":"2025-06-14T22:33:08","slug":"dia-de-toma-de-conciencia-del-abuso-y-maltrato-en-la-vejez-la-defensora-blanco-se-refirio-a-la-legislacion-y-las-acciones-de-la-defensoria","status":"publish","type":"post","link":"https:\/\/defensoriaparana.com.ar\/index.php\/2025\/06\/15\/dia-de-toma-de-conciencia-del-abuso-y-maltrato-en-la-vejez-la-defensora-blanco-se-refirio-a-la-legislacion-y-las-acciones-de-la-defensoria\/","title":{"rendered":"D\u00eda de Toma de Conciencia del Abuso y Maltrato en la Vejez: La Defensora Blanco se refiri\u00f3 a la legislaci\u00f3n y las acciones de la Defensor\u00eda"},"content":{"rendered":"<p>&nbsp;<\/p>\n<p>Con motivo del D\u00eda Mundial de Toma de Conciencia del Abuso y Maltrato en la Vejez, la Defensora de los Derechos de las Personas Mayores, Ligia Blanco, se refiri\u00f3 a la legislaci\u00f3n vigente y las acciones encaradas por su \u00e1rea de trabajo.<\/p>\n<p>Esta fecha fue instituida por la Asamblea General de las Naciones Unidas en 2011, con el objetivo de crear conciencia sobre el abuso y maltrato que enfrentan las personas mayores en todo el mundo. La conmemoraci\u00f3n busca sensibilizar a la sociedad sobre la importancia de tratar a los adultos mayores con dignidad y respeto, y fomentar pol\u00edticas p\u00fablicas que protejan sus derechos.<\/p>\n<p>En consonancia con esta premisa de atenci\u00f3n y valorizaci\u00f3n de la vejez, Paran\u00e1 cuenta desde 2020 con la Defensor\u00eda de los Derechos de las Personas Mayores, que funciona en el \u00e1mbito de la Defensor\u00eda del Pueblo de la Ciudad, a cargo de Ligia Blanco.<\/p>\n<p><img loading=\"lazy\" class=\"alignnone wp-image-5892 \" src=\"http:\/\/defensoriaparana.com.ar\/wp-content\/uploads\/2025\/06\/Ligia-b-836x1024.jpg\" alt=\"\" width=\"371\" height=\"454\" srcset=\"https:\/\/defensoriaparana.com.ar\/wp-content\/uploads\/2025\/06\/Ligia-b-836x1024.jpg 836w, https:\/\/defensoriaparana.com.ar\/wp-content\/uploads\/2025\/06\/Ligia-b-245x300.jpg 245w, https:\/\/defensoriaparana.com.ar\/wp-content\/uploads\/2025\/06\/Ligia-b-768x940.jpg 768w, https:\/\/defensoriaparana.com.ar\/wp-content\/uploads\/2025\/06\/Ligia-b.jpg 865w\" sizes=\"(max-width: 371px) 100vw, 371px\" \/><\/p>\n<p>Al respecto, la Defensora de los Derechos de las Personas Mayores record\u00f3 que en Argentina, desde 2017, rige la ley N\u00b0 27.360, mediante la cual el pa\u00eds adhiri\u00f3 a la Convenci\u00f3n Interamericana sobre Protecci\u00f3n de los Derechos Humanos de las Personas Mayores.<\/p>\n<p>Esta norma ampara una serie de derechos de alta sensibilidad en la situaci\u00f3n actual de las personas mayores, dijo Blanco, quien mencion\u00f3 los siguientes: un trato basado en el respeto e igualdad, quedando desterrada todo tipo de discriminaci\u00f3n por razones de edad; el derecho a una vida plena y digna y el derecho a la seguridad y sin ning\u00fan tipo de violencia.<\/p>\n<p>&nbsp;<\/p>\n<p><strong>Discriminaci\u00f3n<\/strong><\/p>\n<p>La Defensora, en di\u00e1logo con el programa Tiempo de Recreo, que se emite por Radio Costa Paran\u00e1, puso \u00e9nfasis en las situaciones de discriminaci\u00f3n que padecen las personas mayores y que son motivo de actuaci\u00f3n de su \u00e1rea.<\/p>\n<p><img loading=\"lazy\" class=\"alignnone wp-image-5893 \" src=\"http:\/\/defensoriaparana.com.ar\/wp-content\/uploads\/2025\/06\/ligia1-1024x768.jpg\" alt=\"\" width=\"670\" height=\"502\" srcset=\"https:\/\/defensoriaparana.com.ar\/wp-content\/uploads\/2025\/06\/ligia1-1024x768.jpg 1024w, https:\/\/defensoriaparana.com.ar\/wp-content\/uploads\/2025\/06\/ligia1-300x225.jpg 300w, https:\/\/defensoriaparana.com.ar\/wp-content\/uploads\/2025\/06\/ligia1-768x576.jpg 768w, https:\/\/defensoriaparana.com.ar\/wp-content\/uploads\/2025\/06\/ligia1-1536x1152.jpg 1536w, https:\/\/defensoriaparana.com.ar\/wp-content\/uploads\/2025\/06\/ligia1.jpg 1600w\" sizes=\"(max-width: 670px) 100vw, 670px\" \/><\/p>\n<p>La Defensora Blanco, junto a los integrantes del programa Tiempo de Recreo, producido y realizado por personas mayores.<\/p>\n<p>&nbsp;<\/p>\n<p>Record\u00f3 lo que significa la discriminaci\u00f3n en un sentido amplio, en vista de que en oportunidades se naturalizan situaciones y se aceptan como si fuesen normales. \u201cCualquier distinci\u00f3n, exclusi\u00f3n, restricci\u00f3n que tenga como objetivo o efecto anular o restringir el reconocimiento, goce o ejercicio en igualdad de condiciones de los derechos humanos y las libertades fundamentales en la esfera pol\u00edtica, econ\u00f3mica, social, cultural o en cualquier otra esfera de la vida p\u00fablica y privada\u201d, dijo. Y a\u00f1adi\u00f3 que la \u201cdiscriminaci\u00f3n m\u00faltiple&#8221; comprende \u201ccualquier distinci\u00f3n, exclusi\u00f3n o restricci\u00f3n hacia la persona mayor fundada en dos o m\u00e1s factores de discriminaci\u00f3n\u201d. En este sentido, puntualiz\u00f3 sobre las diferencias y exclusiones espec\u00edficamente en base a la edad.<\/p>\n<p>\u201cSon inaceptables las situaciones de discriminaci\u00f3n que sufren personas mayores. A la vez se trata de comportamientos y acciones de personas, con su trato y decisiones, o de sistemas, que vulneran los derechos de personas mayores\u201d, puntualiz\u00f3 Blanco.<\/p>\n<p>&nbsp;<\/p>\n<p><strong>Maltrato a la vejez<\/strong><\/p>\n<p>La discriminaci\u00f3n es un tipo de maltrato, entre varios, que padecen personas mayores. Al respecto, la Defensora detall\u00f3 que hay maltrato f\u00edsico -por el uso intencionado de la fuerza que causa da\u00f1o o sufrimiento-, psicol\u00f3gico o emocional -a trav\u00e9s de humillaciones, amenazas o aislamiento-, econ\u00f3mico -apropiaci\u00f3n indebida de bienes o pensiones de la persona mayor- y negligencia -la falta de atenci\u00f3n a necesidades b\u00e1sicas-.<\/p>\n<p>&nbsp;<\/p>\n<p><strong>Qu\u00e9 hace la Defensor\u00eda ante estas situaciones<\/strong><\/p>\n<p>&nbsp;<\/p>\n<p>La Defensor\u00eda de los Derechos de las Personas Mayores viene implementado una serie de acciones tendientes a prevenir y erradicar estas acciones que atentan contra una vejez digna y respetada.<\/p>\n<p>En primer lugar, la instituci\u00f3n atiende el volumen y la variedad de casos y situaciones que se presentan, ofreciendo informaci\u00f3n, asesoramiento y acompa\u00f1amiento en los reclamos. Y, de acuerdo a la tem\u00e1tica, la Defensor\u00eda realiza gestiones y acerca repuestas.<\/p>\n<p>Paralelamente, la Defensor\u00eda realiza tareas de difusi\u00f3n, a trav\u00e9s de diferentes formatos y en distintos espacios, de los derechos de las personas mayores. En este punto, se ha hecho hincapi\u00e9 en la importancia del buen trato y la debida atenci\u00f3n en \u00e1mbitos de la administraci\u00f3n p\u00fablica y algunas empresas privadas, como entidades bancarias.<\/p>\n<p>Con este prop\u00f3sito, se han realizado charlas informativas y difusi\u00f3n a trav\u00e9s de distintas v\u00edas de comunicaci\u00f3n (medios de prensa, redes, etc)<\/p>\n<p>Asimismo, se mantiene un trabajo permanente en distintos espacios como la Mesa de Pol\u00edticas P\u00fablicas para las Personas Mayores y el Consejo de Personas Mayores de Paran\u00e1, \u00e1mbitos integrados por representantes de distintos sectores de la sociedad, donde se plantean y analizan las tem\u00e1ticas con la participaci\u00f3n de los propios protagonistas. Tambi\u00e9n se realizan sugerencias respecto a la adopci\u00f3n de pol\u00edticas p\u00fablicas que promuevan y protejan los derechos de las personas mayores.<\/p>\n<p><strong>V\u00edas de contacto <\/strong><\/p>\n<p>La Defensor\u00eda de los Derechos de las Personas Mayores funciona en la sede de la Defensor\u00eda del Pueblo de Paran\u00e1, en calle Yrigoyen 236, de 7.30 a 13.\u00a0 Por tel\u00e9fono, al 4202322 y 08007771112, mensajes de texto y WhatsApp al 343 5346616 o por mail a defensoriaparana@gmail.com.<\/p>\n<p><img loading=\"lazy\" class=\"alignnone wp-image-5891 \" src=\"http:\/\/defensoriaparana.com.ar\/wp-content\/uploads\/2025\/06\/cartel-768x1024.jpg\" alt=\"\" width=\"427\" height=\"570\" srcset=\"https:\/\/defensoriaparana.com.ar\/wp-content\/uploads\/2025\/06\/cartel-768x1024.jpg 768w, https:\/\/defensoriaparana.com.ar\/wp-content\/uploads\/2025\/06\/cartel-225x300.jpg 225w, https:\/\/defensoriaparana.com.ar\/wp-content\/uploads\/2025\/06\/cartel-1152x1536.jpg 1152w, https:\/\/defensoriaparana.com.ar\/wp-content\/uploads\/2025\/06\/cartel.jpg 1200w\" sizes=\"(max-width: 427px) 100vw, 427px\" \/><\/p>\n","protected":false},"excerpt":{"rendered":"<p>&nbsp; Con motivo del D\u00eda Mundial de Toma de Conciencia del Abuso y Maltrato en la Vejez, la Defensora de los Derechos de las Personas Mayores, Ligia Blanco, se refiri\u00f3 a la legislaci\u00f3n vigente y las acciones encaradas por su \u00e1rea de trabajo. Esta fecha fue instituida por la Asamblea General de las Naciones Unidas [&hellip;]<\/p>\n","protected":false},"author":2,"featured_media":5890,"comment_status":"open","ping_status":"open","sticky":false,"template":"","format":"standard","meta":{"om_disable_all_campaigns":false,"_monsterinsights_skip_tracking":false,"_monsterinsights_sitenote_active":false,"_monsterinsights_sitenote_note":"","_monsterinsights_sitenote_category":0},"categories":[1],"tags":[],"_links":{"self":[{"href":"https:\/\/defensoriaparana.com.ar\/index.php\/wp-json\/wp\/v2\/posts\/5889"}],"collection":[{"href":"https:\/\/defensoriaparana.com.ar\/index.php\/wp-json\/wp\/v2\/posts"}],"about":[{"href":"https:\/\/defensoriaparana.com.ar\/index.php\/wp-json\/wp\/v2\/types\/post"}],"author":[{"embeddable":true,"href":"https:\/\/defensoriaparana.com.ar\/index.php\/wp-json\/wp\/v2\/users\/2"}],"replies":[{"embeddable":true,"href":"https:\/\/defensoriaparana.com.ar\/index.php\/wp-json\/wp\/v2\/comments?post=5889"}],"version-history":[{"count":1,"href":"https:\/\/defensoriaparana.com.ar\/index.php\/wp-json\/wp\/v2\/posts\/5889\/revisions"}],"predecessor-version":[{"id":5894,"href":"https:\/\/defensoriaparana.com.ar\/index.php\/wp-json\/wp\/v2\/posts\/5889\/revisions\/5894"}],"wp:featuredmedia":[{"embeddable":true,"href":"https:\/\/defensoriaparana.com.ar\/index.php\/wp-json\/wp\/v2\/media\/5890"}],"wp:attachment":[{"href":"https:\/\/defensoriaparana.com.ar\/index.php\/wp-json\/wp\/v2\/media?parent=5889"}],"wp:term":[{"taxonomy":"category","embeddable":true,"href":"https:\/\/defensoriaparana.com.ar\/index.php\/wp-json\/wp\/v2\/categories?post=5889"},{"taxonomy":"post_tag","embeddable":true,"href":"https:\/\/defensoriaparana.com.ar\/index.php\/wp-json\/wp\/v2\/tags?post=5889"}],"curies":[{"name":"wp","href":"https:\/\/api.w.org\/{rel}","templated":true}]}}