{"id":5895,"date":"2025-06-18T15:34:02","date_gmt":"2025-06-18T15:34:02","guid":{"rendered":"https:\/\/defensoriaparana.com.ar\/?p=5895"},"modified":"2025-06-18T15:34:02","modified_gmt":"2025-06-18T15:34:02","slug":"se-firmo-un-convenio-de-trabajo-conjunto-entre-la-defensoria-del-pueblo-y-el-coprocier","status":"publish","type":"post","link":"https:\/\/defensoriaparana.com.ar\/index.php\/2025\/06\/18\/se-firmo-un-convenio-de-trabajo-conjunto-entre-la-defensoria-del-pueblo-y-el-coprocier\/","title":{"rendered":"Se firm\u00f3 un convenio de trabajo conjunto entre la Defensor\u00eda del Pueblo y el Coprocier"},"content":{"rendered":"<p>Con el fin de establecer relaciones institucionales que permitan un intercambio de experiencias y encarar actividades conjuntas, la Defensora del Pueblo de la Ciudad de Paran\u00e1, Marcia L\u00f3pez, acompa\u00f1ada por la Defensora Adjunta Cecilia Pautaso, y la presidente del Colegio de Profesionales de Ciencias Inform\u00e1ticas de Entre R\u00edos (Coprocier), Silvia Aranguren, firmaron un convenio de cooperaci\u00f3n.<\/p>\n<p>La r\u00fabrica del acuerdo, que se concret\u00f3 este mi\u00e9rcoles en la sede de la Defensor\u00eda del Pueblo, contempla adem\u00e1s tareas coordinadas de \u201cdifusi\u00f3n y promoci\u00f3n de actividades conjuntas, tendientes al desarrollo de la formaci\u00f3n de recursos humanos y la implementaci\u00f3n de programas y proyectos de inter\u00e9s mutuo\u201d.<\/p>\n<p><img loading=\"lazy\" class=\"alignnone wp-image-5902 \" src=\"http:\/\/defensoriaparana.com.ar\/wp-content\/uploads\/2025\/06\/firma-convenio-4-1024x461.jpg\" alt=\"\" width=\"1062\" height=\"478\" srcset=\"https:\/\/defensoriaparana.com.ar\/wp-content\/uploads\/2025\/06\/firma-convenio-4-1024x461.jpg 1024w, https:\/\/defensoriaparana.com.ar\/wp-content\/uploads\/2025\/06\/firma-convenio-4-300x135.jpg 300w, https:\/\/defensoriaparana.com.ar\/wp-content\/uploads\/2025\/06\/firma-convenio-4-768x346.jpg 768w, https:\/\/defensoriaparana.com.ar\/wp-content\/uploads\/2025\/06\/firma-convenio-4-1536x691.jpg 1536w, https:\/\/defensoriaparana.com.ar\/wp-content\/uploads\/2025\/06\/firma-convenio-4.jpg 1600w\" sizes=\"(max-width: 1062px) 100vw, 1062px\" \/><\/p>\n<p>La Defensora Marcia L\u00f3pez consider\u00f3 \u201cmuy importante\u201d la firma del convenio, ya que \u201cpermite un trabajo colaborativo en diferentes temas\u201d como, por ejemplo, lo relacionado a las estafas virtuales, un reclamo que habitualmente recibe la instituci\u00f3n. En este sentido, destac\u00f3 que a partir de este acuerdo con el Coprocier se contar\u00e1 con un asesoramiento especializado, desde lo t\u00e9cnico, respecto de qu\u00e9 es lo m\u00e1s conveniente hacer en cada caso.<\/p>\n<p>Durante el encuentro, tambi\u00e9n se convers\u00f3 sobre la concreci\u00f3n de instancias de capacitaci\u00f3n destinadas al personal de la Defensor\u00eda y al p\u00fablico en general.<\/p>\n<p><img loading=\"lazy\" class=\"alignnone wp-image-5901 \" src=\"http:\/\/defensoriaparana.com.ar\/wp-content\/uploads\/2025\/06\/firma-convenio-5-1-1024x461.jpg\" alt=\"\" width=\"1091\" height=\"491\" srcset=\"https:\/\/defensoriaparana.com.ar\/wp-content\/uploads\/2025\/06\/firma-convenio-5-1-1024x461.jpg 1024w, https:\/\/defensoriaparana.com.ar\/wp-content\/uploads\/2025\/06\/firma-convenio-5-1-300x135.jpg 300w, https:\/\/defensoriaparana.com.ar\/wp-content\/uploads\/2025\/06\/firma-convenio-5-1-768x346.jpg 768w, https:\/\/defensoriaparana.com.ar\/wp-content\/uploads\/2025\/06\/firma-convenio-5-1-1536x691.jpg 1536w, https:\/\/defensoriaparana.com.ar\/wp-content\/uploads\/2025\/06\/firma-convenio-5-1.jpg 1600w\" sizes=\"(max-width: 1091px) 100vw, 1091px\" \/><\/p>\n<p>Por su parte, Silvia Aranguren, expres\u00f3 su satisfacci\u00f3n por el convenio, ya que \u201cse pueden trabajar en conjunto muchas tem\u00e1ticas y en vista de que cada vez el mundo es m\u00e1s digitalizado\u201d. \u00a0Por eso, agreg\u00f3: \u201cTodo lo que sea hacer capacitaciones, actualizaciones, asesoramientos, charlas y brindar alguna ayuda a la comunidad en general, al ciudadano, es muy importante para nosotros\u201d.<\/p>\n<p>La Defensora Adjunta, Cecilia Pautaso, valor\u00f3 el hecho de poder trabajar de manera mancomunada en favor de la defensa de los derechos ciudadanos y la posibilidad de la interrelaci\u00f3n institucional, lo que permite \u2013dijo- optimizar objetivos y esfuerzos.<\/p>\n<p><img loading=\"lazy\" class=\"alignnone wp-image-5897 \" src=\"http:\/\/defensoriaparana.com.ar\/wp-content\/uploads\/2025\/06\/AnyConv.com__firma-de-convenio-2-1024x461.jpg\" alt=\"\" width=\"1115\" height=\"502\" srcset=\"https:\/\/defensoriaparana.com.ar\/wp-content\/uploads\/2025\/06\/AnyConv.com__firma-de-convenio-2-1024x461.jpg 1024w, https:\/\/defensoriaparana.com.ar\/wp-content\/uploads\/2025\/06\/AnyConv.com__firma-de-convenio-2-300x135.jpg 300w, https:\/\/defensoriaparana.com.ar\/wp-content\/uploads\/2025\/06\/AnyConv.com__firma-de-convenio-2-768x346.jpg 768w, https:\/\/defensoriaparana.com.ar\/wp-content\/uploads\/2025\/06\/AnyConv.com__firma-de-convenio-2.jpg 1280w\" sizes=\"(max-width: 1115px) 100vw, 1115px\" \/><\/p>\n","protected":false},"excerpt":{"rendered":"<p>Con el fin de establecer relaciones institucionales que permitan un intercambio de experiencias y encarar actividades conjuntas, la Defensora del Pueblo de la Ciudad de Paran\u00e1, Marcia L\u00f3pez, acompa\u00f1ada por la Defensora Adjunta Cecilia Pautaso, y la presidente del Colegio de Profesionales de Ciencias Inform\u00e1ticas de Entre R\u00edos (Coprocier), Silvia Aranguren, firmaron un convenio de [&hellip;]<\/p>\n","protected":false},"author":2,"featured_media":5899,"comment_status":"open","ping_status":"open","sticky":false,"template":"","format":"standard","meta":{"om_disable_all_campaigns":false,"_monsterinsights_skip_tracking":false,"_monsterinsights_sitenote_active":false,"_monsterinsights_sitenote_note":"","_monsterinsights_sitenote_category":0},"categories":[1],"tags":[],"_links":{"self":[{"href":"https:\/\/defensoriaparana.com.ar\/index.php\/wp-json\/wp\/v2\/posts\/5895"}],"collection":[{"href":"https:\/\/defensoriaparana.com.ar\/index.php\/wp-json\/wp\/v2\/posts"}],"about":[{"href":"https:\/\/defensoriaparana.com.ar\/index.php\/wp-json\/wp\/v2\/types\/post"}],"author":[{"embeddable":true,"href":"https:\/\/defensoriaparana.com.ar\/index.php\/wp-json\/wp\/v2\/users\/2"}],"replies":[{"embeddable":true,"href":"https:\/\/defensoriaparana.com.ar\/index.php\/wp-json\/wp\/v2\/comments?post=5895"}],"version-history":[{"count":1,"href":"https:\/\/defensoriaparana.com.ar\/index.php\/wp-json\/wp\/v2\/posts\/5895\/revisions"}],"predecessor-version":[{"id":5903,"href":"https:\/\/defensoriaparana.com.ar\/index.php\/wp-json\/wp\/v2\/posts\/5895\/revisions\/5903"}],"wp:featuredmedia":[{"embeddable":true,"href":"https:\/\/defensoriaparana.com.ar\/index.php\/wp-json\/wp\/v2\/media\/5899"}],"wp:attachment":[{"href":"https:\/\/defensoriaparana.com.ar\/index.php\/wp-json\/wp\/v2\/media?parent=5895"}],"wp:term":[{"taxonomy":"category","embeddable":true,"href":"https:\/\/defensoriaparana.com.ar\/index.php\/wp-json\/wp\/v2\/categories?post=5895"},{"taxonomy":"post_tag","embeddable":true,"href":"https:\/\/defensoriaparana.com.ar\/index.php\/wp-json\/wp\/v2\/tags?post=5895"}],"curies":[{"name":"wp","href":"https:\/\/api.w.org\/{rel}","templated":true}]}}