{"id":5905,"date":"2025-06-24T21:49:39","date_gmt":"2025-06-24T21:49:39","guid":{"rendered":"https:\/\/defensoriaparana.com.ar\/?p=5905"},"modified":"2025-07-25T14:58:51","modified_gmt":"2025-07-25T14:58:51","slug":"las-defensoras-del-pueblo-se-reunieron-con-la-titular-de-leadi-y-se-refirieron-a-la-necesidad-de-resguardar-el-derecho-a-la-salud-de-la-ciudadania","status":"publish","type":"post","link":"https:\/\/defensoriaparana.com.ar\/index.php\/2025\/06\/24\/las-defensoras-del-pueblo-se-reunieron-con-la-titular-de-leadi-y-se-refirieron-a-la-necesidad-de-resguardar-el-derecho-a-la-salud-de-la-ciudadania\/","title":{"rendered":"Las Defensoras del Pueblo se reunieron con la titular de Leadi y se refirieron a la necesidad de resguardar el derecho a la salud de la ciudadan\u00eda"},"content":{"rendered":"<p>Las Defensoras del Pueblo de Paran\u00e1, Marcia L\u00f3pez y Cecilia Pautaso (Adjunta), se reunieron con la titular de la Liga Entrerriana de Ayuda a Personas con Diabetes (Leadi), Silvina Vismara, en el marco de una serie de encuentros que la instituci\u00f3n prev\u00e9 mantener con representantes de organizaciones locales.<\/p>\n<p>Durante la reuni\u00f3n, realizada en la sede de la Defensor\u00eda, se analiz\u00f3 el trabajo que viene realizando la ong y la situaci\u00f3n de la personas con la enfermedad, especialmente complicadas \u00faltimamente debido a inconvenientes referidos a la asistencia del Programa Provincial de Diabetes en Entre R\u00edos y efectores p\u00fablicos, y a falencias en las cobertura de obras sociales, como la OSER (ex Iosper).<\/p>\n<p><img loading=\"lazy\" class=\"alignnone wp-image-5906 size-large\" src=\"http:\/\/defensoriaparana.com.ar\/wp-content\/uploads\/2025\/06\/leadi-4-1024x461.jpg\" alt=\"\" width=\"960\" height=\"432\" srcset=\"https:\/\/defensoriaparana.com.ar\/wp-content\/uploads\/2025\/06\/leadi-4-1024x461.jpg 1024w, https:\/\/defensoriaparana.com.ar\/wp-content\/uploads\/2025\/06\/leadi-4-300x135.jpg 300w, https:\/\/defensoriaparana.com.ar\/wp-content\/uploads\/2025\/06\/leadi-4-768x346.jpg 768w, https:\/\/defensoriaparana.com.ar\/wp-content\/uploads\/2025\/06\/leadi-4-1536x691.jpg 1536w, https:\/\/defensoriaparana.com.ar\/wp-content\/uploads\/2025\/06\/leadi-4.jpg 1600w\" sizes=\"(max-width: 960px) 100vw, 960px\" \/><\/p>\n<p>La faltante de insumos b\u00e1sicos, como insulinas y elementos necesarios para el control de los marcadores de la enfermedad, fue una de las demandas receptadas por Leadi en las \u00faltimas semanas.<\/p>\n<p>Asimismo, Vismara plante\u00f3 la necesidad de que se realice una tarea de informaci\u00f3n y educaci\u00f3n sostenida en el tiempo, referida a la enfermedad, a su prevenci\u00f3n y detecci\u00f3n temprana en distintos \u00e1mbitos de la comunidad, especialmente en niveles escolares y de salud.<\/p>\n<p>Las Defensoras del Pueblo manifestaron su profunda preocupaci\u00f3n ante situaciones \u2013como las planteadas-, que dan cuenta de la imposibilidad del acceso pleno al derecho a la salud por parte de la ciudadan\u00eda; al tiempo que \u2013remarcaron- desde la instituci\u00f3n se realizan a diario gestiones ante obras sociales y \u00e1reas de salud p\u00fablica con el fin de atender una variada gama de reclamos.<\/p>\n<p><img loading=\"lazy\" class=\"alignnone wp-image-5909 size-large\" src=\"http:\/\/defensoriaparana.com.ar\/wp-content\/uploads\/2025\/06\/leadi-1024x461.jpg\" alt=\"\" width=\"960\" height=\"432\" srcset=\"https:\/\/defensoriaparana.com.ar\/wp-content\/uploads\/2025\/06\/leadi-1024x461.jpg 1024w, https:\/\/defensoriaparana.com.ar\/wp-content\/uploads\/2025\/06\/leadi-300x135.jpg 300w, https:\/\/defensoriaparana.com.ar\/wp-content\/uploads\/2025\/06\/leadi-768x346.jpg 768w, https:\/\/defensoriaparana.com.ar\/wp-content\/uploads\/2025\/06\/leadi-1536x691.jpg 1536w, https:\/\/defensoriaparana.com.ar\/wp-content\/uploads\/2025\/06\/leadi.jpg 1600w\" sizes=\"(max-width: 960px) 100vw, 960px\" \/><\/p>\n<p>Por \u00faltimo, expresaron la voluntad de brindar acompa\u00f1amiento desde la Defensor\u00eda en las acciones que se emprendan Leadi, tendientes a informar y concientizar sobre la enfermedad, como de colaborar en otros objetivos propuestos por la entidad.<\/p>\n","protected":false},"excerpt":{"rendered":"<p>Las Defensoras del Pueblo de Paran\u00e1, Marcia L\u00f3pez y Cecilia Pautaso (Adjunta), se reunieron con la titular de la Liga Entrerriana de Ayuda a Personas con Diabetes (Leadi), Silvina Vismara, en el marco de una serie de encuentros que la instituci\u00f3n prev\u00e9 mantener con representantes de organizaciones locales. Durante la reuni\u00f3n, realizada en la sede [&hellip;]<\/p>\n","protected":false},"author":2,"featured_media":5908,"comment_status":"open","ping_status":"open","sticky":false,"template":"","format":"standard","meta":{"om_disable_all_campaigns":false,"_monsterinsights_skip_tracking":false,"_monsterinsights_sitenote_active":false,"_monsterinsights_sitenote_note":"","_monsterinsights_sitenote_category":0},"categories":[1],"tags":[],"_links":{"self":[{"href":"https:\/\/defensoriaparana.com.ar\/index.php\/wp-json\/wp\/v2\/posts\/5905"}],"collection":[{"href":"https:\/\/defensoriaparana.com.ar\/index.php\/wp-json\/wp\/v2\/posts"}],"about":[{"href":"https:\/\/defensoriaparana.com.ar\/index.php\/wp-json\/wp\/v2\/types\/post"}],"author":[{"embeddable":true,"href":"https:\/\/defensoriaparana.com.ar\/index.php\/wp-json\/wp\/v2\/users\/2"}],"replies":[{"embeddable":true,"href":"https:\/\/defensoriaparana.com.ar\/index.php\/wp-json\/wp\/v2\/comments?post=5905"}],"version-history":[{"count":3,"href":"https:\/\/defensoriaparana.com.ar\/index.php\/wp-json\/wp\/v2\/posts\/5905\/revisions"}],"predecessor-version":[{"id":6018,"href":"https:\/\/defensoriaparana.com.ar\/index.php\/wp-json\/wp\/v2\/posts\/5905\/revisions\/6018"}],"wp:featuredmedia":[{"embeddable":true,"href":"https:\/\/defensoriaparana.com.ar\/index.php\/wp-json\/wp\/v2\/media\/5908"}],"wp:attachment":[{"href":"https:\/\/defensoriaparana.com.ar\/index.php\/wp-json\/wp\/v2\/media?parent=5905"}],"wp:term":[{"taxonomy":"category","embeddable":true,"href":"https:\/\/defensoriaparana.com.ar\/index.php\/wp-json\/wp\/v2\/categories?post=5905"},{"taxonomy":"post_tag","embeddable":true,"href":"https:\/\/defensoriaparana.com.ar\/index.php\/wp-json\/wp\/v2\/tags?post=5905"}],"curies":[{"name":"wp","href":"https:\/\/api.w.org\/{rel}","templated":true}]}}