{"id":5911,"date":"2025-06-25T23:56:46","date_gmt":"2025-06-25T23:56:46","guid":{"rendered":"https:\/\/defensoriaparana.com.ar\/?p=5911"},"modified":"2025-06-25T23:58:34","modified_gmt":"2025-06-25T23:58:34","slug":"la-defensoria-del-pueblo-de-parana-cumple-22-anos-de-historia","status":"publish","type":"post","link":"https:\/\/defensoriaparana.com.ar\/index.php\/2025\/06\/25\/la-defensoria-del-pueblo-de-parana-cumple-22-anos-de-historia\/","title":{"rendered":"La Defensor\u00eda del Pueblo de Paran\u00e1 celebr\u00f3 22 a\u00f1os de historia"},"content":{"rendered":"<div class=\"adM\"><\/div>\n<div>En el D\u00eda de la Ciudad y del Vecino, se celebra un nuevo aniversario de la instrumentaci\u00f3n de la Defensor\u00eda del Pueblo de Paran\u00e1, instituci\u00f3n \u00fanica en su tipo en la provincia.<\/div>\n<div><\/div>\n<div>El 25 de junio de 2003 fueron electos por el Concejo Deliberante los primeros Defensores del Pueblo de Paran\u00e1, Jorge Kerz y Martha Benedetto (Adjunta). Ese paso fue fundamental para comenzar a funcionar, por lo que esa fecha fue considerada fundacional para la instituci\u00f3n.<\/div>\n<div>Desde entonces, se ha desarrollado un trabajo creciente, con m\u00e1s de 43 mil actuaciones y casos que constan en la estad\u00edstica y otro volumen significativo de intervenciones fuera de registro. Adem\u00e1s, se ha mantenido una amplia actividad con marcada inserci\u00f3n en la comunidad, lo que ha permitido un fuerte arraigo de la instituci\u00f3n.<\/div>\n<div>La de Paran\u00e1 es la \u00fanica Defensor\u00eda del Pueblo existente en Entre R\u00edos, por lo que pese a contar con una estructura y alcance limitados a la jurisdicci\u00f3n local, atiende habitualmente consultas y reclamos de ciudadanos de distintas localidades.<\/div>\n<div><\/div>\n<div>Los integrantes del equipo de trabajo de la Defensor\u00eda del Pueblo destacan la importancia de esta instituci\u00f3n de la democracia, defensora de los derechos ciudadanos, y agradecen el acercamiento y la confianza de vecinos de Paran\u00e1 y otros puntos de la provincia.<\/div>\n<div><\/div>\n<div>Junto a la celebraci\u00f3n del D\u00eda de la Ciudad y el aniversario de la Defensor\u00eda, se rememora otra fecha relacionada e importante: el D\u00eda Municipal del Vecino, establecido en 2000 por la ordenanza 8193, en reconocimiento y revalorizaci\u00f3n de los habitantes de Paran\u00e1.<\/div>\n<div><\/div>\n<div><\/div>\n<div><b>Charlas en escuelas y barrios<\/b><\/div>\n<div><\/div>\n<div>En lo que queda de junio y durante julio se desarrollar\u00e1 un ciclo de charlas en instituciones educativas y barrios de la ciudad.<\/div>\n<div>Este jueves, la actividad comenzar\u00e1 en la Escuela Rep\u00fablica de Entre R\u00edos, donde integrantes de la instituci\u00f3n participar\u00e1n de una instancia de conversaci\u00f3n con los estudiantes de los \u00faltimos niveles del secundario. La idea es analizar temas tales como: derechos ciudadanos y el contraste con la realidad de cada uno, el ejercicio de la ciudadan\u00eda, el rol de la Defensor\u00eda del Pueblo como instituci\u00f3n de la democracia, entre otras tem\u00e1ticas.<\/div>\n<div>Las charlas no s\u00f3lo se brindar\u00e1n a estudiantes, sino que tambi\u00e9n se extender\u00e1n tambi\u00e9n a vecinos de distintos barrios.<\/div>\n<div><\/div>\n<div>El equipo de trabajo de la Defensor\u00eda honr\u00f3 el aniversario con testimonios de trabajadores que comenzaron con el arranque de la instituci\u00f3n, en 2003, y con conversaciones sobre la actualidad de la instituci\u00f3n, sobre sus nobles objetivos y los logros alcanzados.<\/div>\n<div><\/div>\n<div><img loading=\"lazy\" class=\"alignnone wp-image-5916 size-large\" src=\"http:\/\/defensoriaparana.com.ar\/wp-content\/uploads\/2025\/06\/aniversario-1-1024x461.jpg\" alt=\"\" width=\"960\" height=\"432\" srcset=\"https:\/\/defensoriaparana.com.ar\/wp-content\/uploads\/2025\/06\/aniversario-1-1024x461.jpg 1024w, https:\/\/defensoriaparana.com.ar\/wp-content\/uploads\/2025\/06\/aniversario-1-300x135.jpg 300w, https:\/\/defensoriaparana.com.ar\/wp-content\/uploads\/2025\/06\/aniversario-1-768x346.jpg 768w, https:\/\/defensoriaparana.com.ar\/wp-content\/uploads\/2025\/06\/aniversario-1-1536x691.jpg 1536w, https:\/\/defensoriaparana.com.ar\/wp-content\/uploads\/2025\/06\/aniversario-1.jpg 1600w\" sizes=\"(max-width: 960px) 100vw, 960px\" \/><\/div>\n<div><\/div>\n<div><img loading=\"lazy\" class=\"alignnone wp-image-5913 size-large\" src=\"http:\/\/defensoriaparana.com.ar\/wp-content\/uploads\/2025\/06\/aniversario-4-1024x461.jpg\" alt=\"\" width=\"960\" height=\"432\" srcset=\"https:\/\/defensoriaparana.com.ar\/wp-content\/uploads\/2025\/06\/aniversario-4-1024x461.jpg 1024w, https:\/\/defensoriaparana.com.ar\/wp-content\/uploads\/2025\/06\/aniversario-4-300x135.jpg 300w, https:\/\/defensoriaparana.com.ar\/wp-content\/uploads\/2025\/06\/aniversario-4-768x346.jpg 768w, https:\/\/defensoriaparana.com.ar\/wp-content\/uploads\/2025\/06\/aniversario-4-1536x691.jpg 1536w, https:\/\/defensoriaparana.com.ar\/wp-content\/uploads\/2025\/06\/aniversario-4.jpg 1600w\" sizes=\"(max-width: 960px) 100vw, 960px\" \/><\/div>\n<div><\/div>\n<div>A continuaci\u00f3n, un video por el aniversario de la Defensor\u00eda del Pueblo.<\/div>\n<div><a href=\"https:\/\/www.instagram.com\/p\/DLUuahtOpcH\/?hl=es\">https:\/\/www.instagram.com\/p\/DLUuahtOpcH\/?hl=es<\/a><\/div>\n<div><\/div>\n","protected":false},"excerpt":{"rendered":"<p>En el D\u00eda de la Ciudad y del Vecino, se celebra un nuevo aniversario de la instrumentaci\u00f3n de la Defensor\u00eda del Pueblo de Paran\u00e1, instituci\u00f3n \u00fanica en su tipo en la provincia. El 25 de junio de 2003 fueron electos por el Concejo Deliberante los primeros Defensores del Pueblo de Paran\u00e1, Jorge Kerz y Martha [&hellip;]<\/p>\n","protected":false},"author":2,"featured_media":5917,"comment_status":"open","ping_status":"open","sticky":false,"template":"","format":"standard","meta":{"om_disable_all_campaigns":false,"_monsterinsights_skip_tracking":false,"_monsterinsights_sitenote_active":false,"_monsterinsights_sitenote_note":"","_monsterinsights_sitenote_category":0},"categories":[1],"tags":[],"_links":{"self":[{"href":"https:\/\/defensoriaparana.com.ar\/index.php\/wp-json\/wp\/v2\/posts\/5911"}],"collection":[{"href":"https:\/\/defensoriaparana.com.ar\/index.php\/wp-json\/wp\/v2\/posts"}],"about":[{"href":"https:\/\/defensoriaparana.com.ar\/index.php\/wp-json\/wp\/v2\/types\/post"}],"author":[{"embeddable":true,"href":"https:\/\/defensoriaparana.com.ar\/index.php\/wp-json\/wp\/v2\/users\/2"}],"replies":[{"embeddable":true,"href":"https:\/\/defensoriaparana.com.ar\/index.php\/wp-json\/wp\/v2\/comments?post=5911"}],"version-history":[{"count":3,"href":"https:\/\/defensoriaparana.com.ar\/index.php\/wp-json\/wp\/v2\/posts\/5911\/revisions"}],"predecessor-version":[{"id":5920,"href":"https:\/\/defensoriaparana.com.ar\/index.php\/wp-json\/wp\/v2\/posts\/5911\/revisions\/5920"}],"wp:featuredmedia":[{"embeddable":true,"href":"https:\/\/defensoriaparana.com.ar\/index.php\/wp-json\/wp\/v2\/media\/5917"}],"wp:attachment":[{"href":"https:\/\/defensoriaparana.com.ar\/index.php\/wp-json\/wp\/v2\/media?parent=5911"}],"wp:term":[{"taxonomy":"category","embeddable":true,"href":"https:\/\/defensoriaparana.com.ar\/index.php\/wp-json\/wp\/v2\/categories?post=5911"},{"taxonomy":"post_tag","embeddable":true,"href":"https:\/\/defensoriaparana.com.ar\/index.php\/wp-json\/wp\/v2\/tags?post=5911"}],"curies":[{"name":"wp","href":"https:\/\/api.w.org\/{rel}","templated":true}]}}