{"id":5921,"date":"2025-06-26T18:08:03","date_gmt":"2025-06-26T18:08:03","guid":{"rendered":"https:\/\/defensoriaparana.com.ar\/?p=5921"},"modified":"2025-06-26T18:14:21","modified_gmt":"2025-06-26T18:14:21","slug":"se-inicio-un-ciclo-de-charlas-con-estudiantes-en-el-marco-del-aniversario-de-la-defensoria-del-pueblo","status":"publish","type":"post","link":"https:\/\/defensoriaparana.com.ar\/index.php\/2025\/06\/26\/se-inicio-un-ciclo-de-charlas-con-estudiantes-en-el-marco-del-aniversario-de-la-defensoria-del-pueblo\/","title":{"rendered":"Se inici\u00f3 un ciclo de charlas con estudiantes, en el marco del aniversario de la Defensor\u00eda del Pueblo\u00a0\u00a0"},"content":{"rendered":"<p>Este jueves comenz\u00f3 un ciclo de charlas, organizado por la Defensor\u00eda del Pueblo de Paran\u00e1 en el marco de su 22 aniversario.<\/p>\n<p>El inicio fue en la Escuela N\u00b0 50 Rep\u00fablica de Entre R\u00edos y estuvo destinado a estudiantes del 6to. a\u00f1o de la instituci\u00f3n.<\/p>\n<p>La propuesta, que cont\u00f3 con la participaci\u00f3n de las Defensoras del Pueblo, Marcia L\u00f3pez y Cecilia Pautaso (Adjunta), y la Coordinadora del Centro de Mediaci\u00f3n Comunitaria, Irina Chausovsky, consisti\u00f3 en una conversaci\u00f3n amena y din\u00e1mica sobre los derechos ciudadanos y la importancia de conocerlos, el rol de la Defensor\u00eda del Pueblo como instituci\u00f3n de la democracia y los servicios que brinda la de Paran\u00e1, y los conflictos en las relaciones de convivencia.<\/p>\n<p><img loading=\"lazy\" class=\"alignnone wp-image-5933 \" src=\"http:\/\/defensoriaparana.com.ar\/wp-content\/uploads\/2025\/06\/director-recortada.jpg\" alt=\"\" width=\"454\" height=\"579\" srcset=\"https:\/\/defensoriaparana.com.ar\/wp-content\/uploads\/2025\/06\/director-recortada.jpg 697w, https:\/\/defensoriaparana.com.ar\/wp-content\/uploads\/2025\/06\/director-recortada-235x300.jpg 235w\" sizes=\"(max-width: 454px) 100vw, 454px\" \/><\/p>\n<p>La actividad concit\u00f3 el inter\u00e9s de los estudiantes, quienes intercambiaron experiencias y expusieron dudas y opiniones sobre las tem\u00e1ticas abordadas.<\/p>\n<p>La apertura estuvo a cargo del rector de la escuela, Fernando Quinodoz, y de la Defensora Marcia L\u00f3pez, quien inici\u00f3 la charla. \u201cNuestra instituci\u00f3n es promotora y defensora de derechos y todos los ciudadanos pueden acudir y solicitar informaci\u00f3n, asesoramiento y acompa\u00f1amiento\u201d, dijo la Defensora L\u00f3pez, al abrir el tema y tras aclarar que no se requiere la mayor\u00eda de edad para recurrir a la instituci\u00f3n.<\/p>\n<p><img loading=\"lazy\" class=\"alignnone wp-image-5934 \" src=\"http:\/\/defensoriaparana.com.ar\/wp-content\/uploads\/2025\/06\/MARCIA-recortada-900x1024.jpg\" alt=\"\" width=\"484\" height=\"551\" srcset=\"https:\/\/defensoriaparana.com.ar\/wp-content\/uploads\/2025\/06\/MARCIA-recortada-900x1024.jpg 900w, https:\/\/defensoriaparana.com.ar\/wp-content\/uploads\/2025\/06\/MARCIA-recortada-264x300.jpg 264w, https:\/\/defensoriaparana.com.ar\/wp-content\/uploads\/2025\/06\/MARCIA-recortada-768x874.jpg 768w, https:\/\/defensoriaparana.com.ar\/wp-content\/uploads\/2025\/06\/MARCIA-recortada.jpg 929w\" sizes=\"(max-width: 484px) 100vw, 484px\" \/><\/p>\n<p>Luego, Irina Chausovsky se refiri\u00f3 a las relaciones interpersonales, a la subjetividad y percepci\u00f3n de cada persona, al conflicto y al papel de la mediaci\u00f3n como herramienta de escucha, comunicaci\u00f3n y comprensi\u00f3n mutua de los problemas. El desarrollo del tema incluy\u00f3 la participaci\u00f3n activa de los estudiantes, quienes ejemplificaban la teor\u00eda con experiencias cotidianas propias y de sus familias.<\/p>\n<p><img loading=\"lazy\" class=\"alignnone wp-image-5936 \" src=\"http:\/\/defensoriaparana.com.ar\/wp-content\/uploads\/2025\/06\/estudiantes-recortados-1024x832.jpg\" alt=\"\" width=\"483\" height=\"392\" srcset=\"https:\/\/defensoriaparana.com.ar\/wp-content\/uploads\/2025\/06\/estudiantes-recortados-1024x832.jpg 1024w, https:\/\/defensoriaparana.com.ar\/wp-content\/uploads\/2025\/06\/estudiantes-recortados-300x244.jpg 300w, https:\/\/defensoriaparana.com.ar\/wp-content\/uploads\/2025\/06\/estudiantes-recortados-768x624.jpg 768w, https:\/\/defensoriaparana.com.ar\/wp-content\/uploads\/2025\/06\/estudiantes-recortados-1536x1247.jpg 1536w, https:\/\/defensoriaparana.com.ar\/wp-content\/uploads\/2025\/06\/estudiantes-recortados-2048x1663.jpg 2048w\" sizes=\"(max-width: 483px) 100vw, 483px\" \/><img loading=\"lazy\" class=\"alignnone wp-image-5931 \" src=\"http:\/\/defensoriaparana.com.ar\/wp-content\/uploads\/2025\/06\/IRINA-768x1024.jpg\" alt=\"\" width=\"293\" height=\"390\" srcset=\"https:\/\/defensoriaparana.com.ar\/wp-content\/uploads\/2025\/06\/IRINA-768x1024.jpg 768w, https:\/\/defensoriaparana.com.ar\/wp-content\/uploads\/2025\/06\/IRINA-225x300.jpg 225w, https:\/\/defensoriaparana.com.ar\/wp-content\/uploads\/2025\/06\/IRINA-1152x1536.jpg 1152w, https:\/\/defensoriaparana.com.ar\/wp-content\/uploads\/2025\/06\/IRINA-1536x2048.jpg 1536w, https:\/\/defensoriaparana.com.ar\/wp-content\/uploads\/2025\/06\/IRINA-scaled.jpg 1920w\" sizes=\"(max-width: 293px) 100vw, 293px\" \/><\/p>\n<p>A su turno, Cecilia Pautaso agreg\u00f3 que la instituci\u00f3n cuenta tambi\u00e9n con una Defensor\u00eda de los Derechos de las Personas Mayores y explic\u00f3 los alcances del \u00e1rea, as\u00ed como tambi\u00e9n se refiri\u00f3 a algunos de los temas que se abordan, como cuestiones relacionadas al derecho a la salud.<\/p>\n<p><img loading=\"lazy\" class=\"alignnone wp-image-5932 \" src=\"http:\/\/defensoriaparana.com.ar\/wp-content\/uploads\/2025\/06\/imagen-Cecilia.jpg\" alt=\"\" width=\"336\" height=\"446\" srcset=\"https:\/\/defensoriaparana.com.ar\/wp-content\/uploads\/2025\/06\/imagen-Cecilia.jpg 705w, https:\/\/defensoriaparana.com.ar\/wp-content\/uploads\/2025\/06\/imagen-Cecilia-226x300.jpg 226w\" sizes=\"(max-width: 336px) 100vw, 336px\" \/><\/p>\n<p>En los pr\u00f3ximos d\u00edas se continuar\u00e1 con el ciclo de charlas destinadas a estudiantes y tambi\u00e9n a vecinos. Los interesados en que se repliquen estas charlas en sus \u00e1mbitos pueden dirigirse personalmente a la sede de la Defensor\u00eda del Pueblo de Paran\u00e1, en calle Yrigoyen 236, de 7.30 a 13. Por tel\u00e9fono, pueden comunicarse al 4202322 y 08007771112, por \u00a0mensajes de texto y WhatsApp al 343 5346616 o por mail a defensoriaparana@gmail.com.<\/p>\n<p><img loading=\"lazy\" class=\"alignnone wp-image-5925 size-large\" src=\"http:\/\/defensoriaparana.com.ar\/wp-content\/uploads\/2025\/06\/WhatsApp-Image-2025-06-26-at-14.32.49-1024x461.jpeg\" alt=\"\" width=\"960\" height=\"432\" srcset=\"https:\/\/defensoriaparana.com.ar\/wp-content\/uploads\/2025\/06\/WhatsApp-Image-2025-06-26-at-14.32.49-1024x461.jpeg 1024w, https:\/\/defensoriaparana.com.ar\/wp-content\/uploads\/2025\/06\/WhatsApp-Image-2025-06-26-at-14.32.49-300x135.jpeg 300w, https:\/\/defensoriaparana.com.ar\/wp-content\/uploads\/2025\/06\/WhatsApp-Image-2025-06-26-at-14.32.49-768x346.jpeg 768w, https:\/\/defensoriaparana.com.ar\/wp-content\/uploads\/2025\/06\/WhatsApp-Image-2025-06-26-at-14.32.49-1536x691.jpeg 1536w, https:\/\/defensoriaparana.com.ar\/wp-content\/uploads\/2025\/06\/WhatsApp-Image-2025-06-26-at-14.32.49.jpeg 1600w\" sizes=\"(max-width: 960px) 100vw, 960px\" \/><\/p>\n","protected":false},"excerpt":{"rendered":"<p>Este jueves comenz\u00f3 un ciclo de charlas, organizado por la Defensor\u00eda del Pueblo de Paran\u00e1 en el marco de su 22 aniversario. El inicio fue en la Escuela N\u00b0 50 Rep\u00fablica de Entre R\u00edos y estuvo destinado a estudiantes del 6to. a\u00f1o de la instituci\u00f3n. La propuesta, que cont\u00f3 con la participaci\u00f3n de las Defensoras [&hellip;]<\/p>\n","protected":false},"author":2,"featured_media":5942,"comment_status":"open","ping_status":"open","sticky":false,"template":"","format":"standard","meta":{"om_disable_all_campaigns":false,"_monsterinsights_skip_tracking":false,"_monsterinsights_sitenote_active":false,"_monsterinsights_sitenote_note":"","_monsterinsights_sitenote_category":0},"categories":[1],"tags":[],"_links":{"self":[{"href":"https:\/\/defensoriaparana.com.ar\/index.php\/wp-json\/wp\/v2\/posts\/5921"}],"collection":[{"href":"https:\/\/defensoriaparana.com.ar\/index.php\/wp-json\/wp\/v2\/posts"}],"about":[{"href":"https:\/\/defensoriaparana.com.ar\/index.php\/wp-json\/wp\/v2\/types\/post"}],"author":[{"embeddable":true,"href":"https:\/\/defensoriaparana.com.ar\/index.php\/wp-json\/wp\/v2\/users\/2"}],"replies":[{"embeddable":true,"href":"https:\/\/defensoriaparana.com.ar\/index.php\/wp-json\/wp\/v2\/comments?post=5921"}],"version-history":[{"count":5,"href":"https:\/\/defensoriaparana.com.ar\/index.php\/wp-json\/wp\/v2\/posts\/5921\/revisions"}],"predecessor-version":[{"id":5943,"href":"https:\/\/defensoriaparana.com.ar\/index.php\/wp-json\/wp\/v2\/posts\/5921\/revisions\/5943"}],"wp:featuredmedia":[{"embeddable":true,"href":"https:\/\/defensoriaparana.com.ar\/index.php\/wp-json\/wp\/v2\/media\/5942"}],"wp:attachment":[{"href":"https:\/\/defensoriaparana.com.ar\/index.php\/wp-json\/wp\/v2\/media?parent=5921"}],"wp:term":[{"taxonomy":"category","embeddable":true,"href":"https:\/\/defensoriaparana.com.ar\/index.php\/wp-json\/wp\/v2\/categories?post=5921"},{"taxonomy":"post_tag","embeddable":true,"href":"https:\/\/defensoriaparana.com.ar\/index.php\/wp-json\/wp\/v2\/tags?post=5921"}],"curies":[{"name":"wp","href":"https:\/\/api.w.org\/{rel}","templated":true}]}}