{"id":5944,"date":"2025-06-27T15:20:23","date_gmt":"2025-06-27T15:20:23","guid":{"rendered":"https:\/\/defensoriaparana.com.ar\/?p=5944"},"modified":"2025-06-27T15:20:23","modified_gmt":"2025-06-27T15:20:23","slug":"se-reunio-en-la-defensoria-del-pueblo-la-mesa-de-integracion-socioeconomica-de-migrantes-y-refugiados-que-llegan-a-parana","status":"publish","type":"post","link":"https:\/\/defensoriaparana.com.ar\/index.php\/2025\/06\/27\/se-reunio-en-la-defensoria-del-pueblo-la-mesa-de-integracion-socioeconomica-de-migrantes-y-refugiados-que-llegan-a-parana\/","title":{"rendered":"Se reuni\u00f3 en la Defensor\u00eda del Pueblo la Mesa de Integraci\u00f3n Socioecon\u00f3mica de Migrantes y Refugiados que llegan a Paran\u00e1"},"content":{"rendered":"<p>Con el fin de avanzar en una agenda tendiente a reforzar el v\u00ednculo y la informaci\u00f3n con las personas migrantes y refugiadas que llegan a la ciudad, se realiz\u00f3 una nueva reuni\u00f3n del \u00e1mbito que viene trabajando en el tema y del que participan las Defensoras del Pueblo, Marcia L\u00f3pez y Cecilia Pautaso (Adjunta).<\/p>\n<p>Se trata de la Mesa de Coordinaci\u00f3n para la Integraci\u00f3n Socioecon\u00f3mica de Personas Migrantes y Refugiadas del Municipio de Paran\u00e1, conformada por \u00e1reas gubernamentales, instituciones, organizaciones de la sociedad civil dedicadas a la migraci\u00f3n laboral, grupos representativos de migrantes y referentes de OIT, OIM y ACNUR, entre otros.<\/p>\n<p><img loading=\"lazy\" class=\"alignnone wp-image-5945 size-full\" src=\"http:\/\/defensoriaparana.com.ar\/wp-content\/uploads\/2025\/06\/WhatsApp-Image-2025-06-27-at-12.15.25.jpeg\" alt=\"\" width=\"555\" height=\"559\" srcset=\"https:\/\/defensoriaparana.com.ar\/wp-content\/uploads\/2025\/06\/WhatsApp-Image-2025-06-27-at-12.15.25.jpeg 555w, https:\/\/defensoriaparana.com.ar\/wp-content\/uploads\/2025\/06\/WhatsApp-Image-2025-06-27-at-12.15.25-298x300.jpeg 298w, https:\/\/defensoriaparana.com.ar\/wp-content\/uploads\/2025\/06\/WhatsApp-Image-2025-06-27-at-12.15.25-150x150.jpeg 150w\" sizes=\"(max-width: 555px) 100vw, 555px\" \/><\/p>\n<p>La Defensor\u00eda del Pueblo fue sede de la reuni\u00f3n concretada este jueves, en la que se convers\u00f3 sobre la concreci\u00f3n de un registro de migrantes en Paran\u00e1, con el fin de contar con informaci\u00f3n sobre la situaci\u00f3n socioecon\u00f3mica de las personas y as\u00ed poder delinear pol\u00edticas p\u00fablicas que atiendan sus necesidades y resguarden sus derechos. Asimismo, se plantea la realizaci\u00f3n de instancias de capacitaci\u00f3n destinadas a \u00e1reas p\u00fablicas, con el objetivo de que pueden brindar informaci\u00f3n y orientaci\u00f3n, y para las personas migrantes espec\u00edficamente, sobre c\u00f3mo realizar la tramitaci\u00f3n de la ciudadan\u00eda y dem\u00e1s documentaci\u00f3n requerida y otras demandas propias de la situaci\u00f3n.<\/p>\n<p>La Mesa se inici\u00f3 el a\u00f1o pasado y vienen participando \u00e1reas de g\u00e9nero y diversidad, la Facultad de la Salud, personas migrantes, la Direcci\u00f3n Municipal de Colectividades, entre otros. Uno de los objetivos del espacio consiste en acercar a las personas migrantes la informaci\u00f3n sobre servicios de orientaci\u00f3n laboral, formaci\u00f3n profesional, derechos laborales y sindicales, educativos, pol\u00edticos y de sanidad, entre otros, desde una perspectiva de derechos, g\u00e9nero e interculturalidad.<\/p>\n<p>Fueron parte de la \u00faltima reuni\u00f3n representantes de Universidad Aut\u00f3noma de Entre R\u00edos (Uader), Secretar\u00eda de Derechos Humanos de la Naci\u00f3n, Direcci\u00f3n de Empleo y Trabajo Municipal y Direcci\u00f3n General de Colectividades.<\/p>\n","protected":false},"excerpt":{"rendered":"<p>Con el fin de avanzar en una agenda tendiente a reforzar el v\u00ednculo y la informaci\u00f3n con las personas migrantes y refugiadas que llegan a la ciudad, se realiz\u00f3 una nueva reuni\u00f3n del \u00e1mbito que viene trabajando en el tema y del que participan las Defensoras del Pueblo, Marcia L\u00f3pez y Cecilia Pautaso (Adjunta). Se [&hellip;]<\/p>\n","protected":false},"author":2,"featured_media":5946,"comment_status":"open","ping_status":"open","sticky":false,"template":"","format":"standard","meta":{"om_disable_all_campaigns":false,"_monsterinsights_skip_tracking":false,"_monsterinsights_sitenote_active":false,"_monsterinsights_sitenote_note":"","_monsterinsights_sitenote_category":0},"categories":[1],"tags":[],"_links":{"self":[{"href":"https:\/\/defensoriaparana.com.ar\/index.php\/wp-json\/wp\/v2\/posts\/5944"}],"collection":[{"href":"https:\/\/defensoriaparana.com.ar\/index.php\/wp-json\/wp\/v2\/posts"}],"about":[{"href":"https:\/\/defensoriaparana.com.ar\/index.php\/wp-json\/wp\/v2\/types\/post"}],"author":[{"embeddable":true,"href":"https:\/\/defensoriaparana.com.ar\/index.php\/wp-json\/wp\/v2\/users\/2"}],"replies":[{"embeddable":true,"href":"https:\/\/defensoriaparana.com.ar\/index.php\/wp-json\/wp\/v2\/comments?post=5944"}],"version-history":[{"count":1,"href":"https:\/\/defensoriaparana.com.ar\/index.php\/wp-json\/wp\/v2\/posts\/5944\/revisions"}],"predecessor-version":[{"id":5948,"href":"https:\/\/defensoriaparana.com.ar\/index.php\/wp-json\/wp\/v2\/posts\/5944\/revisions\/5948"}],"wp:featuredmedia":[{"embeddable":true,"href":"https:\/\/defensoriaparana.com.ar\/index.php\/wp-json\/wp\/v2\/media\/5946"}],"wp:attachment":[{"href":"https:\/\/defensoriaparana.com.ar\/index.php\/wp-json\/wp\/v2\/media?parent=5944"}],"wp:term":[{"taxonomy":"category","embeddable":true,"href":"https:\/\/defensoriaparana.com.ar\/index.php\/wp-json\/wp\/v2\/categories?post=5944"},{"taxonomy":"post_tag","embeddable":true,"href":"https:\/\/defensoriaparana.com.ar\/index.php\/wp-json\/wp\/v2\/tags?post=5944"}],"curies":[{"name":"wp","href":"https:\/\/api.w.org\/{rel}","templated":true}]}}