{"id":5949,"date":"2025-06-28T15:29:30","date_gmt":"2025-06-28T15:29:30","guid":{"rendered":"https:\/\/defensoriaparana.com.ar\/?p=5949"},"modified":"2025-06-28T15:29:30","modified_gmt":"2025-06-28T15:29:30","slug":"los-derechos-de-las-personas-mayores-en-la-secundaria-y-una-experiencia-innovadora","status":"publish","type":"post","link":"https:\/\/defensoriaparana.com.ar\/index.php\/2025\/06\/28\/los-derechos-de-las-personas-mayores-en-la-secundaria-y-una-experiencia-innovadora\/","title":{"rendered":"Los derechos de las personas mayores en la secundaria y una experiencia innovadora"},"content":{"rendered":"<p>La Defensora de los Derechos de las Personas Mayores, Ligia Blanco, particip\u00f3 especialmente invitada del cierre de una experiencia realizada en una escuela del nivel medio de Paran\u00e1 que tuvo como protagonistas a estudiantes de 5to. a\u00f1o y un grupo de personas mayores.<\/p>\n<p>La propuesta fue desarrollada por integrantes de la Asociaci\u00f3n El Recreo, en el marco del programa \u201cNo hay edad para transformar la realidad\u201d, de la Fundaci\u00f3n Navarro Viola, en conjunto con los estudiantes de la materia Pr\u00e1cticas Comunicacionales 1, de la Escuela Cristo Redentor. \u201cEl objetivo fue poder conversar, desde las distintas perspectivas, sobre los derechos de las personas mayores\u201d, inform\u00f3 Nelsa Tulli, referente de El Recreo.<\/p>\n<p>Este jueves se realiz\u00f3 un encuentro de cierre en la sede de la asociaci\u00f3n, en calle Alem 354, con la presencia de los alumnos, profesores y p\u00fablico en general. Hubo una magn\u00edfica actuaci\u00f3n del coro de la instituci\u00f3n, que gener\u00f3 sorpresa y elogios de los chicos, y luego el curso realiz\u00f3 la presentaci\u00f3n del trabajo realizado, reflejado en la publicaci\u00f3n de un cuento basado en derechos, y de las experiencias de cada uno.<\/p>\n<p><img loading=\"lazy\" class=\"alignnone wp-image-5951 size-large\" src=\"http:\/\/defensoriaparana.com.ar\/wp-content\/uploads\/2025\/06\/Ligia-general-1024x576.jpg\" alt=\"\" width=\"960\" height=\"540\" srcset=\"https:\/\/defensoriaparana.com.ar\/wp-content\/uploads\/2025\/06\/Ligia-general-1024x576.jpg 1024w, https:\/\/defensoriaparana.com.ar\/wp-content\/uploads\/2025\/06\/Ligia-general-300x169.jpg 300w, https:\/\/defensoriaparana.com.ar\/wp-content\/uploads\/2025\/06\/Ligia-general-768x432.jpg 768w, https:\/\/defensoriaparana.com.ar\/wp-content\/uploads\/2025\/06\/Ligia-general.jpg 1280w\" sizes=\"(max-width: 960px) 100vw, 960px\" \/><\/p>\n<p>\u201cLa posibilidad de que personas mayores y adolescente puedan conversar en el \u00e1mbito de la escuela sobre sus realidades, la informaci\u00f3n que tienen y los que les pasa es excelente, una propuesta superadora que deber\u00eda repetirse, mantenerse\u201d, dijo Ligia Blanco, quien valor\u00f3 que estudiantes hayan expresado que antes de la experiencia hab\u00eda aspectos referidos a la vejez que no los consideraban y que a partir de ahora tienen otro sentido.<\/p>\n<p>La Defensora inform\u00f3 sobre el \u00e1rea a su cargo, que funciona en el \u00e1mbito de la Defensor\u00eda del Pueblo de Paran\u00e1, e invit\u00f3 a los estudiantes y a sus familias a acercarse a la instituci\u00f3n ante cualquier duda o reclamo.<\/p>\n<p><img loading=\"lazy\" class=\"alignright wp-image-5952 size-full\" src=\"http:\/\/defensoriaparana.com.ar\/wp-content\/uploads\/2025\/06\/Ligia-todo.jpg\" alt=\"\" width=\"555\" height=\"757\" srcset=\"https:\/\/defensoriaparana.com.ar\/wp-content\/uploads\/2025\/06\/Ligia-todo.jpg 555w, https:\/\/defensoriaparana.com.ar\/wp-content\/uploads\/2025\/06\/Ligia-todo-220x300.jpg 220w\" sizes=\"(max-width: 555px) 100vw, 555px\" \/><\/p>\n<p>\u201cEsta fue una hermosa experiencia. Fue volver a la escuela secundaria para charlar con los adolescentes sobre los derechos que tenemos nosotros, las personas mayores. Es nuestra primera experiencia. Estamos muy contentos\u201d, afirm\u00f3, por \u00faltimo, Tulli.<\/p>\n","protected":false},"excerpt":{"rendered":"<p>La Defensora de los Derechos de las Personas Mayores, Ligia Blanco, particip\u00f3 especialmente invitada del cierre de una experiencia realizada en una escuela del nivel medio de Paran\u00e1 que tuvo como protagonistas a estudiantes de 5to. a\u00f1o y un grupo de personas mayores. La propuesta fue desarrollada por integrantes de la Asociaci\u00f3n El Recreo, en [&hellip;]<\/p>\n","protected":false},"author":2,"featured_media":5950,"comment_status":"open","ping_status":"open","sticky":false,"template":"","format":"standard","meta":{"om_disable_all_campaigns":false,"_monsterinsights_skip_tracking":false,"_monsterinsights_sitenote_active":false,"_monsterinsights_sitenote_note":"","_monsterinsights_sitenote_category":0},"categories":[1],"tags":[],"_links":{"self":[{"href":"https:\/\/defensoriaparana.com.ar\/index.php\/wp-json\/wp\/v2\/posts\/5949"}],"collection":[{"href":"https:\/\/defensoriaparana.com.ar\/index.php\/wp-json\/wp\/v2\/posts"}],"about":[{"href":"https:\/\/defensoriaparana.com.ar\/index.php\/wp-json\/wp\/v2\/types\/post"}],"author":[{"embeddable":true,"href":"https:\/\/defensoriaparana.com.ar\/index.php\/wp-json\/wp\/v2\/users\/2"}],"replies":[{"embeddable":true,"href":"https:\/\/defensoriaparana.com.ar\/index.php\/wp-json\/wp\/v2\/comments?post=5949"}],"version-history":[{"count":1,"href":"https:\/\/defensoriaparana.com.ar\/index.php\/wp-json\/wp\/v2\/posts\/5949\/revisions"}],"predecessor-version":[{"id":5953,"href":"https:\/\/defensoriaparana.com.ar\/index.php\/wp-json\/wp\/v2\/posts\/5949\/revisions\/5953"}],"wp:featuredmedia":[{"embeddable":true,"href":"https:\/\/defensoriaparana.com.ar\/index.php\/wp-json\/wp\/v2\/media\/5950"}],"wp:attachment":[{"href":"https:\/\/defensoriaparana.com.ar\/index.php\/wp-json\/wp\/v2\/media?parent=5949"}],"wp:term":[{"taxonomy":"category","embeddable":true,"href":"https:\/\/defensoriaparana.com.ar\/index.php\/wp-json\/wp\/v2\/categories?post=5949"},{"taxonomy":"post_tag","embeddable":true,"href":"https:\/\/defensoriaparana.com.ar\/index.php\/wp-json\/wp\/v2\/tags?post=5949"}],"curies":[{"name":"wp","href":"https:\/\/api.w.org\/{rel}","templated":true}]}}