{"id":5954,"date":"2025-07-01T14:36:26","date_gmt":"2025-07-01T14:36:26","guid":{"rendered":"https:\/\/defensoriaparana.com.ar\/?p=5954"},"modified":"2025-07-01T19:35:10","modified_gmt":"2025-07-01T19:35:10","slug":"pensiones-no-contributivas-preocupacion-por-falta-de-informacion-clara-sobre-citaciones-de-andis-a-titulares","status":"publish","type":"post","link":"https:\/\/defensoriaparana.com.ar\/index.php\/2025\/07\/01\/pensiones-no-contributivas-preocupacion-por-falta-de-informacion-clara-sobre-citaciones-de-andis-a-titulares\/","title":{"rendered":"Pensiones No Contributivas: Preocupaci\u00f3n por falta de informaci\u00f3n clara sobre citaciones de Andis a titulares\u00a0\u00a0"},"content":{"rendered":"<p>Se realiz\u00f3 una reuni\u00f3n en la Defensor\u00eda del Pueblo de Paran\u00e1 ante la confusi\u00f3n generalizada en torno de las citaciones a beneficiarios de Pensiones No contributivas (PNC), en el marco de auditor\u00edas iniciadas por la Agencia Nacional de Discapacidad (Andis).<\/p>\n<p>La situaci\u00f3n se genera, al menos, a partir de dos situaciones: la llegada de una carta documento, enviada por Andis, a trav\u00e9s de la cual se cita a cada beneficiario, con d\u00eda y horario fijado, pero \u2013en casos- con un domicilio donde no funciona ning\u00fan centro de atenci\u00f3n, se trata de un edificio deshabitado o con otro uso. La otra situaci\u00f3n es la de aquellos beneficiarios que no han recibido la notificaci\u00f3n. En este grupo, se mencionan a quienes no tienen un domicilio fijo como, por ejemplo, las personas en situaci\u00f3n de calle.<\/p>\n<p><img loading=\"lazy\" class=\"alignnone wp-image-5958 size-large\" src=\"http:\/\/defensoriaparana.com.ar\/wp-content\/uploads\/2025\/06\/Pnc1-1024x461.jpg\" alt=\"\" width=\"960\" height=\"432\" srcset=\"https:\/\/defensoriaparana.com.ar\/wp-content\/uploads\/2025\/06\/Pnc1-1024x461.jpg 1024w, https:\/\/defensoriaparana.com.ar\/wp-content\/uploads\/2025\/06\/Pnc1-300x135.jpg 300w, https:\/\/defensoriaparana.com.ar\/wp-content\/uploads\/2025\/06\/Pnc1-768x346.jpg 768w, https:\/\/defensoriaparana.com.ar\/wp-content\/uploads\/2025\/06\/Pnc1.jpg 1280w\" sizes=\"(max-width: 960px) 100vw, 960px\" \/><\/p>\n<p>\u201cLa situaci\u00f3n es muy preocupante porque afecta a personas en extrema vulnerabilidad, no s\u00f3lo de Paran\u00e1 sino de otros puntos de la provincia, y estamos analizando con distintas organizaciones los pasos a seguir con el fin de poder proteger sus derechos\u201d, dijo la Defensora del Pueblo, Marcia L\u00f3pez, quien junto a la Delegada de la Oficina de la Defensor\u00eda del Pueblo de la Naci\u00f3n en Entre R\u00edos, Nazarena Rau, mantuvo un encuentro con Mar\u00eda Sol Boeykens y Delfina Recalde, asesora legal y trabajadora social \u2013respectivamente- del Hospital Escuela de Salud Mental; Sandra Salinas, referente de ongs en el Consejo Federal de Discapacidad, y Mart\u00edn Cabrera, secretario ejecutivo del \u00d3rgano de Salud Mental del Ministerio P\u00fablico de la Defensa de Entre R\u00edos.<\/p>\n<p>Tras analizar la situaci\u00f3n y distintos casos, los participantes pusieron \u00e9nfasis en la necesidad de que los titulares de las pensiones no dejen de acudir al domicilio indicado en la citaci\u00f3n, en el d\u00eda y horario de la convocatoria. Tambi\u00e9n, se remarc\u00f3 que se deben seguir las disposiciones se\u00f1aladas por Andis en relaci\u00f3n a c\u00f3mo comunicarse y dem\u00e1s requisitos solicitados. Por \u00faltimo, se convino continuar reuniendo informaci\u00f3n con el fin de poder resguardar los derechos de las personas que necesitan la cobertura de la PNC.<\/p>\n<p>&nbsp;<\/p>\n","protected":false},"excerpt":{"rendered":"<p>Se realiz\u00f3 una reuni\u00f3n en la Defensor\u00eda del Pueblo de Paran\u00e1 ante la confusi\u00f3n generalizada en torno de las citaciones a beneficiarios de Pensiones No contributivas (PNC), en el marco de auditor\u00edas iniciadas por la Agencia Nacional de Discapacidad (Andis). La situaci\u00f3n se genera, al menos, a partir de dos situaciones: la llegada de una [&hellip;]<\/p>\n","protected":false},"author":2,"featured_media":5961,"comment_status":"open","ping_status":"open","sticky":false,"template":"","format":"standard","meta":{"om_disable_all_campaigns":false,"_monsterinsights_skip_tracking":false,"_monsterinsights_sitenote_active":false,"_monsterinsights_sitenote_note":"","_monsterinsights_sitenote_category":0},"categories":[1],"tags":[],"_links":{"self":[{"href":"https:\/\/defensoriaparana.com.ar\/index.php\/wp-json\/wp\/v2\/posts\/5954"}],"collection":[{"href":"https:\/\/defensoriaparana.com.ar\/index.php\/wp-json\/wp\/v2\/posts"}],"about":[{"href":"https:\/\/defensoriaparana.com.ar\/index.php\/wp-json\/wp\/v2\/types\/post"}],"author":[{"embeddable":true,"href":"https:\/\/defensoriaparana.com.ar\/index.php\/wp-json\/wp\/v2\/users\/2"}],"replies":[{"embeddable":true,"href":"https:\/\/defensoriaparana.com.ar\/index.php\/wp-json\/wp\/v2\/comments?post=5954"}],"version-history":[{"count":3,"href":"https:\/\/defensoriaparana.com.ar\/index.php\/wp-json\/wp\/v2\/posts\/5954\/revisions"}],"predecessor-version":[{"id":5963,"href":"https:\/\/defensoriaparana.com.ar\/index.php\/wp-json\/wp\/v2\/posts\/5954\/revisions\/5963"}],"wp:featuredmedia":[{"embeddable":true,"href":"https:\/\/defensoriaparana.com.ar\/index.php\/wp-json\/wp\/v2\/media\/5961"}],"wp:attachment":[{"href":"https:\/\/defensoriaparana.com.ar\/index.php\/wp-json\/wp\/v2\/media?parent=5954"}],"wp:term":[{"taxonomy":"category","embeddable":true,"href":"https:\/\/defensoriaparana.com.ar\/index.php\/wp-json\/wp\/v2\/categories?post=5954"},{"taxonomy":"post_tag","embeddable":true,"href":"https:\/\/defensoriaparana.com.ar\/index.php\/wp-json\/wp\/v2\/tags?post=5954"}],"curies":[{"name":"wp","href":"https:\/\/api.w.org\/{rel}","templated":true}]}}