{"id":5965,"date":"2025-07-03T21:48:11","date_gmt":"2025-07-03T21:48:11","guid":{"rendered":"https:\/\/defensoriaparana.com.ar\/?p=5965"},"modified":"2025-07-03T21:48:11","modified_gmt":"2025-07-03T21:48:11","slug":"la-defensora-de-los-derechos-de-las-personas-mayores-se-reunio-con-concejales-para-interiorizarlos-sobre-el-trabajo-del-area","status":"publish","type":"post","link":"https:\/\/defensoriaparana.com.ar\/index.php\/2025\/07\/03\/la-defensora-de-los-derechos-de-las-personas-mayores-se-reunio-con-concejales-para-interiorizarlos-sobre-el-trabajo-del-area\/","title":{"rendered":"La Defensora de los Derechos de las Personas Mayores se reuni\u00f3 con concejales para interiorizarlos sobre el trabajo del \u00e1rea"},"content":{"rendered":"<p>Ligia Blanco, titular del \u00e1rea que se ocupa de la protecci\u00f3n de los derechos de las personas mayores en el \u00e1mbito de la Defensor\u00eda del Pueblo de Paran\u00e1, mantuvo reuniones con concejales de la ciudad.<\/p>\n<p>El objetivo fue interiorizar a los ediles, integrantes de la Mesa de Enlace entre el Concejo y la Defensor\u00eda, del trabajo que se viene realizando en dos \u00e1mbitos que dependen del \u00e1rea de Blanco: la Mesa de Pol\u00edticas P\u00fablicas para Personas Mayores, espacio instituido por la ordenanza N\u00ba 9389, y el Consejo de Personas Mayores de Paran\u00e1, creado por la ordenanza 10.023.<\/p>\n<p><img loading=\"lazy\" class=\"alignnone wp-image-5970 size-large\" src=\"http:\/\/defensoriaparana.com.ar\/wp-content\/uploads\/2025\/07\/WhatsApp-Image-2025-07-03-at-18.44.35-1024x461.jpeg\" alt=\"\" width=\"960\" height=\"432\" srcset=\"https:\/\/defensoriaparana.com.ar\/wp-content\/uploads\/2025\/07\/WhatsApp-Image-2025-07-03-at-18.44.35-1024x461.jpeg 1024w, https:\/\/defensoriaparana.com.ar\/wp-content\/uploads\/2025\/07\/WhatsApp-Image-2025-07-03-at-18.44.35-300x135.jpeg 300w, https:\/\/defensoriaparana.com.ar\/wp-content\/uploads\/2025\/07\/WhatsApp-Image-2025-07-03-at-18.44.35-768x346.jpeg 768w, https:\/\/defensoriaparana.com.ar\/wp-content\/uploads\/2025\/07\/WhatsApp-Image-2025-07-03-at-18.44.35-1536x691.jpeg 1536w, https:\/\/defensoriaparana.com.ar\/wp-content\/uploads\/2025\/07\/WhatsApp-Image-2025-07-03-at-18.44.35.jpeg 1600w\" sizes=\"(max-width: 960px) 100vw, 960px\" \/><\/p>\n<p>En ambos, se analizan problem\u00e1ticas y propuestas con la participaci\u00f3n de los propios protagonistas, integrantes de organizaciones e instituciones que representan a personas mayores, y de distintas \u00e1reas del Estado provincial y municipal. Los espacios contemplan la participaci\u00f3n de representantes de la Legislatura local.<\/p>\n<p>Este mi\u00e9rcoles, visitaron la Defensor\u00eda el concejal y ex Defensor del Pueblo de Paran\u00e1, Pablo Donad\u00edo, junto a la edil Rosana Toso. Recorrieron las instalaciones y mantuvieron un encuentro con Blanco, quien les detall\u00f3 los temas surgidos en la Mesa y en el Consejo.<br \/>\nCon el mismo objetivo, la Defensora se reuni\u00f3 este jueves con el concejal M\u00e1ximo Miguez y dialogaron en base a los temas prioritarios surgidos en ambos \u00e1mbitos.<\/p>\n<p><img loading=\"lazy\" class=\"alignnone wp-image-5971 size-large\" src=\"http:\/\/defensoriaparana.com.ar\/wp-content\/uploads\/2025\/07\/WhatsApp-Image-2025-07-03-at-18.43.47-1024x461.jpeg\" alt=\"\" width=\"960\" height=\"432\" srcset=\"https:\/\/defensoriaparana.com.ar\/wp-content\/uploads\/2025\/07\/WhatsApp-Image-2025-07-03-at-18.43.47-1024x461.jpeg 1024w, https:\/\/defensoriaparana.com.ar\/wp-content\/uploads\/2025\/07\/WhatsApp-Image-2025-07-03-at-18.43.47-300x135.jpeg 300w, https:\/\/defensoriaparana.com.ar\/wp-content\/uploads\/2025\/07\/WhatsApp-Image-2025-07-03-at-18.43.47-768x346.jpeg 768w, https:\/\/defensoriaparana.com.ar\/wp-content\/uploads\/2025\/07\/WhatsApp-Image-2025-07-03-at-18.43.47-1536x691.jpeg 1536w, https:\/\/defensoriaparana.com.ar\/wp-content\/uploads\/2025\/07\/WhatsApp-Image-2025-07-03-at-18.43.47.jpeg 1600w\" sizes=\"(max-width: 960px) 100vw, 960px\" \/><\/p>\n<p>\u270d\ufe0fA continuaci\u00f3n, se mencionan algunos plantes:<\/p>\n<p>\u25aa\ufe0fMal estado de las veredas<br \/>\n\u25aa\ufe0fFuncionamiento deficiente del servicio de colectivos<br \/>\n\u25aa\ufe0fFalta de se\u00f1alizaci\u00f3n de estacionamientos de prioridad para las personas mayores en la zona de Costanera<br \/>\n\u25aa\ufe0fTiempo exiguo en los sem\u00e1foros peatonales de la ciudad<br \/>\n\u25aa\ufe0fAnalizar c\u00f3mo optimizar la atenci\u00f3n en \u00e1reas municipales de servicios, en vista de garantizar los derechos de las personas mayores.<br \/>\n\u25aa\ufe0fColectivo: se solicita la inclusi\u00f3n de un \u201cescal\u00f3n m\u00f3vil\u201d y prioridad en los primeros asientos. Preocupaci\u00f3n por el estado y servicio de otros transportes p\u00fablicos (taxis, remises y Uber)<br \/>\n\u25aa\ufe0fContar con atenci\u00f3n a cargo de personas en las oficinas de servicio y entidades bancarias.<\/p>\n","protected":false},"excerpt":{"rendered":"<p>Ligia Blanco, titular del \u00e1rea que se ocupa de la protecci\u00f3n de los derechos de las personas mayores en el \u00e1mbito de la Defensor\u00eda del Pueblo de Paran\u00e1, mantuvo reuniones con concejales de la ciudad. El objetivo fue interiorizar a los ediles, integrantes de la Mesa de Enlace entre el Concejo y la Defensor\u00eda, del [&hellip;]<\/p>\n","protected":false},"author":2,"featured_media":5968,"comment_status":"open","ping_status":"open","sticky":false,"template":"","format":"standard","meta":{"om_disable_all_campaigns":false,"_monsterinsights_skip_tracking":false,"_monsterinsights_sitenote_active":false,"_monsterinsights_sitenote_note":"","_monsterinsights_sitenote_category":0},"categories":[1],"tags":[],"_links":{"self":[{"href":"https:\/\/defensoriaparana.com.ar\/index.php\/wp-json\/wp\/v2\/posts\/5965"}],"collection":[{"href":"https:\/\/defensoriaparana.com.ar\/index.php\/wp-json\/wp\/v2\/posts"}],"about":[{"href":"https:\/\/defensoriaparana.com.ar\/index.php\/wp-json\/wp\/v2\/types\/post"}],"author":[{"embeddable":true,"href":"https:\/\/defensoriaparana.com.ar\/index.php\/wp-json\/wp\/v2\/users\/2"}],"replies":[{"embeddable":true,"href":"https:\/\/defensoriaparana.com.ar\/index.php\/wp-json\/wp\/v2\/comments?post=5965"}],"version-history":[{"count":1,"href":"https:\/\/defensoriaparana.com.ar\/index.php\/wp-json\/wp\/v2\/posts\/5965\/revisions"}],"predecessor-version":[{"id":5973,"href":"https:\/\/defensoriaparana.com.ar\/index.php\/wp-json\/wp\/v2\/posts\/5965\/revisions\/5973"}],"wp:featuredmedia":[{"embeddable":true,"href":"https:\/\/defensoriaparana.com.ar\/index.php\/wp-json\/wp\/v2\/media\/5968"}],"wp:attachment":[{"href":"https:\/\/defensoriaparana.com.ar\/index.php\/wp-json\/wp\/v2\/media?parent=5965"}],"wp:term":[{"taxonomy":"category","embeddable":true,"href":"https:\/\/defensoriaparana.com.ar\/index.php\/wp-json\/wp\/v2\/categories?post=5965"},{"taxonomy":"post_tag","embeddable":true,"href":"https:\/\/defensoriaparana.com.ar\/index.php\/wp-json\/wp\/v2\/tags?post=5965"}],"curies":[{"name":"wp","href":"https:\/\/api.w.org\/{rel}","templated":true}]}}